{"id":961,"date":"2009-01-01T03:10:38","date_gmt":"2009-01-01T01:10:38","guid":{"rendered":"http:\/\/www.chavinandez.com\/blog\/?p=961"},"modified":"2009-01-05T19:56:59","modified_gmt":"2009-01-05T17:56:59","slug":"weekend-fotografico-en-los-monegros","status":"publish","type":"post","link":"https:\/\/www.chavinandez.com\/blog\/weekend-fotografico-en-los-monegros\/","title":{"rendered":"Weekend fotogr\u00e1fico en los Monegros"},"content":{"rendered":"<p>Dentro de unas semanas empieza la primera aventura del 2009, de la mano de <strong><a href=\"http:\/\/www.evadium.com\/contents\/escapadas?code=foto-monegros-20090123&amp;affiliate_code=CHND\">EVADIUM<\/a><\/strong>. La cita es del 23 al 25 de enero con un <strong><a href=\"http:\/\/www.evadium.com\/contents\/escapadas?code=foto-monegros-20090123&amp;affiliate_code=CHND\">fin de semana de excepci\u00f3n<\/a><\/strong> por los p\u00e1ramos, lagunas y la incre\u00edble sierra de los Monegros que espera nuestra visita. Alguno de los mejores secretos de la fotograf\u00eda de paisaje dejar\u00e1n de serlo all\u00ed.<\/p>\n<p>[youtube]http:\/\/www.youtube.com\/watch?v=APfDcghQ9UA[\/youtube]<\/p>\n","protected":false},"excerpt":{"rendered":"<p>Dentro de unas semanas empieza la primera aventura del 2009, de la mano de EVADIUM. La cita es del 23 al 25 de enero con un fin de semana de excepci\u00f3n por los p\u00e1ramos, lagunas y la incre\u00edble sierra de los Monegros que espera nuestra visita. Alguno de los mejores &#8230;<\/p>\n","protected":false},"author":1,"featured_media":0,"comment_status":"open","ping_status":"open","sticky":false,"template":"","format":"standard","meta":{"footnotes":""},"categories":[7,36,37,3],"tags":[38,40,112,63,100,59,149],"class_list":["post-961","post","type-post","status-publish","format-standard","hentry","category-experiencias","category-fotografia","category-talleres","category-videos","tag-escapadas","tag-evadium","tag-fotografia-de-paisajes","tag-fotografia-practica","tag-monegros","tag-talleres-de-fotografia","tag-talleres-de-fotografia-enero-2009","column","threecol"],"_links":{"self":[{"href":"https:\/\/www.chavinandez.com\/blog\/wp-json\/wp\/v2\/posts\/961","targetHints":{"allow":["GET"]}}],"collection":[{"href":"https:\/\/www.chavinandez.com\/blog\/wp-json\/wp\/v2\/posts"}],"about":[{"href":"https:\/\/www.chavinandez.com\/blog\/wp-json\/wp\/v2\/types\/post"}],"author":[{"embeddable":true,"href":"https:\/\/www.chavinandez.com\/blog\/wp-json\/wp\/v2\/users\/1"}],"replies":[{"embeddable":true,"href":"https:\/\/www.chavinandez.com\/blog\/wp-json\/wp\/v2\/comments?post=961"}],"version-history":[{"count":8,"href":"https:\/\/www.chavinandez.com\/blog\/wp-json\/wp\/v2\/posts\/961\/revisions"}],"predecessor-version":[{"id":964,"href":"https:\/\/www.chavinandez.com\/blog\/wp-json\/wp\/v2\/posts\/961\/revisions\/964"}],"wp:attachment":[{"href":"https:\/\/www.chavinandez.com\/blog\/wp-json\/wp\/v2\/media?parent=961"}],"wp:term":[{"taxonomy":"category","embeddable":true,"href":"https:\/\/www.chavinandez.com\/blog\/wp-json\/wp\/v2\/categories?post=961"},{"taxonomy":"post_tag","embeddable":true,"href":"https:\/\/www.chavinandez.com\/blog\/wp-json\/wp\/v2\/tags?post=961"}],"curies":[{"name":"wp","href":"https:\/\/api.w.org\/{rel}","templated":true}]}}