{"id":8612,"date":"2019-12-05T12:02:23","date_gmt":"2019-12-05T11:02:23","guid":{"rendered":"http:\/\/www.chavinandez.com\/blog\/?p=8612"},"modified":"2019-12-05T12:10:00","modified_gmt":"2019-12-05T11:10:00","slug":"viaje-fotografico-a-islandia-en-invierno-2020","status":"publish","type":"post","link":"https:\/\/www.chavinandez.com\/blog\/viaje-fotografico-a-islandia-en-invierno-2020\/","title":{"rendered":"Viaje fotogr\u00e1fico a Islandia en Invierno 2020"},"content":{"rendered":"\n<figure class=\"wp-block-image\"><img loading=\"lazy\" decoding=\"async\" width=\"800\" height=\"533\" src=\"https:\/\/www.chavinandez.com\/blog\/wp-content\/uploads\/2019\/12\/image_3d8c4418-c35f-4099-830b-76e13650cca020191204_110729.jpg\" alt=\"\" class=\"wp-image-8613\" srcset=\"https:\/\/www.chavinandez.com\/blog\/wp-content\/uploads\/2019\/12\/image_3d8c4418-c35f-4099-830b-76e13650cca020191204_110729.jpg 800w, https:\/\/www.chavinandez.com\/blog\/wp-content\/uploads\/2019\/12\/image_3d8c4418-c35f-4099-830b-76e13650cca020191204_110729-200x133.jpg 200w, https:\/\/www.chavinandez.com\/blog\/wp-content\/uploads\/2019\/12\/image_3d8c4418-c35f-4099-830b-76e13650cca020191204_110729-450x300.jpg 450w, https:\/\/www.chavinandez.com\/blog\/wp-content\/uploads\/2019\/12\/image_3d8c4418-c35f-4099-830b-76e13650cca020191204_110729-768x512.jpg 768w, https:\/\/www.chavinandez.com\/blog\/wp-content\/uploads\/2019\/12\/image_3d8c4418-c35f-4099-830b-76e13650cca020191204_110729-700x466.jpg 700w, https:\/\/www.chavinandez.com\/blog\/wp-content\/uploads\/2019\/12\/image_3d8c4418-c35f-4099-830b-76e13650cca020191204_110729-332x221.jpg 332w\" sizes=\"auto, (max-width: 800px) 100vw, 800px\" \/><\/figure>\n\n\n\n<p>Como cada a\u00f1o, el Invierno volvemos a redescubrir el paisaje island\u00e9s. Ser\u00e1 nuestra trig\u00e9simo segunda edici\u00f3n de viaje fotogr\u00e1fico a Islandia y conocedores ya de las visicitudes del pa\u00eds un nuevo reto para tratar de mostrar a los asistentes de \u00e9sta nueva edici\u00f3n algunos de esos paisajes maravillosos que el pa\u00eds brinda en invierno.<\/p>\n\n\n\n<figure class=\"wp-block-embed-instagram wp-block-embed is-type-rich is-provider-instagram\"><div class=\"wp-block-embed__wrapper\">\nhttps:\/\/www.instagram.com\/p\/BDjjFEkFPMN\/?igshid=1mmvc9z8wdi9\n<\/div><\/figure>\n\n\n\n<p>Aunque ya lo he comentado en diferentes post anteriores, y digo en cada edici\u00f3n invernal al pa\u00eds de hielo y el fuego, Islandia no es tan fr\u00eda como muchos piensan en \u00e9sta epoca. Hay lugares en Espa\u00f1a como Teruel, \u00c1vila o Burgos que superan por mucho las bajas temperaturas que all\u00ed se dan en el sur y este del pa\u00eds, que es donde se desarrollan y realizan la mayor\u00eda de localizaciones de nuestro itinerario. Al estar influenciada por la corriente del golfo la zona del sur no llega a tener temperaturas tan fr\u00edas c\u00f3mo el norte y centro del pa\u00eds. <\/p>\n\n\n\n<figure class=\"wp-block-embed-instagram wp-block-embed is-type-rich is-provider-instagram\"><div class=\"wp-block-embed__wrapper\">\nhttps:\/\/www.instagram.com\/p\/BnKPAAYnIRd\/?igshid=am0pjaeom0xk\n<\/div><\/figure>\n\n\n\n<p>Otra de las ventajas que ofrece Islandia en invierno es la posibilidad de ver cielos mucho mas claros o despejados en las noches que adem\u00e1s son tempranas, sobre las 18h-19h ya podemos disfrutar de una oscuridad total, lo que favorece no tener que trasnochar para disfrutar de las espectaculares auroras boreales, y que seg\u00fan los cient\u00edficos est\u00e1n ya entrando en un ciclo solar, el 25, cuya actividad va a ir bajando dr\u00e1sticamente por un periodo de once largos a\u00f1os. Esperemos que se equivoquen y que duren al menos \u00e9ste invierno.<\/p>\n\n\n\n<p>Realmente son esas horas nocturnas, las que m\u00e1s fr\u00edo podemos pasar, pero siguiendo la regla de las tres capas, una t\u00e9rmica, un forro y un plumas, adem\u00e1s de los pies bien calientes y la cabeza, es un reto que todos los asistentes, hasta los m\u00e1s frioleros aguantan con gusto, y es que las temperaturas bajo cero que pueda haber, normalmente son de 0 grados y no menos de 4 grados bajo cero. Hoy gracias a la tecnolog\u00eda y equipamiento moderno, \u00e9sto es m\u00e1s que llevable. Existen en centros comerciales y droguer\u00edas unas peque\u00f1as bolsas de minerales que desprenden una buena fuente de calor, para manos y pies y que nos permiten pasar esos ratos sin ning\u00fan problema disfrutando de las luces del norte, si hay suerte y el tiempo acompa\u00f1a dejando el cielo completamente despejado.<\/p>\n\n\n\n<figure class=\"wp-block-embed-instagram wp-block-embed is-type-rich is-provider-instagram\"><div class=\"wp-block-embed__wrapper\">\nhttps:\/\/www.instagram.com\/p\/B5n_gGAFPlB\/?igshid=18im3hxhp0ecl\n<\/div><\/figure>\n\n\n\n<p>Pero quiz\u00e1 uno de los motivos principales que hacen que Islandia sea nuestro destino preferido en Invierno es su luz. El hecho de que aunque amanece tarde y la puesta de sol sea tambi\u00e9n temprana disfrutando de menos horas de luz, no impide contemplar su territorio de una manera diferente al resto del a\u00f1o, por la inclinaci\u00f3n del astro rey durante todas sus horas de aparici\u00f3n. El sol desde que sale hasta que se pone tiene adem\u00e1s una intensidad muy especial y permanece a escasos 30\u00b0 del horizonte concediendo una luz realmente espectacular para la fotograf\u00eda de paisaje. <\/p>\n\n\n\n<p>En nuestro itinerario por el sur, siempre accesible para todo tipo de personas, incluso con movilidad reducida, tratamos de llegar aunque con mas limitaciones que otras \u00e9pocas, a los lugares que sabemos ofrecen al paisajista y amante de la naturaleza, una localizaci\u00f3n perfecta para enfrentarse a incre\u00edble paisaje island\u00e9s, siempre a la mejor hora y alejados del turismo que cada vez est\u00e1 mas presente en el pa\u00eds, si bien invierno no es de las \u00e9pocas de m\u00e1s afluencia masiva, lo mas tur\u00edstico, que no fotogr\u00e1fico!!, est\u00e1 siempre algo m\u00e1s dif\u00edcil de visitar. Sea como fuere, Islandia es mucho m\u00e1s que los circuitos tur\u00edsticos o las localizaciones que siempre vemos fotografiadas hasta la saciedad por muchos. Aventurarse a conducir por el hielo sino se tiene costumbre o ir a la aventura tiene su precio, y es no s\u00f3lo que actualmente hay m\u00e1s muertos en carretera extranjeros que los locales del pa\u00eds, sino el riesgo de gastar el coste de alojamientos, alquileres de veh\u00edculos y seguros muy elevado de un pa\u00eds en su visita sin poder conocerlo de verdad. Aunque \u00e9ste no es \u00fanico, hay una larga lista por todo el mundo, pero Islandia en especial es extremadamente hostil e imprevisible. No conocer el terreno, sus costumbres y aventurarse es terriblemente peligroso en una \u00e9poca invernal. Hay que tener mucha prudencia e ir especialmente preparado para cualquier incidente.<\/p>\n\n\n\n<figure class=\"wp-block-embed-instagram wp-block-embed is-type-rich is-provider-instagram\"><div class=\"wp-block-embed__wrapper\">\nhttps:\/\/www.instagram.com\/p\/BtEo9wDgzFr\/?igshid=av61inmxbjqu\n<\/div><\/figure>\n\n\n\n<p>Nosotros llevamos guiando desde 2010 a grupos siempre de 8 personas en el pa\u00eds con la agencia islandesa que estamos trabajando desde el principio, <strong>Boreal Travel<\/strong>, con la protecci\u00f3n y garant\u00eda de operar con permiso del Gobierno island\u00e9s, regulaci\u00f3n obligada desde 2016 para cualquier grupo o viaje fotografico en el pa\u00eds. Una tranquilidad para nuestros viajeros y seguro de vida ante cualquier accidente o rescate en el pa\u00eds sin tener que hipotecar la casa. <\/p>\n\n\n\n<p>Si te animas este invierno aun tienes hueco. Hay cosas como esta que siguen subiendo los precios del pais mas y mas y no queremos que te lo pierdas. <\/p>\n\n\n\n<p>Si no has visto Islandia desde el cielo en \u00e9sta \u00e9poca aqui tienes un v\u00eddeo de \u00e9ste mismo a\u00f1o enero.<\/p>\n\n\n\n<figure class=\"wp-block-embed-vimeo wp-block-embed is-type-video is-provider-vimeo wp-embed-aspect-16-9 wp-has-aspect-ratio\"><div class=\"wp-block-embed__wrapper\">\n<iframe loading=\"lazy\" title=\"WINTER LANDSCAPE\" src=\"https:\/\/player.vimeo.com\/video\/313592407?dnt=1&amp;app_id=122963\" width=\"660\" height=\"371\" frameborder=\"0\" allow=\"autoplay; fullscreen; picture-in-picture; clipboard-write\"><\/iframe>\n<\/div><\/figure>\n\n\n\n<p>P\u00e1gina de <a rel=\"noreferrer noopener\" aria-label=\"reservas (abre en una nueva pesta\u00f1a)\" href=\"https:\/\/www.photolocus.net\/shop\/viajes-fotograficos\/139-sur-de-islandia-invierno.html\" target=\"_blank\"><strong>reservas<\/strong><\/a> en informaci\u00f3n (WhatsApp <strong>619703569<\/strong>)<\/p>\n","protected":false},"excerpt":{"rendered":"<p>Como cada a\u00f1o, el Invierno volvemos a redescubrir el paisaje island\u00e9s. Ser\u00e1 nuestra trig\u00e9simo segunda edici\u00f3n de viaje fotogr\u00e1fico a Islandia y conocedores ya de las visicitudes del pa\u00eds un nuevo reto para tratar de mostrar a los asistentes de \u00e9sta nueva edici\u00f3n algunos de esos paisajes maravillosos que el &#8230;<\/p>\n","protected":false},"author":1,"featured_media":8613,"comment_status":"closed","ping_status":"closed","sticky":false,"template":"","format":"standard","meta":{"footnotes":""},"categories":[159,7,2966,2564,356,23,223,2337],"tags":[265,2315,1733,1883,888,1282,1435,1439,1799,1826,1183,1184,2971,1416,1582,1489,1515,1794,1186,1806,1798,2093,1724,1283],"class_list":["post-8612","post","type-post","status-publish","format-standard","has-post-thumbnail","hentry","category-destinos","category-experiencias","category-fotografia-nocturna","category-islandia","category-novedades","category-promocion","category-reportajes","category-viajes","tag-islandia","tag-islandia-en-invierno","tag-islandia-viajes","tag-islandia-viajes-fotograficos","tag-viajar-a-islandia","tag-viajar-islandia","tag-viaje-a-islandia","tag-viaje-a-islandia-fotografos","tag-viaje-al-sur-de-islandia","tag-viaje-boreal-travel-islandia","tag-viaje-fotografia-islandia","tag-viaje-fotografico-a-islandia","tag-viaje-fotografico-a-islandia-2020","tag-viaje-fotografico-islandia","tag-viaje-fotografico-islandia-sur","tag-viaje-islandia","tag-viaje-islandia-auroras","tag-viaje-organizado-islandia","tag-viajes-a-islandia","tag-viajes-a-islandia-con-guia","tag-viajes-fotografia-islandia","tag-viajes-fotograficos-a-islandia","tag-viajes-fotograficos-islandia","tag-viajes-islandia","column","threecol","has-thumbnail"],"_links":{"self":[{"href":"https:\/\/www.chavinandez.com\/blog\/wp-json\/wp\/v2\/posts\/8612","targetHints":{"allow":["GET"]}}],"collection":[{"href":"https:\/\/www.chavinandez.com\/blog\/wp-json\/wp\/v2\/posts"}],"about":[{"href":"https:\/\/www.chavinandez.com\/blog\/wp-json\/wp\/v2\/types\/post"}],"author":[{"embeddable":true,"href":"https:\/\/www.chavinandez.com\/blog\/wp-json\/wp\/v2\/users\/1"}],"replies":[{"embeddable":true,"href":"https:\/\/www.chavinandez.com\/blog\/wp-json\/wp\/v2\/comments?post=8612"}],"version-history":[{"count":4,"href":"https:\/\/www.chavinandez.com\/blog\/wp-json\/wp\/v2\/posts\/8612\/revisions"}],"predecessor-version":[{"id":8617,"href":"https:\/\/www.chavinandez.com\/blog\/wp-json\/wp\/v2\/posts\/8612\/revisions\/8617"}],"wp:featuredmedia":[{"embeddable":true,"href":"https:\/\/www.chavinandez.com\/blog\/wp-json\/wp\/v2\/media\/8613"}],"wp:attachment":[{"href":"https:\/\/www.chavinandez.com\/blog\/wp-json\/wp\/v2\/media?parent=8612"}],"wp:term":[{"taxonomy":"category","embeddable":true,"href":"https:\/\/www.chavinandez.com\/blog\/wp-json\/wp\/v2\/categories?post=8612"},{"taxonomy":"post_tag","embeddable":true,"href":"https:\/\/www.chavinandez.com\/blog\/wp-json\/wp\/v2\/tags?post=8612"}],"curies":[{"name":"wp","href":"https:\/\/api.w.org\/{rel}","templated":true}]}}