{"id":8576,"date":"2019-11-21T20:26:33","date_gmt":"2019-11-21T19:26:33","guid":{"rendered":"http:\/\/www.chavinandez.com\/blog\/?p=8576"},"modified":"2019-11-21T21:20:20","modified_gmt":"2019-11-21T20:20:20","slug":"taller-de-fotografia-aerea-con-drone","status":"publish","type":"post","link":"https:\/\/www.chavinandez.com\/blog\/taller-de-fotografia-aerea-con-drone\/","title":{"rendered":"Taller de fotograf\u00eda a\u00e9rea con drone"},"content":{"rendered":"\n<figure class=\"wp-block-image\"><a href=\"https:\/\/www.photolocus.net\/shop\/taller-fin-de-semana\/193-taller-de-fotografia-aerea-con-drones.html\"><img loading=\"lazy\" decoding=\"async\" width=\"1024\" height=\"657\" src=\"https:\/\/www.chavinandez.com\/blog\/wp-content\/uploads\/2019\/11\/TallerdefotografiaAerea_photolocus-1024x657.jpg\" alt=\"\" class=\"wp-image-8577\" srcset=\"https:\/\/www.chavinandez.com\/blog\/wp-content\/uploads\/2019\/11\/TallerdefotografiaAerea_photolocus-1024x657.jpg 1024w, https:\/\/www.chavinandez.com\/blog\/wp-content\/uploads\/2019\/11\/TallerdefotografiaAerea_photolocus-200x128.jpg 200w, https:\/\/www.chavinandez.com\/blog\/wp-content\/uploads\/2019\/11\/TallerdefotografiaAerea_photolocus-468x300.jpg 468w, https:\/\/www.chavinandez.com\/blog\/wp-content\/uploads\/2019\/11\/TallerdefotografiaAerea_photolocus-768x493.jpg 768w, https:\/\/www.chavinandez.com\/blog\/wp-content\/uploads\/2019\/11\/TallerdefotografiaAerea_photolocus-700x449.jpg 700w, https:\/\/www.chavinandez.com\/blog\/wp-content\/uploads\/2019\/11\/TallerdefotografiaAerea_photolocus-332x213.jpg 332w, https:\/\/www.chavinandez.com\/blog\/wp-content\/uploads\/2019\/11\/TallerdefotografiaAerea_photolocus.jpg 1200w\" sizes=\"auto, (max-width: 1024px) 100vw, 1024px\" \/><\/a><figcaption>Arag\u00f3n es uno de los escenarios que m\u00e1s tiempo llevamos explorando con nuestras c\u00e1maras y objeto durante \u00e9ste taller de escenarios realmente incre\u00edbles a vista de p\u00e1jaro.<\/figcaption><\/figure>\n\n\n\n<p>Al finales del mes de diciembre , el fin de semana de <strong>28 y 29<\/strong> realizamos la <strong>segunda edici\u00f3n anual<\/strong> en Zaragoza de nuestro <strong><a rel=\"noreferrer noopener\" aria-label=\"Taller de fotograf\u00eda a\u00e9rea con drone (abre en una nueva pesta\u00f1a)\" href=\"https:\/\/www.photolocus.net\/shop\/taller-fin-de-semana\/193-taller-de-fotografia-aerea-con-drones.html\" target=\"_blank\">Taller de fotograf\u00eda a\u00e9rea con drone<\/a><\/strong>.<\/p>\n\n\n\n<p>Una inmersi\u00f3n en las <strong>t\u00e9cnicas y trucos de filmaci\u00f3n<\/strong> as\u00ed como de las <strong>configuraciones \u00f3ptimas<\/strong> para la pr\u00e1ctica de fotograf\u00eda desde otra perspectiva diferente (<a rel=\"noreferrer noopener\" aria-label=\"Ver galer\u00eda de fotograf\u00eda a\u00e9rea (abre en una nueva pesta\u00f1a)\" href=\"https:\/\/www.skypixel.com\/users\/chavina\" target=\"_blank\"><em>ver algunos ejemplos de composici\u00f3n en fotograf\u00eda a\u00e9rea<\/em><\/a>) . Esos son algunos de los objetivos de este taller intensivo para ocho \u00fanicos asistentes adem\u00e1s de tratar del <strong>equipamiento<\/strong> id\u00f3neo, conocimiento de la <strong>meteorolog\u00eda<\/strong> y las <strong>particularidades<\/strong> de la fotograf\u00eda desde el aire que centrar\u00e1n una tem\u00e1tica cada vez en auge y que nos permite al mismo tiempo ense\u00f1ar las <strong>buenas pr\u00e1cticas<\/strong> y <strong>concienciar<\/strong> de su buen uso. Una oportunidad de fin de semana, en la que recalcar la importancia de estar al d\u00eda en cuestiones elementales <strong>para volar seguro<\/strong> y realizar esta pr\u00e1ctica fotogr\u00e1fica sin riesgos.<\/p>\n\n\n\n<p>La <strong>legislaci\u00f3n<\/strong> actual, <strong>normativa<\/strong> para uso recreativo o profesional as\u00ed como las <strong>aplicaciones<\/strong> actuales de <strong>smartphone<\/strong> para volar en <strong>zonas seguras<\/strong> y fuera de \u00e1reas protegidas o naturales, son algunos de los temas que tambi\u00e9n se tratar\u00e1n en el taller de fin de semana que tambi\u00e9n incluye algunas <strong>pr\u00e1cticas de vuelo y fotograf\u00eda<\/strong> con el drone en zonas rurales de un vasto territorio que nos ha apasionado durante a\u00f1os por su diversidad de paisaje y su alto valor art\u00edstico.<\/p>\n\n\n\n<p>Algunas de las \u00e1reas que visitamos est\u00e1n incluidas en \u00e9ste breve spot que hace un tiempo publicamos y que demuestran que el paisaje desde otra perspectiva es sin duda una gran oportunidad para todo aquel amante de la fotograf\u00eda y el mundo rural.<\/p>\n\n\n\n<figure class=\"wp-block-embed-vimeo wp-block-embed is-type-video is-provider-vimeo wp-embed-aspect-16-9 wp-has-aspect-ratio\"><div class=\"wp-block-embed__wrapper\">\n<iframe loading=\"lazy\" title=\"RURALSCAPE LANDFORMS\" src=\"https:\/\/player.vimeo.com\/video\/316868064?dnt=1&amp;app_id=122963\" width=\"660\" height=\"371\" frameborder=\"0\" allow=\"autoplay; fullscreen; picture-in-picture; clipboard-write\"><\/iframe>\n<\/div><\/figure>\n\n\n\n<p>Si te animas a\u00fan quedan plazas.<\/p>\n\n\n\n<p>M\u00e1s informaci\u00f3n y reservas <strong><a href=\"https:\/\/www.photolocus.net\/shop\/taller-fin-de-semana\/193-taller-de-fotografia-aerea-con-drones.html\" target=\"_blank\" rel=\"noreferrer noopener\" aria-label=\"aqu\u00ed (abre en una nueva pesta\u00f1a)\">aqu\u00ed<\/a><\/strong>. <\/p>\n","protected":false},"excerpt":{"rendered":"<p>Al finales del mes de diciembre , el fin de semana de 28 y 29 realizamos la segunda edici\u00f3n anual en Zaragoza de nuestro Taller de fotograf\u00eda a\u00e9rea con drone. Una inmersi\u00f3n en las t\u00e9cnicas y trucos de filmaci\u00f3n as\u00ed como de las configuraciones \u00f3ptimas para la pr\u00e1ctica de fotograf\u00eda &#8230;<\/p>\n","protected":false},"author":1,"featured_media":8577,"comment_status":"closed","ping_status":"closed","sticky":false,"template":"","format":"standard","meta":{"footnotes":""},"categories":[159,2482,7,2483,2484,23,178,3],"tags":[2957,2958,2959,2956,2960,2964,2961,2962,2963,2965,2657,2673,2955],"class_list":["post-8576","post","type-post","status-publish","format-standard","has-post-thumbnail","hentry","category-destinos","category-drones","category-experiencias","category-filmacion","category-fotografia-aerea","category-promocion","category-trucos","category-videos","tag-curso-de-foto-aerea","tag-curso-de-foto-con-drones","tag-cursos-de-de-fotografia-drone","tag-cursos-de-fotografia-aerea","tag-cursos-de-fotografia-dji","tag-cursos-de-fotografia-drone-2019","tag-cursos-de-fotografia-mavic-mini","tag-cursos-de-fotografia-mavic-pro","tag-cursos-de-fotografia-phantom-4-pro","tag-cursos-drones-foto-2019","tag-drone","tag-fotografia-con-drones","tag-taller-de-fotografia-aerea","column","threecol","has-thumbnail"],"_links":{"self":[{"href":"https:\/\/www.chavinandez.com\/blog\/wp-json\/wp\/v2\/posts\/8576","targetHints":{"allow":["GET"]}}],"collection":[{"href":"https:\/\/www.chavinandez.com\/blog\/wp-json\/wp\/v2\/posts"}],"about":[{"href":"https:\/\/www.chavinandez.com\/blog\/wp-json\/wp\/v2\/types\/post"}],"author":[{"embeddable":true,"href":"https:\/\/www.chavinandez.com\/blog\/wp-json\/wp\/v2\/users\/1"}],"replies":[{"embeddable":true,"href":"https:\/\/www.chavinandez.com\/blog\/wp-json\/wp\/v2\/comments?post=8576"}],"version-history":[{"count":3,"href":"https:\/\/www.chavinandez.com\/blog\/wp-json\/wp\/v2\/posts\/8576\/revisions"}],"predecessor-version":[{"id":8580,"href":"https:\/\/www.chavinandez.com\/blog\/wp-json\/wp\/v2\/posts\/8576\/revisions\/8580"}],"wp:featuredmedia":[{"embeddable":true,"href":"https:\/\/www.chavinandez.com\/blog\/wp-json\/wp\/v2\/media\/8577"}],"wp:attachment":[{"href":"https:\/\/www.chavinandez.com\/blog\/wp-json\/wp\/v2\/media?parent=8576"}],"wp:term":[{"taxonomy":"category","embeddable":true,"href":"https:\/\/www.chavinandez.com\/blog\/wp-json\/wp\/v2\/categories?post=8576"},{"taxonomy":"post_tag","embeddable":true,"href":"https:\/\/www.chavinandez.com\/blog\/wp-json\/wp\/v2\/tags?post=8576"}],"curies":[{"name":"wp","href":"https:\/\/api.w.org\/{rel}","templated":true}]}}