{"id":8498,"date":"2019-08-25T18:55:43","date_gmt":"2019-08-25T17:55:43","guid":{"rendered":"http:\/\/www.chavinandez.com\/blog\/?p=8498"},"modified":"2019-08-25T19:09:08","modified_gmt":"2019-08-25T18:09:08","slug":"los-ultimos-glaciares-bajo-el-sol-de-medianoche","status":"publish","type":"post","link":"https:\/\/www.chavinandez.com\/blog\/los-ultimos-glaciares-bajo-el-sol-de-medianoche\/","title":{"rendered":"Los \u00faltimos glaciares bajo el sol de medianoche"},"content":{"rendered":"\n<figure class=\"wp-block-image\"><a href=\"https:\/\/chavinandez.photoshelter.com\/portfolio\/C0000bVc4y6c0Gy0\/G0000fCvzDiWv5vI\/I0000vJb83W0P4Fg\" target=\"_blank\" rel=\"noreferrer noopener\"><img loading=\"lazy\" decoding=\"async\" width=\"900\" height=\"675\" src=\"https:\/\/www.chavinandez.com\/blog\/wp-content\/uploads\/2019\/08\/SVALBARD-EXPEDITION-2019-3.jpg\" alt=\"\" class=\"wp-image-8503\" srcset=\"https:\/\/www.chavinandez.com\/blog\/wp-content\/uploads\/2019\/08\/SVALBARD-EXPEDITION-2019-3.jpg 900w, https:\/\/www.chavinandez.com\/blog\/wp-content\/uploads\/2019\/08\/SVALBARD-EXPEDITION-2019-3-200x150.jpg 200w, https:\/\/www.chavinandez.com\/blog\/wp-content\/uploads\/2019\/08\/SVALBARD-EXPEDITION-2019-3-400x300.jpg 400w, https:\/\/www.chavinandez.com\/blog\/wp-content\/uploads\/2019\/08\/SVALBARD-EXPEDITION-2019-3-768x576.jpg 768w, https:\/\/www.chavinandez.com\/blog\/wp-content\/uploads\/2019\/08\/SVALBARD-EXPEDITION-2019-3-700x525.jpg 700w, https:\/\/www.chavinandez.com\/blog\/wp-content\/uploads\/2019\/08\/SVALBARD-EXPEDITION-2019-3-332x249.jpg 332w\" sizes=\"auto, (max-width: 900px) 100vw, 900px\" \/><\/a><\/figure>\n\n\n\n<p>As\u00ed titulamos a nuestra aventura fotogr\u00e1fica al noroeste de las islas Svalbard hace unos meses. Despu\u00e9s de casi dos a\u00f1os buscando hueco, madurando y preparando con mimo una nueva experiencia photolocus con un itinerario diferente que estuviera enfocada en los \u00faltimos glaciares para celebrar nuestro X aniversario Photolocus. A\u00fan as\u00ed, nunca hubi\u00e9ramos imaginado lo que nos \u00edbamos a encontrar, y que la suerte nos acompa\u00f1ar\u00eda incluso para poder ver con claridad ese sol de medianoche iluminando los glaciares de nuestro itinerario.<\/p>\n\n\n\n<p>Durante ocho d\u00edas a bordo de un velero de acero perfectamente equipado y ya experimentado en \u00e9ste tipo de expediciones por el tierras del \u00e1rtico nos embarcamos en una de las aventuras fotogr\u00e1ficas m\u00e1s incre\u00edbles que hemos podido vivir hasta la fecha y que ha encantado a todos y cada uno de los diez asistentes de \u00e9sta primera expedici\u00f3n.<\/p>\n\n\n\n<figure class=\"wp-block-image\"><a href=\"https:\/\/chavinandez.photoshelter.com\/portfolio\/C0000bVc4y6c0Gy0\/G0000fCvzDiWv5vI\/I0000NK9TFxq7luA\" target=\"_blank\" rel=\"noreferrer noopener\"><img loading=\"lazy\" decoding=\"async\" width=\"900\" height=\"600\" src=\"https:\/\/www.chavinandez.com\/blog\/wp-content\/uploads\/2019\/08\/SVALBARD-EXPEDITION-2019-4.jpg\" alt=\"\" class=\"wp-image-8504\" srcset=\"https:\/\/www.chavinandez.com\/blog\/wp-content\/uploads\/2019\/08\/SVALBARD-EXPEDITION-2019-4.jpg 900w, https:\/\/www.chavinandez.com\/blog\/wp-content\/uploads\/2019\/08\/SVALBARD-EXPEDITION-2019-4-200x133.jpg 200w, https:\/\/www.chavinandez.com\/blog\/wp-content\/uploads\/2019\/08\/SVALBARD-EXPEDITION-2019-4-450x300.jpg 450w, https:\/\/www.chavinandez.com\/blog\/wp-content\/uploads\/2019\/08\/SVALBARD-EXPEDITION-2019-4-768x512.jpg 768w, https:\/\/www.chavinandez.com\/blog\/wp-content\/uploads\/2019\/08\/SVALBARD-EXPEDITION-2019-4-700x467.jpg 700w, https:\/\/www.chavinandez.com\/blog\/wp-content\/uploads\/2019\/08\/SVALBARD-EXPEDITION-2019-4-332x221.jpg 332w\" sizes=\"auto, (max-width: 900px) 100vw, 900px\" \/><\/a><\/figure>\n\n\n\n<p>A pesar de no ser un barco peque\u00f1o, las limitaciones de espacio de \u00e9ste tipo de embarcaciones, en camarotes y zonas comunes, o la cubierta con sus veinti\u00fan metros de eslora del velero han sido m\u00e1s que suficiente como hogar para los diez aventureros, durante toda una traves\u00eda principalmente mar\u00edtima, pausada y sin prisas, pudiendo acercarnos en ocasiones con calma y completa intimidad a muchos de los glaciares que ten\u00edamos en programa, para poder contemplar de cerca sus formas y para poder interpretar mejor si cabe, los cambios y efectos que el clima y los a\u00f1os ejercen de manera imperiosa sobre uno de los ecosistemas m\u00e1s vulnerables y afectados por el cambio clim\u00e1tico.<\/p>\n\n\n\n<figure class=\"wp-block-image\"><a href=\"https:\/\/chavinandez.photoshelter.com\/portfolio\/C0000bVc4y6c0Gy0\/G0000fCvzDiWv5vI\/I0000IlcvWBudB2I\" target=\"_blank\" rel=\"noreferrer noopener\"><img loading=\"lazy\" decoding=\"async\" width=\"900\" height=\"600\" src=\"https:\/\/www.chavinandez.com\/blog\/wp-content\/uploads\/2019\/08\/SVALBARD-EXPEDITION-2019-5.jpg\" alt=\"\" class=\"wp-image-8505\" srcset=\"https:\/\/www.chavinandez.com\/blog\/wp-content\/uploads\/2019\/08\/SVALBARD-EXPEDITION-2019-5.jpg 900w, https:\/\/www.chavinandez.com\/blog\/wp-content\/uploads\/2019\/08\/SVALBARD-EXPEDITION-2019-5-200x133.jpg 200w, https:\/\/www.chavinandez.com\/blog\/wp-content\/uploads\/2019\/08\/SVALBARD-EXPEDITION-2019-5-450x300.jpg 450w, https:\/\/www.chavinandez.com\/blog\/wp-content\/uploads\/2019\/08\/SVALBARD-EXPEDITION-2019-5-768x512.jpg 768w, https:\/\/www.chavinandez.com\/blog\/wp-content\/uploads\/2019\/08\/SVALBARD-EXPEDITION-2019-5-700x467.jpg 700w, https:\/\/www.chavinandez.com\/blog\/wp-content\/uploads\/2019\/08\/SVALBARD-EXPEDITION-2019-5-332x221.jpg 332w\" sizes=\"auto, (max-width: 900px) 100vw, 900px\" \/><\/a><\/figure>\n\n\n\n<p>Hemos podido observar tanto desde popa como desde la proa, lentamente como se despedazaban los bloques de hielo de las morrenas y se deslizaban hacia nosotros lentamente siguiendo el curso de las corrientes y aunque los glaciares han sido los protagonistas, no han sido los \u00fanicos de \u00e9ste viaje fotogr\u00e1fico.<\/p>\n\n\n\n<ul class=\"wp-block-gallery columns-2 is-cropped wp-block-gallery-1 is-layout-flex wp-block-gallery-is-layout-flex\"><li class=\"blocks-gallery-item\"><figure><img loading=\"lazy\" decoding=\"async\" width=\"900\" height=\"600\" src=\"https:\/\/www.chavinandez.com\/blog\/wp-content\/uploads\/2019\/08\/SVALBARD-EXPEDITION-2019-7.jpg\" alt=\"\" data-id=\"8506\" data-link=\"https:\/\/www.chavinandez.com\/blog\/?attachment_id=8506\" class=\"wp-image-8506\" srcset=\"https:\/\/www.chavinandez.com\/blog\/wp-content\/uploads\/2019\/08\/SVALBARD-EXPEDITION-2019-7.jpg 900w, https:\/\/www.chavinandez.com\/blog\/wp-content\/uploads\/2019\/08\/SVALBARD-EXPEDITION-2019-7-200x133.jpg 200w, https:\/\/www.chavinandez.com\/blog\/wp-content\/uploads\/2019\/08\/SVALBARD-EXPEDITION-2019-7-450x300.jpg 450w, https:\/\/www.chavinandez.com\/blog\/wp-content\/uploads\/2019\/08\/SVALBARD-EXPEDITION-2019-7-768x512.jpg 768w, https:\/\/www.chavinandez.com\/blog\/wp-content\/uploads\/2019\/08\/SVALBARD-EXPEDITION-2019-7-700x467.jpg 700w, https:\/\/www.chavinandez.com\/blog\/wp-content\/uploads\/2019\/08\/SVALBARD-EXPEDITION-2019-7-332x221.jpg 332w\" sizes=\"auto, (max-width: 900px) 100vw, 900px\" \/><\/figure><\/li><li class=\"blocks-gallery-item\"><figure><img loading=\"lazy\" decoding=\"async\" width=\"900\" height=\"600\" src=\"https:\/\/www.chavinandez.com\/blog\/wp-content\/uploads\/2019\/08\/SVALBARD-EXPEDITION-2019-8.jpg\" alt=\"\" data-id=\"8507\" data-link=\"https:\/\/www.chavinandez.com\/blog\/?attachment_id=8507\" class=\"wp-image-8507\" srcset=\"https:\/\/www.chavinandez.com\/blog\/wp-content\/uploads\/2019\/08\/SVALBARD-EXPEDITION-2019-8.jpg 900w, https:\/\/www.chavinandez.com\/blog\/wp-content\/uploads\/2019\/08\/SVALBARD-EXPEDITION-2019-8-200x133.jpg 200w, https:\/\/www.chavinandez.com\/blog\/wp-content\/uploads\/2019\/08\/SVALBARD-EXPEDITION-2019-8-450x300.jpg 450w, https:\/\/www.chavinandez.com\/blog\/wp-content\/uploads\/2019\/08\/SVALBARD-EXPEDITION-2019-8-768x512.jpg 768w, https:\/\/www.chavinandez.com\/blog\/wp-content\/uploads\/2019\/08\/SVALBARD-EXPEDITION-2019-8-700x467.jpg 700w, https:\/\/www.chavinandez.com\/blog\/wp-content\/uploads\/2019\/08\/SVALBARD-EXPEDITION-2019-8-332x221.jpg 332w\" sizes=\"auto, (max-width: 900px) 100vw, 900px\" \/><\/figure><\/li><li class=\"blocks-gallery-item\"><figure><img loading=\"lazy\" decoding=\"async\" width=\"900\" height=\"600\" src=\"https:\/\/www.chavinandez.com\/blog\/wp-content\/uploads\/2019\/08\/SVALBARD-EXPEDITION-2019-13.jpg\" alt=\"\" data-id=\"8508\" data-link=\"https:\/\/www.chavinandez.com\/blog\/?attachment_id=8508\" class=\"wp-image-8508\" srcset=\"https:\/\/www.chavinandez.com\/blog\/wp-content\/uploads\/2019\/08\/SVALBARD-EXPEDITION-2019-13.jpg 900w, https:\/\/www.chavinandez.com\/blog\/wp-content\/uploads\/2019\/08\/SVALBARD-EXPEDITION-2019-13-200x133.jpg 200w, https:\/\/www.chavinandez.com\/blog\/wp-content\/uploads\/2019\/08\/SVALBARD-EXPEDITION-2019-13-450x300.jpg 450w, https:\/\/www.chavinandez.com\/blog\/wp-content\/uploads\/2019\/08\/SVALBARD-EXPEDITION-2019-13-768x512.jpg 768w, https:\/\/www.chavinandez.com\/blog\/wp-content\/uploads\/2019\/08\/SVALBARD-EXPEDITION-2019-13-700x467.jpg 700w, https:\/\/www.chavinandez.com\/blog\/wp-content\/uploads\/2019\/08\/SVALBARD-EXPEDITION-2019-13-332x221.jpg 332w\" sizes=\"auto, (max-width: 900px) 100vw, 900px\" \/><\/figure><\/li><li class=\"blocks-gallery-item\"><figure><img loading=\"lazy\" decoding=\"async\" width=\"900\" height=\"600\" src=\"https:\/\/www.chavinandez.com\/blog\/wp-content\/uploads\/2019\/08\/SVALBARD-EXPEDITION-2019.jpg\" alt=\"\" data-id=\"8509\" data-link=\"https:\/\/www.chavinandez.com\/blog\/?attachment_id=8509\" class=\"wp-image-8509\" srcset=\"https:\/\/www.chavinandez.com\/blog\/wp-content\/uploads\/2019\/08\/SVALBARD-EXPEDITION-2019.jpg 900w, https:\/\/www.chavinandez.com\/blog\/wp-content\/uploads\/2019\/08\/SVALBARD-EXPEDITION-2019-200x133.jpg 200w, https:\/\/www.chavinandez.com\/blog\/wp-content\/uploads\/2019\/08\/SVALBARD-EXPEDITION-2019-450x300.jpg 450w, https:\/\/www.chavinandez.com\/blog\/wp-content\/uploads\/2019\/08\/SVALBARD-EXPEDITION-2019-768x512.jpg 768w, https:\/\/www.chavinandez.com\/blog\/wp-content\/uploads\/2019\/08\/SVALBARD-EXPEDITION-2019-700x467.jpg 700w, https:\/\/www.chavinandez.com\/blog\/wp-content\/uploads\/2019\/08\/SVALBARD-EXPEDITION-2019-332x221.jpg 332w\" sizes=\"auto, (max-width: 900px) 100vw, 900px\" \/><\/figure><\/li><li class=\"blocks-gallery-item\"><figure><img loading=\"lazy\" decoding=\"async\" width=\"900\" height=\"600\" src=\"https:\/\/www.chavinandez.com\/blog\/wp-content\/uploads\/2019\/08\/SVALBARD-EXPEDITION-2019-17.jpg\" alt=\"\" data-id=\"8511\" data-link=\"https:\/\/www.chavinandez.com\/blog\/?attachment_id=8511\" class=\"wp-image-8511\" srcset=\"https:\/\/www.chavinandez.com\/blog\/wp-content\/uploads\/2019\/08\/SVALBARD-EXPEDITION-2019-17.jpg 900w, https:\/\/www.chavinandez.com\/blog\/wp-content\/uploads\/2019\/08\/SVALBARD-EXPEDITION-2019-17-200x133.jpg 200w, https:\/\/www.chavinandez.com\/blog\/wp-content\/uploads\/2019\/08\/SVALBARD-EXPEDITION-2019-17-450x300.jpg 450w, https:\/\/www.chavinandez.com\/blog\/wp-content\/uploads\/2019\/08\/SVALBARD-EXPEDITION-2019-17-768x512.jpg 768w, https:\/\/www.chavinandez.com\/blog\/wp-content\/uploads\/2019\/08\/SVALBARD-EXPEDITION-2019-17-700x467.jpg 700w, https:\/\/www.chavinandez.com\/blog\/wp-content\/uploads\/2019\/08\/SVALBARD-EXPEDITION-2019-17-332x221.jpg 332w\" sizes=\"auto, (max-width: 900px) 100vw, 900px\" \/><\/figure><\/li><li class=\"blocks-gallery-item\"><figure><img loading=\"lazy\" decoding=\"async\" width=\"800\" height=\"603\" src=\"https:\/\/www.chavinandez.com\/blog\/wp-content\/uploads\/2019\/08\/zorroartico.jpg\" alt=\"\" data-id=\"8515\" data-link=\"https:\/\/www.chavinandez.com\/blog\/?attachment_id=8515\" class=\"wp-image-8515\" srcset=\"https:\/\/www.chavinandez.com\/blog\/wp-content\/uploads\/2019\/08\/zorroartico.jpg 800w, https:\/\/www.chavinandez.com\/blog\/wp-content\/uploads\/2019\/08\/zorroartico-200x150.jpg 200w, https:\/\/www.chavinandez.com\/blog\/wp-content\/uploads\/2019\/08\/zorroartico-398x300.jpg 398w, https:\/\/www.chavinandez.com\/blog\/wp-content\/uploads\/2019\/08\/zorroartico-768x579.jpg 768w, https:\/\/www.chavinandez.com\/blog\/wp-content\/uploads\/2019\/08\/zorroartico-700x528.jpg 700w, https:\/\/www.chavinandez.com\/blog\/wp-content\/uploads\/2019\/08\/zorroartico-332x250.jpg 332w\" sizes=\"auto, (max-width: 800px) 100vw, 800px\" \/><\/figure><\/li><\/ul>\n\n\n\n<p>Hemos estado acompa\u00f1ados en ocasiones de cet\u00e1ceos, alg\u00fan delf\u00edn, avistamos una ballena azul seg\u00fan el capit\u00e1n, rara de ver, o los incansables fulmar que volaban a pocos metros junto a nosotros con su rasante sobre las aguas que iba rompiendo el barco. <\/p>\n\n\n\n<p>Todo nuestro recorrido ha sido una amalgama de instantes \u00fanicos llenos de emoci\u00f3n y alertas de avistamientos de unos y otros ejemplares de cet\u00e1ceos que nos ten\u00edan en vilo esperando ver y o\u00edr su expiraci\u00f3n en su salida a la superficie. El zorro \u00e1rtico tambi\u00e9n se ha dejado ver en varias ocasiones, pero sobretodo adem\u00e1s de mucha avifauna, frailecillos, fulmar y otras muchas especies de la zona, hemos estado acompa\u00f1ados de un paisaje entre fiordos que nos ha estremecido a todos por su grandiosidad y belleza. El tiempo no pod\u00eda ser mejor, pero la compa\u00f1\u00eda ha hecho que todo fuera igual de fluido que la ruta suave y calmada por los fiordos del archipi\u00e9lago.<\/p>\n\n\n\n<figure class=\"wp-block-image\"><a href=\"https:\/\/chavinandez.photoshelter.com\/portfolio\/C0000bVc4y6c0Gy0\/G0000fCvzDiWv5vI\/I0000EKU6WsVkaSU\" target=\"_blank\" rel=\"noreferrer noopener\"><img loading=\"lazy\" decoding=\"async\" width=\"900\" height=\"600\" src=\"https:\/\/www.chavinandez.com\/blog\/wp-content\/uploads\/2019\/08\/SVALBARD-EXPEDITION-2019-16.jpg\" alt=\"\" class=\"wp-image-8510\" srcset=\"https:\/\/www.chavinandez.com\/blog\/wp-content\/uploads\/2019\/08\/SVALBARD-EXPEDITION-2019-16.jpg 900w, https:\/\/www.chavinandez.com\/blog\/wp-content\/uploads\/2019\/08\/SVALBARD-EXPEDITION-2019-16-200x133.jpg 200w, https:\/\/www.chavinandez.com\/blog\/wp-content\/uploads\/2019\/08\/SVALBARD-EXPEDITION-2019-16-450x300.jpg 450w, https:\/\/www.chavinandez.com\/blog\/wp-content\/uploads\/2019\/08\/SVALBARD-EXPEDITION-2019-16-768x512.jpg 768w, https:\/\/www.chavinandez.com\/blog\/wp-content\/uploads\/2019\/08\/SVALBARD-EXPEDITION-2019-16-700x467.jpg 700w, https:\/\/www.chavinandez.com\/blog\/wp-content\/uploads\/2019\/08\/SVALBARD-EXPEDITION-2019-16-332x221.jpg 332w\" sizes=\"auto, (max-width: 900px) 100vw, 900px\" \/><\/a><\/figure>\n\n\n\n<p>La convivencia tambi\u00e9n con la tripulaci\u00f3n del velero, formada por Jim, Johannes y John ha sido una experiencia muy enriquecedora, que nos han demostrado a diario su modo de vida y c\u00f3mo ejercer un trabajo profesional y al mismo tiempo mostrar su cara m\u00e1s amable las veinticuatro horas del d\u00eda n\u00f3rdico. Nos ha tocado desplegar las velas del palo mayor, recoger otras y aprender de alguna de sus tareas como marineros, una vida sacrificada pero inmensamente gratificada por la libertad de surcar los mares a bordo de un velero empujado por el viento.<\/p>\n\n\n\n<figure class=\"wp-block-image\"><a href=\"https:\/\/chavinandez.photoshelter.com\/portfolio\/C0000bVc4y6c0Gy0\/G0000fCvzDiWv5vI\/I0000FViqJlu75Mk\" target=\"_blank\" rel=\"noreferrer noopener\"><img loading=\"lazy\" decoding=\"async\" width=\"900\" height=\"600\" src=\"https:\/\/www.chavinandez.com\/blog\/wp-content\/uploads\/2019\/08\/SVALBARD-EXPEDITION-2019-11.jpg\" alt=\"\" class=\"wp-image-8512\" srcset=\"https:\/\/www.chavinandez.com\/blog\/wp-content\/uploads\/2019\/08\/SVALBARD-EXPEDITION-2019-11.jpg 900w, https:\/\/www.chavinandez.com\/blog\/wp-content\/uploads\/2019\/08\/SVALBARD-EXPEDITION-2019-11-200x133.jpg 200w, https:\/\/www.chavinandez.com\/blog\/wp-content\/uploads\/2019\/08\/SVALBARD-EXPEDITION-2019-11-450x300.jpg 450w, https:\/\/www.chavinandez.com\/blog\/wp-content\/uploads\/2019\/08\/SVALBARD-EXPEDITION-2019-11-768x512.jpg 768w, https:\/\/www.chavinandez.com\/blog\/wp-content\/uploads\/2019\/08\/SVALBARD-EXPEDITION-2019-11-700x467.jpg 700w, https:\/\/www.chavinandez.com\/blog\/wp-content\/uploads\/2019\/08\/SVALBARD-EXPEDITION-2019-11-332x221.jpg 332w\" sizes=\"auto, (max-width: 900px) 100vw, 900px\" \/><\/a><\/figure>\n\n\n\n<p>Cada jornada ten\u00edamos prevista una salida o varias para poder hacer &#8220;landing&#8221;, bajar a tierra en las zodiac, y estirar las piernas en la visita a algunos de los rincones humanizados, que han marcado los \u00faltimos siglos en esta latitud de la tierra. Minas abandonadas de carb\u00f3n o m\u00e1rmol, bah\u00edas de tramperos, caba\u00f1as de cazadores de principios de siglo XX o ciudades fantasma en las que s\u00f3lo queda el recuerdo y los edificios de sus anteriores pobladores rusos. Todo lo que hemos tenido la suerte de poder ver ha sido un respiro, de lo m\u00e1s extremo de la naturaleza hasta lo m\u00e1s surrealista del paso del hombre en el hogar y punto de partida en sus primeras salidas al polo norte, as\u00ed como las costumbres, modo de vida y condiciones en las que vivieron pagando el precio de habitar \u00e9sta parte del mundo.<\/p>\n\n\n\n<figure class=\"wp-block-image\"><a href=\"https:\/\/chavinandez.photoshelter.com\/portfolio\/C0000bVc4y6c0Gy0\/G0000fCvzDiWv5vI\/I0000BWX06MMjqx8\" target=\"_blank\" rel=\"noreferrer noopener\"><img loading=\"lazy\" decoding=\"async\" width=\"900\" height=\"600\" src=\"https:\/\/www.chavinandez.com\/blog\/wp-content\/uploads\/2019\/08\/SVALBARD-EXPEDITION-2019-15.jpg\" alt=\"\" class=\"wp-image-8513\" srcset=\"https:\/\/www.chavinandez.com\/blog\/wp-content\/uploads\/2019\/08\/SVALBARD-EXPEDITION-2019-15.jpg 900w, https:\/\/www.chavinandez.com\/blog\/wp-content\/uploads\/2019\/08\/SVALBARD-EXPEDITION-2019-15-200x133.jpg 200w, https:\/\/www.chavinandez.com\/blog\/wp-content\/uploads\/2019\/08\/SVALBARD-EXPEDITION-2019-15-450x300.jpg 450w, https:\/\/www.chavinandez.com\/blog\/wp-content\/uploads\/2019\/08\/SVALBARD-EXPEDITION-2019-15-768x512.jpg 768w, https:\/\/www.chavinandez.com\/blog\/wp-content\/uploads\/2019\/08\/SVALBARD-EXPEDITION-2019-15-700x467.jpg 700w, https:\/\/www.chavinandez.com\/blog\/wp-content\/uploads\/2019\/08\/SVALBARD-EXPEDITION-2019-15-332x221.jpg 332w\" sizes=\"auto, (max-width: 900px) 100vw, 900px\" \/><\/a><\/figure>\n\n\n\n<p>El sol de medianoche lo recordaremos en esta latitud como una luz resplandeciente que calentaba en cubierta nuestra atenta mirada a una temperatura g\u00e9lida pero llena de admiraci\u00f3n por poder realizar el viaje so\u00f1ado a los \u00faltimos glaciares.<\/p>\n\n\n\n<p>S\u00f3lo me queda agradecer a los aventureros de \u00e9sta primera edici\u00f3n, Luis y Carmen, Alfredo y Sol, Maria Jos\u00e9 y Benjam\u00edn, Mariano, Jos\u00e9 Ram\u00f3n, Jes\u00fas y Xan su af\u00e1n por querer compartir su tiempo en \u00e9sta expedici\u00f3n y conquistar con su mirada durante todos estos d\u00edas el paisaje de uno de los rincones m\u00e1s bellos que he conocido. <\/p>\n\n\n\n<figure class=\"wp-block-image\"><img loading=\"lazy\" decoding=\"async\" width=\"900\" height=\"677\" src=\"https:\/\/www.chavinandez.com\/blog\/wp-content\/uploads\/2019\/08\/fotogruposvalbard2019.jpg\" alt=\"\" class=\"wp-image-8514\" srcset=\"https:\/\/www.chavinandez.com\/blog\/wp-content\/uploads\/2019\/08\/fotogruposvalbard2019.jpg 900w, https:\/\/www.chavinandez.com\/blog\/wp-content\/uploads\/2019\/08\/fotogruposvalbard2019-200x150.jpg 200w, https:\/\/www.chavinandez.com\/blog\/wp-content\/uploads\/2019\/08\/fotogruposvalbard2019-399x300.jpg 399w, https:\/\/www.chavinandez.com\/blog\/wp-content\/uploads\/2019\/08\/fotogruposvalbard2019-768x578.jpg 768w, https:\/\/www.chavinandez.com\/blog\/wp-content\/uploads\/2019\/08\/fotogruposvalbard2019-700x527.jpg 700w, https:\/\/www.chavinandez.com\/blog\/wp-content\/uploads\/2019\/08\/fotogruposvalbard2019-332x250.jpg 332w\" sizes=\"auto, (max-width: 900px) 100vw, 900px\" \/><\/figure>\n\n\n\n<p>Gracias tambi\u00e9n a la tripulaci\u00f3n por guiarnos y hacernos tan f\u00e1cil \u00e9sta nueva aventura photolocus que ya tiene fechas para <a href=\"https:\/\/www.photolocus.net\/shop\/viajes-fotograficos\/196-viaje-fotografico-a-svalbard.html\" target=\"_blank\" rel=\"noreferrer noopener\" aria-label=\"agosto de 2020 (abre en una nueva pesta\u00f1a)\">agosto de 2020<\/a>.<\/p>\n\n\n\n<p>En cuanto me sea posible y antes de partir de nuevo, subir\u00e9 el v\u00eddeo del viaje como recuerdo de \u00e9sta edici\u00f3n para que quede en cada uno de ellos tambi\u00e9n un documento gr\u00e1fico conjunto de nuestro paso por las Svalbard.<\/p>\n\n\n\n<figure class=\"wp-block-image\"><a href=\"https:\/\/chavinandez.photoshelter.com\/portfolio\/C0000bVc4y6c0Gy0\/G0000fCvzDiWv5vI\/I0000bEkbCRshPFc\" target=\"_blank\" rel=\"noreferrer noopener\"><img loading=\"lazy\" decoding=\"async\" width=\"900\" height=\"675\" src=\"https:\/\/www.chavinandez.com\/blog\/wp-content\/uploads\/2019\/08\/SVALBARD-EXPEDITION-2019-18.jpg\" alt=\"\" class=\"wp-image-8517\" srcset=\"https:\/\/www.chavinandez.com\/blog\/wp-content\/uploads\/2019\/08\/SVALBARD-EXPEDITION-2019-18.jpg 900w, https:\/\/www.chavinandez.com\/blog\/wp-content\/uploads\/2019\/08\/SVALBARD-EXPEDITION-2019-18-200x150.jpg 200w, https:\/\/www.chavinandez.com\/blog\/wp-content\/uploads\/2019\/08\/SVALBARD-EXPEDITION-2019-18-400x300.jpg 400w, https:\/\/www.chavinandez.com\/blog\/wp-content\/uploads\/2019\/08\/SVALBARD-EXPEDITION-2019-18-768x576.jpg 768w, https:\/\/www.chavinandez.com\/blog\/wp-content\/uploads\/2019\/08\/SVALBARD-EXPEDITION-2019-18-700x525.jpg 700w, https:\/\/www.chavinandez.com\/blog\/wp-content\/uploads\/2019\/08\/SVALBARD-EXPEDITION-2019-18-332x249.jpg 332w\" sizes=\"auto, (max-width: 900px) 100vw, 900px\" \/><\/a><\/figure>\n\n\n\n<p>Aunque siempre insisto a los asistentes en dejar reposar las fotograf\u00edas de cada viaje al menos una o dos semanas, en mi caso, no me queda m\u00e1s remedio que hacer una selecci\u00f3n r\u00e1pida, para editar e incluirlas cuanto \u00e1ntes en la galer\u00eda y el v\u00eddeo que debo terminar, en estos dos d\u00edas de amarre en casa antes de partir de nuevo. <\/p>\n\n\n\n<p>Espero que os gusten. ( <a rel=\"noreferrer noopener\" aria-label=\"Ver Galer\u00eda de im\u00e1genes del Viaje de Svalbard  (abre en una nueva pesta\u00f1a)\" href=\"https:\/\/chavinandez.photoshelter.com\/portfolio\/C0000bVc4y6c0Gy0\/G0000fCvzDiWv5vI\" target=\"_blank\">Ver Galer\u00eda de im\u00e1genes del Viaje de Svalbard <\/a>)<\/p>\n\n\n\n<p>M\u00e1s im\u00e1genes de la aventura en Instagram <\/p>\n\n\n\n<figure class=\"wp-block-embed-instagram wp-block-embed is-type-rich is-provider-instagram\"><div class=\"wp-block-embed__wrapper\">\nhttps:\/\/www.instagram.com\/p\/B1ZuTILI02A\/?utm_source=ig_web_copy_link\n<\/div><\/figure>\n","protected":false},"excerpt":{"rendered":"<p>As\u00ed titulamos a nuestra aventura fotogr\u00e1fica al noroeste de las islas Svalbard hace unos meses. Despu\u00e9s de casi dos a\u00f1os buscando hueco, madurando y preparando con mimo una nueva experiencia photolocus con un itinerario diferente que estuviera enfocada en los \u00faltimos glaciares para celebrar nuestro X aniversario Photolocus. A\u00fan as\u00ed, &#8230;<\/p>\n","protected":false},"author":1,"featured_media":8514,"comment_status":"closed","ping_status":"closed","sticky":false,"template":"","format":"standard","meta":{"footnotes":""},"categories":[159,7,356,23,223,2929,11,2337],"tags":[2865,2863,2930,2933,2932,2868,2889,2931,641,2869],"class_list":["post-8498","post","type-post","status-publish","format-standard","has-post-thumbnail","hentry","category-destinos","category-experiencias","category-novedades","category-promocion","category-reportajes","category-svalbard","category-httpwwwlabatiruralcomwordpress","category-viajes","tag-noruega","tag-svalbard","tag-viaje-a-svalbard","tag-viaje-en-velero-svalbard","tag-viaje-fotografico-a-svalbard","tag-viaje-fotografico-svalbard","tag-viaje-svalbard-veleros","tag-viajes-a-svalbard-con-photolocus","tag-viajes-fotograficos","tag-viajes-fotograficos-2019-svalbard","column","threecol","has-thumbnail"],"_links":{"self":[{"href":"https:\/\/www.chavinandez.com\/blog\/wp-json\/wp\/v2\/posts\/8498","targetHints":{"allow":["GET"]}}],"collection":[{"href":"https:\/\/www.chavinandez.com\/blog\/wp-json\/wp\/v2\/posts"}],"about":[{"href":"https:\/\/www.chavinandez.com\/blog\/wp-json\/wp\/v2\/types\/post"}],"author":[{"embeddable":true,"href":"https:\/\/www.chavinandez.com\/blog\/wp-json\/wp\/v2\/users\/1"}],"replies":[{"embeddable":true,"href":"https:\/\/www.chavinandez.com\/blog\/wp-json\/wp\/v2\/comments?post=8498"}],"version-history":[{"count":9,"href":"https:\/\/www.chavinandez.com\/blog\/wp-json\/wp\/v2\/posts\/8498\/revisions"}],"predecessor-version":[{"id":8521,"href":"https:\/\/www.chavinandez.com\/blog\/wp-json\/wp\/v2\/posts\/8498\/revisions\/8521"}],"wp:featuredmedia":[{"embeddable":true,"href":"https:\/\/www.chavinandez.com\/blog\/wp-json\/wp\/v2\/media\/8514"}],"wp:attachment":[{"href":"https:\/\/www.chavinandez.com\/blog\/wp-json\/wp\/v2\/media?parent=8498"}],"wp:term":[{"taxonomy":"category","embeddable":true,"href":"https:\/\/www.chavinandez.com\/blog\/wp-json\/wp\/v2\/categories?post=8498"},{"taxonomy":"post_tag","embeddable":true,"href":"https:\/\/www.chavinandez.com\/blog\/wp-json\/wp\/v2\/tags?post=8498"}],"curies":[{"name":"wp","href":"https:\/\/api.w.org\/{rel}","templated":true}]}}