{"id":8490,"date":"2019-08-07T11:25:08","date_gmt":"2019-08-07T10:25:08","guid":{"rendered":"http:\/\/www.chavinandez.com\/blog\/?p=8490"},"modified":"2019-08-07T11:25:08","modified_gmt":"2019-08-07T10:25:08","slug":"nuestro-canal-de-viajes-fotograficos-de-vimeo","status":"publish","type":"post","link":"https:\/\/www.chavinandez.com\/blog\/nuestro-canal-de-viajes-fotograficos-de-vimeo\/","title":{"rendered":"Nuestro canal de Viajes fotogr\u00e1ficos de Vimeo"},"content":{"rendered":"\n<p>Alguno ya lo conoc\u00e9is, es uno de nuestros canales de v\u00eddeos que vamos subiendo tanto a <strong>YouTube<\/strong> como a <a rel=\"noreferrer noopener\" aria-label=\"Vimeo (abre en una nueva pesta\u00f1a)\" href=\"https:\/\/vimeo.com\/channels\/960666\" target=\"_blank\"><strong>Vimeo<\/strong><\/a>.<\/p>\n\n\n\n<p>En ellos tratamos de documentar algunas, no todas, de las aventuras fotogr\u00e1ficas que vamos realizando desde hace a\u00f1os, con el inter\u00e9s de que puedas sumergirte en algunos de los paisajes que visitamos a\u00f1o tras a\u00f1o con la intenci\u00f3n de que tu tambi\u00e9n te sumes a ellos cuando puedas.<\/p>\n\n\n\n<p>Os dejo aqu\u00ed el canal de Vimeo al que podeis suscribiros para estar informados siempre que subamos un nuevo v\u00eddeo de nuestras actividades.<\/p>\n\n\n\n<figure class=\"wp-block-image\"><a href=\"https:\/\/vimeo.com\/channels\/960666\" target=\"_blank\" rel=\"noreferrer noopener\"><img loading=\"lazy\" decoding=\"async\" width=\"1024\" height=\"537\" src=\"https:\/\/www.chavinandez.com\/blog\/wp-content\/uploads\/2019\/08\/canalesVimeo-1024x537.jpeg\" alt=\"\" class=\"wp-image-8491\" srcset=\"https:\/\/www.chavinandez.com\/blog\/wp-content\/uploads\/2019\/08\/canalesVimeo-1024x537.jpeg 1024w, https:\/\/www.chavinandez.com\/blog\/wp-content\/uploads\/2019\/08\/canalesVimeo-200x105.jpeg 200w, https:\/\/www.chavinandez.com\/blog\/wp-content\/uploads\/2019\/08\/canalesVimeo-480x252.jpeg 480w, https:\/\/www.chavinandez.com\/blog\/wp-content\/uploads\/2019\/08\/canalesVimeo-768x403.jpeg 768w, https:\/\/www.chavinandez.com\/blog\/wp-content\/uploads\/2019\/08\/canalesVimeo-700x367.jpeg 700w, https:\/\/www.chavinandez.com\/blog\/wp-content\/uploads\/2019\/08\/canalesVimeo-332x174.jpeg 332w, https:\/\/www.chavinandez.com\/blog\/wp-content\/uploads\/2019\/08\/canalesVimeo.jpeg 1242w\" sizes=\"auto, (max-width: 1024px) 100vw, 1024px\" \/><\/a><figcaption>Canal de Viajes fotogr\u00e1ficos de Photolocus en Vimeo<\/figcaption><\/figure>\n","protected":false},"excerpt":{"rendered":"<p>Alguno ya lo conoc\u00e9is, es uno de nuestros canales de v\u00eddeos que vamos subiendo tanto a YouTube como a Vimeo. En ellos tratamos de documentar algunas, no todas, de las aventuras fotogr\u00e1ficas que vamos realizando desde hace a\u00f1os, con el inter\u00e9s de que puedas sumergirte en algunos de los paisajes &#8230;<\/p>\n","protected":false},"author":1,"featured_media":8491,"comment_status":"closed","ping_status":"closed","sticky":false,"template":"","format":"standard","meta":{"footnotes":""},"categories":[159,7,2564,356,23,11,2337,3],"tags":[2045,2919,2920,2013,2048,888,2917,2921,2923,1416,2922,2924,2918,2415,2749,2442,641,1923],"class_list":["post-8490","post","type-post","status-publish","format-standard","has-post-thumbnail","hentry","category-destinos","category-experiencias","category-islandia","category-novedades","category-promocion","category-httpwwwlabatiruralcomwordpress","category-viajes","category-videos","tag-eslovenia","tag-otono-en-toscana","tag-toscana-en-otono","tag-viajar-a-eslovenia","tag-viajar-a-eslovenia-otono","tag-viajar-a-islandia","tag-viajar-a-islandia-en-otono","tag-viaje-fotografico-a-islandia-2","tag-viaje-fotografico-eslovenia-2019","tag-viaje-fotografico-islandia","tag-viaje-fotografico-islandia-2019","tag-viaje-fotografico-toscana-2019","tag-viajes-a-islandia-2019","tag-viajes-a-toscana","tag-viajes-a-toscana-en-otono","tag-viajes-eslovenia","tag-viajes-fotograficos","tag-viajes-fotograficos-eslovenia","column","threecol","has-thumbnail"],"_links":{"self":[{"href":"https:\/\/www.chavinandez.com\/blog\/wp-json\/wp\/v2\/posts\/8490","targetHints":{"allow":["GET"]}}],"collection":[{"href":"https:\/\/www.chavinandez.com\/blog\/wp-json\/wp\/v2\/posts"}],"about":[{"href":"https:\/\/www.chavinandez.com\/blog\/wp-json\/wp\/v2\/types\/post"}],"author":[{"embeddable":true,"href":"https:\/\/www.chavinandez.com\/blog\/wp-json\/wp\/v2\/users\/1"}],"replies":[{"embeddable":true,"href":"https:\/\/www.chavinandez.com\/blog\/wp-json\/wp\/v2\/comments?post=8490"}],"version-history":[{"count":1,"href":"https:\/\/www.chavinandez.com\/blog\/wp-json\/wp\/v2\/posts\/8490\/revisions"}],"predecessor-version":[{"id":8492,"href":"https:\/\/www.chavinandez.com\/blog\/wp-json\/wp\/v2\/posts\/8490\/revisions\/8492"}],"wp:featuredmedia":[{"embeddable":true,"href":"https:\/\/www.chavinandez.com\/blog\/wp-json\/wp\/v2\/media\/8491"}],"wp:attachment":[{"href":"https:\/\/www.chavinandez.com\/blog\/wp-json\/wp\/v2\/media?parent=8490"}],"wp:term":[{"taxonomy":"category","embeddable":true,"href":"https:\/\/www.chavinandez.com\/blog\/wp-json\/wp\/v2\/categories?post=8490"},{"taxonomy":"post_tag","embeddable":true,"href":"https:\/\/www.chavinandez.com\/blog\/wp-json\/wp\/v2\/tags?post=8490"}],"curies":[{"name":"wp","href":"https:\/\/api.w.org\/{rel}","templated":true}]}}