{"id":834,"date":"2008-12-15T16:02:07","date_gmt":"2008-12-15T14:02:07","guid":{"rendered":"http:\/\/www.chavinandez.com\/blog\/?p=834"},"modified":"2008-12-15T19:25:44","modified_gmt":"2008-12-15T17:25:44","slug":"cortejo","status":"publish","type":"post","link":"https:\/\/www.chavinandez.com\/blog\/cortejo\/","title":{"rendered":"Cortejo"},"content":{"rendered":"<p><a href=\"https:\/\/www.chavinandez.com\/blog\/wp-content\/uploads\/2008\/12\/20081013-20081013-dsc_0078.jpg\"><img loading=\"lazy\" decoding=\"async\" class=\"alignnone size-full wp-image-833\" title=\"20081013-20081013-dsc_0078\" src=\"https:\/\/www.chavinandez.com\/blog\/wp-content\/uploads\/2008\/12\/20081013-20081013-dsc_0078.jpg\" alt=\"\" width=\"480\" height=\"319\" srcset=\"https:\/\/www.chavinandez.com\/blog\/wp-content\/uploads\/2008\/12\/20081013-20081013-dsc_0078.jpg 480w, https:\/\/www.chavinandez.com\/blog\/wp-content\/uploads\/2008\/12\/20081013-20081013-dsc_0078-200x132.jpg 200w, https:\/\/www.chavinandez.com\/blog\/wp-content\/uploads\/2008\/12\/20081013-20081013-dsc_0078-300x199.jpg 300w\" sizes=\"auto, (max-width: 480px) 100vw, 480px\" \/><\/a><\/p>\n<p>Nikon D70s. Focal 195 mm f\/5,0 vel- 1\/800 &#8211; 2\/3EV<br \/>\nPara el Puente del Pilar de este a\u00f1o, con EVADIUM, tuvimos el placer de observar de cerca, como estos caballos de las praderas de Lizara se hac\u00edan caranto\u00f1as, ajenos a los mirones.<\/p>\n","protected":false},"excerpt":{"rendered":"<p>Nikon D70s. Focal 195 mm f\/5,0 vel- 1\/800 &#8211; 2\/3EV Para el Puente del Pilar de este a\u00f1o, con EVADIUM, tuvimos el placer de observar de cerca, como estos caballos de las praderas de Lizara se hac\u00edan caranto\u00f1as, ajenos a los mirones.<\/p>\n","protected":false},"author":1,"featured_media":0,"comment_status":"open","ping_status":"open","sticky":false,"template":"","format":"standard","meta":{"footnotes":""},"categories":[36,9],"tags":[122,112,50],"class_list":["post-834","post","type-post","status-publish","format-standard","hentry","category-fotografia","category-imagenes","tag-caballos","tag-fotografia-de-paisajes","tag-otono","column","threecol"],"_links":{"self":[{"href":"https:\/\/www.chavinandez.com\/blog\/wp-json\/wp\/v2\/posts\/834","targetHints":{"allow":["GET"]}}],"collection":[{"href":"https:\/\/www.chavinandez.com\/blog\/wp-json\/wp\/v2\/posts"}],"about":[{"href":"https:\/\/www.chavinandez.com\/blog\/wp-json\/wp\/v2\/types\/post"}],"author":[{"embeddable":true,"href":"https:\/\/www.chavinandez.com\/blog\/wp-json\/wp\/v2\/users\/1"}],"replies":[{"embeddable":true,"href":"https:\/\/www.chavinandez.com\/blog\/wp-json\/wp\/v2\/comments?post=834"}],"version-history":[{"count":4,"href":"https:\/\/www.chavinandez.com\/blog\/wp-json\/wp\/v2\/posts\/834\/revisions"}],"predecessor-version":[{"id":850,"href":"https:\/\/www.chavinandez.com\/blog\/wp-json\/wp\/v2\/posts\/834\/revisions\/850"}],"wp:attachment":[{"href":"https:\/\/www.chavinandez.com\/blog\/wp-json\/wp\/v2\/media?parent=834"}],"wp:term":[{"taxonomy":"category","embeddable":true,"href":"https:\/\/www.chavinandez.com\/blog\/wp-json\/wp\/v2\/categories?post=834"},{"taxonomy":"post_tag","embeddable":true,"href":"https:\/\/www.chavinandez.com\/blog\/wp-json\/wp\/v2\/tags?post=834"}],"curies":[{"name":"wp","href":"https:\/\/api.w.org\/{rel}","templated":true}]}}