{"id":8001,"date":"2019-01-27T15:03:16","date_gmt":"2019-01-27T14:03:16","guid":{"rendered":"http:\/\/www.chavinandez.com\/blog\/?p=8001"},"modified":"2019-01-27T15:07:38","modified_gmt":"2019-01-27T14:07:38","slug":"winter-landscape","status":"publish","type":"post","link":"https:\/\/www.chavinandez.com\/blog\/winter-landscape\/","title":{"rendered":"Winter landscape"},"content":{"rendered":"\n<p>Los \u00faltimos 1.350 km de \u00e9sta semana anterior, la mayor\u00eda sobre hielo, adem\u00e1s de volver a embrujarnos, como la primera vez, seguir\u00e1n sumando instantes inolvidables a nuestra retina, llenos de vida a los m\u00e1s de 45.000 km que ya hemos recorrido en \u00e9ste inh\u00f3spito pa\u00eds, durante todas las estaciones del a\u00f1o y en especial en \u00e9sta, enamorados de su luz invernal.<\/p>\n\n\n\n<p>Cada a\u00f1o insistimos m\u00e1s y m\u00e1s en venir a descubrir ese horizonte nevado de invierno, de un pa\u00eds sorprendente, que aunque a veces caprichoso, imprevisible y templado tanto de tormentas solares como de corrientes oce\u00e1nicas, siempre acaba por dejarnos sin habla, por un paisaje que ning\u00fan otro lugar posee,  haya o no, las \u00faltimas auroras que hemos visto y veremos en unos cuantos a\u00f1os.<\/p>\n\n\n\n<p>Ahora, en enero, el sol comienza a vislumbrarse sobre las 10,30 am otorgando una luz incre\u00edble para cualquier fot\u00f3grafo y amante de la naturaleza. Durante pocas horas pero extremadamente intensas, Islandia estos meses nos permite aprovechar cada jornada, hasta que a veces nos deja exhaustos al quedarse el horizonte completamente en la penumbra total sobre las 17,30h. El pr\u00f3ximo mes de febrero, volvemos de nuevo con la <strong><a rel=\"noreferrer noopener\" aria-label=\"28 edici\u00f3n de nuestro viaje fotogr\u00e1fico a Islandia (abre en una nueva pesta\u00f1a)\" href=\"https:\/\/www.photolocus.net\/shop\/viajes-fotograficos\/139-sur-de-islandia-invierno.html\" target=\"_blank\">28 edici\u00f3n de nuestro viaje fotogr\u00e1fico a Islandia,<\/a><\/strong>con m\u00e1s horas de luz pero de igual calidad.<\/p>\n\n\n\n<p>No hay palabras, para describir lo que la natura de \u00e9ste pa\u00eds, nos aporta. Vivirlo en primera persona, e intensamente sin tener que preocuparse de buscar esos lugares m\u00e1gicos y diferentes a todo lo dem\u00e1s, para mirar a trav\u00e9s del visor, es lo que hacen quienes nos acompa\u00f1an cada vez. Si te animas, <strong><a rel=\"noreferrer noopener\" aria-label=\"a\u00fan est\u00e1s a tiempo (abre en una nueva pesta\u00f1a)\" href=\"https:\/\/www.photolocus.net\/shop\/viajes-fotograficos\/139-sur-de-islandia-invierno.html\" target=\"_blank\">a\u00fan est\u00e1s a tiempo<\/a><\/strong>, y si no puedes, aqu\u00ed tienes un resumen de ese paisaje invernal island\u00e9s, que seguro te dar\u00e1 alguna pincelada m\u00e1s de bonito de \u00e9ste pa\u00eds es en invierno. Espero que te guste ..!!<\/p>\n\n\n\n<figure class=\"wp-block-embed-vimeo wp-block-embed is-type-video is-provider-vimeo wp-embed-aspect-16-9 wp-has-aspect-ratio\"><div class=\"wp-block-embed__wrapper\">\n<iframe loading=\"lazy\" title=\"WINTER LANDSCAPE\" src=\"https:\/\/player.vimeo.com\/video\/313592407?dnt=1&amp;app_id=122963\" width=\"660\" height=\"371\" frameborder=\"0\" allow=\"autoplay; fullscreen; picture-in-picture; clipboard-write\"><\/iframe>\n<\/div><\/figure>\n","protected":false},"excerpt":{"rendered":"<p>Los \u00faltimos 1.350 km de \u00e9sta semana anterior, la mayor\u00eda sobre hielo, adem\u00e1s de volver a embrujarnos, como la primera vez, seguir\u00e1n sumando instantes inolvidables a nuestra retina, llenos de vida a los m\u00e1s de 45.000 km que ya hemos recorrido en \u00e9ste inh\u00f3spito pa\u00eds, durante todas las estaciones del &#8230;<\/p>\n","protected":false},"author":1,"featured_media":8002,"comment_status":"closed","ping_status":"closed","sticky":false,"template":"","format":"standard","meta":{"footnotes":""},"categories":[159,53,2482,7,2483,2484,11,2337,3],"tags":[1192,908,265,2831,2315],"class_list":["post-8001","post","type-post","status-publish","format-standard","has-post-thumbnail","hentry","category-destinos","category-documental","category-drones","category-experiencias","category-filmacion","category-fotografia-aerea","category-httpwwwlabatiruralcomwordpress","category-viajes","category-videos","tag-auroras-boreales","tag-iceland","tag-islandia","tag-islandia-2019","tag-islandia-en-invierno","column","threecol","has-thumbnail"],"_links":{"self":[{"href":"https:\/\/www.chavinandez.com\/blog\/wp-json\/wp\/v2\/posts\/8001","targetHints":{"allow":["GET"]}}],"collection":[{"href":"https:\/\/www.chavinandez.com\/blog\/wp-json\/wp\/v2\/posts"}],"about":[{"href":"https:\/\/www.chavinandez.com\/blog\/wp-json\/wp\/v2\/types\/post"}],"author":[{"embeddable":true,"href":"https:\/\/www.chavinandez.com\/blog\/wp-json\/wp\/v2\/users\/1"}],"replies":[{"embeddable":true,"href":"https:\/\/www.chavinandez.com\/blog\/wp-json\/wp\/v2\/comments?post=8001"}],"version-history":[{"count":5,"href":"https:\/\/www.chavinandez.com\/blog\/wp-json\/wp\/v2\/posts\/8001\/revisions"}],"predecessor-version":[{"id":8007,"href":"https:\/\/www.chavinandez.com\/blog\/wp-json\/wp\/v2\/posts\/8001\/revisions\/8007"}],"wp:featuredmedia":[{"embeddable":true,"href":"https:\/\/www.chavinandez.com\/blog\/wp-json\/wp\/v2\/media\/8002"}],"wp:attachment":[{"href":"https:\/\/www.chavinandez.com\/blog\/wp-json\/wp\/v2\/media?parent=8001"}],"wp:term":[{"taxonomy":"category","embeddable":true,"href":"https:\/\/www.chavinandez.com\/blog\/wp-json\/wp\/v2\/categories?post=8001"},{"taxonomy":"post_tag","embeddable":true,"href":"https:\/\/www.chavinandez.com\/blog\/wp-json\/wp\/v2\/tags?post=8001"}],"curies":[{"name":"wp","href":"https:\/\/api.w.org\/{rel}","templated":true}]}}