{"id":7845,"date":"2018-12-16T01:34:18","date_gmt":"2018-12-16T00:34:18","guid":{"rendered":"http:\/\/www.chavinandez.com\/blog\/?p=7845"},"modified":"2018-12-16T18:52:37","modified_gmt":"2018-12-16T17:52:37","slug":"islandia-en-invierno","status":"publish","type":"post","link":"https:\/\/www.chavinandez.com\/blog\/islandia-en-invierno\/","title":{"rendered":"Islandia en invierno"},"content":{"rendered":"\n<figure class=\"wp-block-embed-vimeo wp-block-embed is-type-video is-provider-vimeo wp-embed-aspect-16-9 wp-has-aspect-ratio\"><div class=\"wp-block-embed__wrapper\">\n<iframe loading=\"lazy\" title=\"Te gusta el invierno, Te gusta Islandia\" src=\"https:\/\/player.vimeo.com\/video\/306598266?dnt=1&amp;app_id=122963\" width=\"660\" height=\"371\" frameborder=\"0\" allow=\"autoplay; fullscreen; picture-in-picture; clipboard-write\"><\/iframe>\n<\/div><figcaption>23 de febrero de 2019, otra nueva aventura photolocus<\/figcaption><\/figure>\n\n\n\n<p>Nuestra primera aventura fotogr\u00e1fica islandesa de 2019 comienza el 23 de febrero, con la <strong><a href=\"https:\/\/www.photolocus.net\/shop\/viajes-fotograficos\/139-sur-de-islandia-invierno.html\" target=\"_blank\" rel=\"noreferrer noopener\" aria-label=\"Nuestra primera aventura fotogr\u00e1fica islandesa de 2019 comienza el 23 de febrero, con la vig\u00e9simo octava edici\u00f3n de nuestro viaje fotogr\u00e1fico a Islandia. Ocho d\u00edas y siete noches en las que esperamos como siempre que tod@s y cada uno de l@s ocho aventurer@s que nos acompa\u00f1an, no olviden en mucho tiempo ese viaje. (opens in a new tab)\">vig\u00e9simo octava edici\u00f3n de nuestro viaje fotogr\u00e1fico a Islandia<\/a><\/strong>. Ocho d\u00edas y siete noches en las que esperamos como siempre que tod@s y cada uno de l@s ocho aventurer@s que nos acompa\u00f1an, no olviden en mucho tiempo ese viaje.<\/p>\n\n\n\n<p>El paisaje invernal al que nos tiene acostumbrados \u00e9ste pa\u00eds, no deja de sorprendernos a\u00f1o tras a\u00f1o. Ninguno igual, todos y cada uno diferentes,&nbsp; algunos hostiles con tempestades o huracanes, otros calmados y serenos, pero en definitiva, llenos de belleza sin igual que provoca que muchos vuelvan no una, sino varias ocasiones deseando de nuevo repetir otra vez.<\/p>\n\n\n\n<p>La agencia con la que llevamos trabajando 10 a\u00f1os:<br \/><\/p>\n\n\n\n<p><a rel=\"noreferrer noopener\" aria-label=\"Nuestra oferta con Boreal Travel (opens in a new tab)\" href=\"https:\/\/www.borealtravel.com\/viaje-fotografico-en-islandia\" target=\"_blank\">Nuestra oferta de viaje fotogr\u00e1fico a Islandia en 2019 con Boreal Travel <\/a><br \/><a rel=\"noreferrer noopener\" aria-label=\"Nuestra oferta con Boreal Travel (opens in a new tab)\" href=\"https:\/\/www.borealtravel.com\/viaje-fotografico-en-islandia\" target=\"_blank\">(<\/a>la \u00faltima edici\u00f3n a precio antiguo)<\/p>\n\n\n\n<div class=\"wp-block-image\"><figure class=\"alignleft is-resized\"><img loading=\"lazy\" decoding=\"async\" src=\"https:\/\/static.wixstatic.com\/media\/cea4fb_63d4815ebef44f5496af5de948cec852~mv2.png\/v1\/fill\/w_175,h_71,al_c,q_80,usm_0.66_1.00_0.01\/cea4fb_63d4815ebef44f5496af5de948cec852~mv2.webp\" alt=\"\" width=\"245\" height=\"99\"\/><figcaption><a href=\"https:\/\/www.borealtravel.com\/\" target=\"_blank\" rel=\"noreferrer noopener\" aria-label=\"https:\/\/www.borealtravel.com\/\n\n (opens in a new tab)\">https:\/\/www.borealtravel.com\/<br \/><\/a><br \/><\/figcaption><\/figure><\/div>\n\n\n\n<p class=\"has-large-font-size\"><em><strong>Webs de informaci\u00f3n pr\u00e1ctica:<\/strong><\/em><\/p>\n\n\n\n<p><em><strong>Webs de informaci\u00f3n pr\u00e1ctica:<\/strong><\/em><\/p>\n\n\n\n<p><a rel=\"noreferrer noopener\" aria-label=\"Listado de agencias de viajes y touroperadores registrados en el pa\u00eds (opens in a new tab)\" href=\"https:\/\/www.inspiredbyiceland.com\/plan-your-trip\/travel-search\/search-results\/?SubCategories=1.1.2%2C1.1.3&amp;CategoryID=1&amp;RegionID=0&amp;Query=\" target=\"_blank\"><em>Listado de agencias de viajes y touroperadores registrados en el pa\u00eds (con licencia para poder guiar grupos y legalmente establecidas)<\/em><\/a><\/p>\n\n\n\n<p><strong>El n\u00famero de emergencias en Islandia es el 112.<\/strong>&nbsp;B\u00fasqueda y Rescate (ICE-SAR) es el 570-5900.<\/p>\n\n\n\n<p><strong>Carreteras<\/strong> y <strong>conducci\u00f3n<\/strong> en Islandia es&nbsp;<a href=\"http:\/\/www.road.is\/\">http:\/\/www.road.is\/<\/a>&nbsp;<br \/>Tel\u00e9fono de informaci\u00f3n: 1777<\/p>\n\n\n\n<p><strong>PREVISI\u00d3N meteo <\/strong>y de Auroras:&nbsp;<strong><a href=\"http:\/\/en.vedur.is\/weather\/forecasts\/aurora\/\">http:\/\/en.vedur.is\/weather\/forecasts\/aurora\/<\/a><\/strong><\/p>\n\n\n\n<p><\/p>\n\n\n\n<p class=\"has-large-font-size\"><strong><em>Post Relacionados con viajes a Islandia, auroras boreales y equipamiento necesario<\/em><\/strong><\/p>\n\n\n\n<h2 class=\"wp-block-heading\"><a rel=\"noreferrer noopener\" aria-label=\"Viajar a Islandia en invierno, ropa y equipo fotogr\u00e1fico (opens in a new tab)\" href=\"https:\/\/www.chavinandez.com\/blog\/?p=7165\" target=\"_blank\">Viajar a Islandia en invierno, ropa y equipo fotogr\u00e1fico<\/a><\/h2>\n\n\n\n<p style=\"font-size:32px\"><a rel=\"noreferrer noopener\" aria-label=\"Islandia en invierno y los sorprendentes humores de nuestro planeta tierra (opens in a new tab)\" href=\"https:\/\/www.chavinandez.com\/blog\/?p=6814\" target=\"_blank\"><strong>Islandia en invierno y los sorprendentes humores de nuestro planeta tierra<\/strong><\/a><\/p>\n\n\n\n<h2 class=\"wp-block-heading\"><a rel=\"noreferrer noopener\" aria-label=\"Equipo fotogr\u00e1fico para viajar a Islandia en invierno (opens in a new tab)\" href=\"https:\/\/www.chavinandez.com\/blog\/?p=6210\" target=\"_blank\">Equipo fotogr\u00e1fico para viajar a Islandia en invierno<\/a><\/h2>\n\n\n\n<p class=\"has-large-font-size\"><a rel=\"noreferrer noopener\" aria-label=\"220 lugares m\u00e1gicos de Islandia (opens in a new tab)\" href=\"https:\/\/www.chavinandez.com\/blog\/?p=5982\" target=\"_blank\"><strong>220 lugares m\u00e1gicos de Islandia<\/strong><\/a><\/p>\n\n\n\n<h2 class=\"wp-block-heading\"><a href=\"https:\/\/www.chavinandez.com\/blog\/?p=5531\" target=\"_blank\" rel=\"noreferrer noopener\" aria-label=\"Qu\u00e9 equipo llevar a un Viaje fotogr\u00e1fico a Islandia (opens in a new tab)\">Qu\u00e9 equipo llevar a un Viaje fotogr\u00e1fico a Islandia<\/a><\/h2>\n\n\n\n<h2 class=\"wp-block-heading\"><a href=\"https:\/\/www.chavinandez.com\/blog\/?p=5078\" target=\"_blank\" rel=\"noreferrer noopener\" aria-label=\"Viajar a Islandia, el equipo fotogr\u00e1fico recomendado (opens in a new tab)\">Viajar a Islandia, el equipo fotogr\u00e1fico recomendado<\/a><\/h2>\n\n\n\n<h2 class=\"wp-block-heading\"><a href=\"https:\/\/www.chavinandez.com\/blog\/?p=4561\" target=\"_blank\" rel=\"noreferrer noopener\" aria-label=\"La gu\u00eda; Sur de Islandia para Fot\u00f3grafos, ya disponible (opens in a new tab)\">La gu\u00eda; Sur de Islandia para Fot\u00f3grafos, ya disponible<\/a><\/h2>\n","protected":false},"excerpt":{"rendered":"<p>Nuestra primera aventura fotogr\u00e1fica islandesa de 2019 comienza el 23 de febrero, con la vig\u00e9simo octava edici\u00f3n de nuestro viaje fotogr\u00e1fico a Islandia. Ocho d\u00edas y siete noches en las que esperamos como siempre que tod@s y cada uno de l@s ocho aventurer@s que nos acompa\u00f1an, no olviden en mucho &#8230;<\/p>\n","protected":false},"author":1,"featured_media":7862,"comment_status":"closed","ping_status":"closed","sticky":false,"template":"","format":"standard","meta":{"footnotes":""},"categories":[159,7,1,2564,23,11,2337,3],"tags":[2828,2830,265,2831,2315,1733,91,641,920],"class_list":["post-7845","post","type-post","status-publish","format-standard","has-post-thumbnail","hentry","category-destinos","category-experiencias","category-general","category-islandia","category-promocion","category-httpwwwlabatiruralcomwordpress","category-viajes","category-videos","tag-auroras","tag-invierno-islandia","tag-islandia","tag-islandia-2019","tag-islandia-en-invierno","tag-islandia-viajes","tag-viajes","tag-viajes-fotograficos","tag-video-islandia","column","threecol","has-thumbnail"],"_links":{"self":[{"href":"https:\/\/www.chavinandez.com\/blog\/wp-json\/wp\/v2\/posts\/7845","targetHints":{"allow":["GET"]}}],"collection":[{"href":"https:\/\/www.chavinandez.com\/blog\/wp-json\/wp\/v2\/posts"}],"about":[{"href":"https:\/\/www.chavinandez.com\/blog\/wp-json\/wp\/v2\/types\/post"}],"author":[{"embeddable":true,"href":"https:\/\/www.chavinandez.com\/blog\/wp-json\/wp\/v2\/users\/1"}],"replies":[{"embeddable":true,"href":"https:\/\/www.chavinandez.com\/blog\/wp-json\/wp\/v2\/comments?post=7845"}],"version-history":[{"count":12,"href":"https:\/\/www.chavinandez.com\/blog\/wp-json\/wp\/v2\/posts\/7845\/revisions"}],"predecessor-version":[{"id":7864,"href":"https:\/\/www.chavinandez.com\/blog\/wp-json\/wp\/v2\/posts\/7845\/revisions\/7864"}],"wp:featuredmedia":[{"embeddable":true,"href":"https:\/\/www.chavinandez.com\/blog\/wp-json\/wp\/v2\/media\/7862"}],"wp:attachment":[{"href":"https:\/\/www.chavinandez.com\/blog\/wp-json\/wp\/v2\/media?parent=7845"}],"wp:term":[{"taxonomy":"category","embeddable":true,"href":"https:\/\/www.chavinandez.com\/blog\/wp-json\/wp\/v2\/categories?post=7845"},{"taxonomy":"post_tag","embeddable":true,"href":"https:\/\/www.chavinandez.com\/blog\/wp-json\/wp\/v2\/tags?post=7845"}],"curies":[{"name":"wp","href":"https:\/\/api.w.org\/{rel}","templated":true}]}}