{"id":7839,"date":"2018-12-10T11:15:52","date_gmt":"2018-12-10T10:15:52","guid":{"rendered":"http:\/\/www.chavinandez.com\/blog\/?p=7839"},"modified":"2018-12-10T12:15:38","modified_gmt":"2018-12-10T11:15:38","slug":"recopilacion-portfolio-ultimos-trabajos-de-agroalimentacion","status":"publish","type":"post","link":"https:\/\/www.chavinandez.com\/blog\/recopilacion-portfolio-ultimos-trabajos-de-agroalimentacion\/","title":{"rendered":"Recopilaci\u00f3n portfolio \u00faltimos trabajos de agroalimentaci\u00f3n"},"content":{"rendered":"\n<figure class=\"wp-block-embed-vimeo wp-block-embed is-type-video is-provider-vimeo wp-embed-aspect-16-9 wp-has-aspect-ratio\"><div class=\"wp-block-embed__wrapper\">\n<iframe title=\"AGRI-FOOD Showreel\" src=\"https:\/\/vimeo.com\/showcase\/5481213\/embed\" width=660 height=371 allowfullscreen frameborder=\"0\"><\/iframe>\n<\/div><\/figure>\n\n\n\n<p>Ya est\u00e1n ordenados por fecha algunos de los \u00faltimos trabajos publicados y realizados para clientes del sector de agroalimentaci\u00f3n en mi canal de Vimeo.<\/p>\n","protected":false},"excerpt":{"rendered":"<p>Ya est\u00e1n ordenados por fecha algunos de los \u00faltimos trabajos publicados y realizados para clientes del sector de agroalimentaci\u00f3n en mi canal de Vimeo.<\/p>\n","protected":false},"author":1,"featured_media":7841,"comment_status":"closed","ping_status":"closed","sticky":false,"template":"","format":"standard","meta":{"footnotes":""},"categories":[2662,2483,2484,2661,356,23,3],"tags":[2822,88,2814,2821,2815,2816,2826,2819,2820,2823,2825,2824,2818,2817,2827],"class_list":["post-7839","post","type-post","status-publish","format-standard","has-post-thumbnail","hentry","category-agricultura","category-filmacion","category-fotografia-aerea","category-fotografia-alimentacion","category-novedades","category-promocion","category-videos","tag-audiovisuales-con-drone","tag-audiovisuales-promocionales","tag-creacion-de-spot-agroalimentario","tag-creacion-de-videos-con-drone","tag-creacion-video-bodegas","tag-creacion-video-denominacion-de-origen","tag-creaciones-audiovisuales-ferias","tag-empresas-aragonesas-con-drone","tag-empresas-audiovisuales","tag-productor-audiovisual-aragon","tag-productor-audiovisual-la-rioja","tag-productor-audiovisual-navarra","tag-video-con-drone","tag-video-corporativo","tag-videos-corporativos-para-ferias","column","threecol","has-thumbnail"],"_links":{"self":[{"href":"https:\/\/www.chavinandez.com\/blog\/wp-json\/wp\/v2\/posts\/7839","targetHints":{"allow":["GET"]}}],"collection":[{"href":"https:\/\/www.chavinandez.com\/blog\/wp-json\/wp\/v2\/posts"}],"about":[{"href":"https:\/\/www.chavinandez.com\/blog\/wp-json\/wp\/v2\/types\/post"}],"author":[{"embeddable":true,"href":"https:\/\/www.chavinandez.com\/blog\/wp-json\/wp\/v2\/users\/1"}],"replies":[{"embeddable":true,"href":"https:\/\/www.chavinandez.com\/blog\/wp-json\/wp\/v2\/comments?post=7839"}],"version-history":[{"count":3,"href":"https:\/\/www.chavinandez.com\/blog\/wp-json\/wp\/v2\/posts\/7839\/revisions"}],"predecessor-version":[{"id":7843,"href":"https:\/\/www.chavinandez.com\/blog\/wp-json\/wp\/v2\/posts\/7839\/revisions\/7843"}],"wp:featuredmedia":[{"embeddable":true,"href":"https:\/\/www.chavinandez.com\/blog\/wp-json\/wp\/v2\/media\/7841"}],"wp:attachment":[{"href":"https:\/\/www.chavinandez.com\/blog\/wp-json\/wp\/v2\/media?parent=7839"}],"wp:term":[{"taxonomy":"category","embeddable":true,"href":"https:\/\/www.chavinandez.com\/blog\/wp-json\/wp\/v2\/categories?post=7839"},{"taxonomy":"post_tag","embeddable":true,"href":"https:\/\/www.chavinandez.com\/blog\/wp-json\/wp\/v2\/tags?post=7839"}],"curies":[{"name":"wp","href":"https:\/\/api.w.org\/{rel}","templated":true}]}}