{"id":7803,"date":"2018-11-27T16:31:31","date_gmt":"2018-11-27T15:31:31","guid":{"rendered":"http:\/\/www.chavinandez.com\/blog\/?p=7803"},"modified":"2018-11-27T18:02:06","modified_gmt":"2018-11-27T17:02:06","slug":"fotografia-aerea-otra-perspectiva-del-paisaje","status":"publish","type":"post","link":"https:\/\/www.chavinandez.com\/blog\/fotografia-aerea-otra-perspectiva-del-paisaje\/","title":{"rendered":"Fotograf\u00eda a\u00e9rea, Otra perspectiva del paisaje"},"content":{"rendered":"<p><a href=\"http:\/\/www.blurb.es\/ebooks\/681687-fotograf-a-a-rea\" target=\"_blank\" rel=\"noopener\"><img loading=\"lazy\" decoding=\"async\" class=\"alignnone size-full wp-image-7804\" src=\"https:\/\/www.chavinandez.com\/blog\/wp-content\/uploads\/2018\/11\/Portada-eBookFotografiaAerea2018.jpg\" alt=\"\" width=\"1000\" height=\"749\" srcset=\"https:\/\/www.chavinandez.com\/blog\/wp-content\/uploads\/2018\/11\/Portada-eBookFotografiaAerea2018.jpg 1000w, https:\/\/www.chavinandez.com\/blog\/wp-content\/uploads\/2018\/11\/Portada-eBookFotografiaAerea2018-200x150.jpg 200w, https:\/\/www.chavinandez.com\/blog\/wp-content\/uploads\/2018\/11\/Portada-eBookFotografiaAerea2018-401x300.jpg 401w, https:\/\/www.chavinandez.com\/blog\/wp-content\/uploads\/2018\/11\/Portada-eBookFotografiaAerea2018-768x575.jpg 768w, https:\/\/www.chavinandez.com\/blog\/wp-content\/uploads\/2018\/11\/Portada-eBookFotografiaAerea2018-700x524.jpg 700w, https:\/\/www.chavinandez.com\/blog\/wp-content\/uploads\/2018\/11\/Portada-eBookFotografiaAerea2018-332x249.jpg 332w\" sizes=\"auto, (max-width: 1000px) 100vw, 1000px\" \/><\/a><\/p>\n<p>Llevaba tiempo queriendo terminarlo, y al fin he podido. Ya tienes disponible mi \u00faltimo <strong>eBook<\/strong> cargado con algunos de los instantes desde el aire que m\u00e1s me han impactado en el \u00faltimos a\u00f1os. Una publicaci\u00f3n digital, como todas las anteriores pensada para ser vista desde tu iPhone, iPad o tablet, compatible con <a href=\"http:\/\/www.blurb.es\/ebooks\/681687-fotograf-a-a-rea\" target=\"_blank\" rel=\"noopener\"><strong>iBooks de Apple<\/strong><\/a>. Un libro electr\u00f3nico eminentemente visual para contar con muy poca letra, lo que m\u00e1s nos apasiona, la fotograf\u00eda de paisaje, pero esta vez desde otra perspectiva.<\/p>\n<p><a href=\"http:\/\/www.blurb.es\/ebooks\/681687-fotograf-a-a-rea\" target=\"_blank\" rel=\"noopener\"><img loading=\"lazy\" decoding=\"async\" class=\"alignnone size-full wp-image-7810\" src=\"https:\/\/www.chavinandez.com\/blog\/wp-content\/uploads\/2018\/11\/EbookFotografiaAereaconDrones-agricola.jpg\" alt=\"\" width=\"900\" height=\"384\" srcset=\"https:\/\/www.chavinandez.com\/blog\/wp-content\/uploads\/2018\/11\/EbookFotografiaAereaconDrones-agricola.jpg 900w, https:\/\/www.chavinandez.com\/blog\/wp-content\/uploads\/2018\/11\/EbookFotografiaAereaconDrones-agricola-200x85.jpg 200w, https:\/\/www.chavinandez.com\/blog\/wp-content\/uploads\/2018\/11\/EbookFotografiaAereaconDrones-agricola-480x205.jpg 480w, https:\/\/www.chavinandez.com\/blog\/wp-content\/uploads\/2018\/11\/EbookFotografiaAereaconDrones-agricola-768x328.jpg 768w, https:\/\/www.chavinandez.com\/blog\/wp-content\/uploads\/2018\/11\/EbookFotografiaAereaconDrones-agricola-700x299.jpg 700w, https:\/\/www.chavinandez.com\/blog\/wp-content\/uploads\/2018\/11\/EbookFotografiaAereaconDrones-agricola-332x142.jpg 332w\" sizes=\"auto, (max-width: 900px) 100vw, 900px\" \/><\/a><\/p>\n<p>A lo largo de m\u00e1s de doscientas p\u00e1ginas te cuento con im\u00e1genes, la mayor\u00eda a doble p\u00e1gina, las posibilidades de nuestro ojo desde el aire, a pocos metros del suelo o decenas de \u00e9l. Pero tambi\u00e9n aprovecho para animarte a ser responsable y cumplir con la normativa en materia medioambiental, de seguridad y privacidad que nos exige \u00e9sta nueva tem\u00e1tica de fotograf\u00eda. Algo que es de vital importancia para evitar trastornos y molestias al resto de habitantes del entorno rural, especialmente a sus propietarios, al ganado, especialmente animales salvajes, rapaces, que podamos cruzarnos de manera fortuita.<\/p>\n<p><a href=\"http:\/\/www.blurb.es\/ebooks\/681687-fotograf-a-a-rea\" target=\"_blank\" rel=\"noopener\"><img loading=\"lazy\" decoding=\"async\" class=\"alignnone size-full wp-image-7813\" src=\"https:\/\/www.chavinandez.com\/blog\/wp-content\/uploads\/2018\/11\/EbookFotografiaAereaconDrones-capitulos.jpg\" alt=\"\" width=\"900\" height=\"388\" srcset=\"https:\/\/www.chavinandez.com\/blog\/wp-content\/uploads\/2018\/11\/EbookFotografiaAereaconDrones-capitulos.jpg 900w, https:\/\/www.chavinandez.com\/blog\/wp-content\/uploads\/2018\/11\/EbookFotografiaAereaconDrones-capitulos-200x86.jpg 200w, https:\/\/www.chavinandez.com\/blog\/wp-content\/uploads\/2018\/11\/EbookFotografiaAereaconDrones-capitulos-480x207.jpg 480w, https:\/\/www.chavinandez.com\/blog\/wp-content\/uploads\/2018\/11\/EbookFotografiaAereaconDrones-capitulos-768x331.jpg 768w, https:\/\/www.chavinandez.com\/blog\/wp-content\/uploads\/2018\/11\/EbookFotografiaAereaconDrones-capitulos-700x302.jpg 700w, https:\/\/www.chavinandez.com\/blog\/wp-content\/uploads\/2018\/11\/EbookFotografiaAereaconDrones-capitulos-332x143.jpg 332w\" sizes=\"auto, (max-width: 900px) 100vw, 900px\" \/><\/a><\/p>\n<p>Te incluyo al final del eBook en su sexto y \u00faltimo cap\u00edtulo llamado; &#8220;<strong>Experiencias<\/strong>&#8220;, algunos consejos basados en los errores y la inexperiencia que otros hemos vivido al comenzar esta afici\u00f3n, a\u00f1os atr\u00e1s, y te hablo para que no te sientas un delincuente, de las zonas y normativa para los vuelos recreativos con drone, los enlaces \u00fatiles y las aplicaciones que te ayudar\u00e1n a sacarle partido a tus jornadas de vuelo con toda seguridad y tambi\u00e9n, de forma resumida de los ajustes base para la fotograf\u00eda a\u00e9rea con drones DJI especialmente que son los que vuelo, as\u00ed como algunos consejos para viajar a otros pa\u00edses.<\/p>\n<p><a href=\"http:\/\/www.blurb.es\/ebooks\/681687-fotograf-a-a-rea\" target=\"_blank\" rel=\"noopener\"><img loading=\"lazy\" decoding=\"async\" class=\"alignnone size-full wp-image-7811\" src=\"https:\/\/www.chavinandez.com\/blog\/wp-content\/uploads\/2018\/11\/EbookFotografiaAereaconDrones-anegados.jpg\" alt=\"\" width=\"900\" height=\"384\" srcset=\"https:\/\/www.chavinandez.com\/blog\/wp-content\/uploads\/2018\/11\/EbookFotografiaAereaconDrones-anegados.jpg 900w, https:\/\/www.chavinandez.com\/blog\/wp-content\/uploads\/2018\/11\/EbookFotografiaAereaconDrones-anegados-200x85.jpg 200w, https:\/\/www.chavinandez.com\/blog\/wp-content\/uploads\/2018\/11\/EbookFotografiaAereaconDrones-anegados-480x205.jpg 480w, https:\/\/www.chavinandez.com\/blog\/wp-content\/uploads\/2018\/11\/EbookFotografiaAereaconDrones-anegados-768x328.jpg 768w, https:\/\/www.chavinandez.com\/blog\/wp-content\/uploads\/2018\/11\/EbookFotografiaAereaconDrones-anegados-700x299.jpg 700w, https:\/\/www.chavinandez.com\/blog\/wp-content\/uploads\/2018\/11\/EbookFotografiaAereaconDrones-anegados-332x142.jpg 332w\" sizes=\"auto, (max-width: 900px) 100vw, 900px\" \/><\/a><\/p>\n<p>Es mi intenci\u00f3n, con \u00e9sta y otras publicaciones anteriores, animarte a disfrutar de la fotograf\u00eda <strong>sea con la herramienta que sea<\/strong> y as\u00ed conocer mejor tu entorno, valorarlo y respetarlo.<\/p>\n<p><strong><a href=\"http:\/\/www.blurb.es\/ebooks\/681687-fotograf-a-a-rea\" target=\"_blank\" rel=\"noopener\">Aqu\u00ed<\/a><\/strong> tienes el enlace del <a href=\"http:\/\/www.blurb.es\/ebooks\/681687-fotograf-a-a-rea\" target=\"_blank\" rel=\"noopener\"><strong>eBook<\/strong><\/a>, que tiene un precio de <strong>9,99\u20ac<\/strong> y espero que te guste. Buena lectura y buen vuelo&#8230;!!!<\/p>\n<p><em>P.D: Ah&#8230;y si quieres aprender a mejorar tus fotograf\u00edas con la c\u00e1mara de tu drone porque no le sacas todo el partido, aqu\u00ed tienes este <a href=\"https:\/\/www.photolocus.net\/shop\/cursos-privados-y-tours\/186-curso-privado-fotografia-aerea.html\" target=\"_blank\" rel=\"noopener\"><strong>Curso Privado de Fotograf\u00eda con Drone<\/strong><\/a> que imparto tanto en Zaragoza como a 300 kms de radio de la capital aragonesa. Un curso r\u00e1pido, a la carta &#8220;One to One&#8221; en el que me tienes disponible todo el a\u00f1o para la fecha que mejor te venga, como todos los cursos privados, entre semana. Y si quieres en fin de semana en grupo reducido, aqu\u00ed tienes las fechas de los <a href=\"https:\/\/www.photolocus.net\/shop\/taller-fin-de-semana\/193-taller-de-fotografia-aerea-con-drones.html\" target=\"_blank\" rel=\"noopener\"><strong>Pr\u00f3ximos Talleres de fotograf\u00eda A\u00e9rea<\/strong><\/a> con Drones en <a href=\"https:\/\/www.photolocus.net\/shop\/\" target=\"_blank\" rel=\"noopener\"><strong>Photolocus.net<\/strong><\/a><\/em><\/p>\n","protected":false},"excerpt":{"rendered":"<p>Llevaba tiempo queriendo terminarlo, y al fin he podido. Ya tienes disponible mi \u00faltimo eBook cargado con algunos de los instantes desde el aire que m\u00e1s me han impactado en el \u00faltimos a\u00f1os. Una publicaci\u00f3n digital, como todas las anteriores pensada para ser vista desde tu iPhone, iPad o tablet, &#8230;<\/p>\n","protected":false},"author":1,"featured_media":7804,"comment_status":"closed","ping_status":"closed","sticky":false,"template":"","format":"standard","meta":{"footnotes":""},"categories":[2662,2482,7,36,2484,46,356,23],"tags":[2813,2657,2808,2805,2806,2810,2811,2673,2812,2807,2809,2804,2738],"class_list":["post-7803","post","type-post","status-publish","format-standard","has-post-thumbnail","hentry","category-agricultura","category-drones","category-experiencias","category-fotografia","category-fotografia-aerea","category-libros","category-novedades","category-promocion","tag-dji-drones","tag-drone","tag-dronestagram","tag-ebooks-fotografia-aerea","tag-ebooks-fotografia-drone","tag-foto-aerea","tag-fotografia-con-dji","tag-fotografia-con-drones","tag-fotografia-con-drones-dji","tag-fotos-con-drone","tag-instadrone","tag-libros-fotografia-aerea","tag-servicios-de-fotografia-aerea","column","threecol","has-thumbnail"],"_links":{"self":[{"href":"https:\/\/www.chavinandez.com\/blog\/wp-json\/wp\/v2\/posts\/7803","targetHints":{"allow":["GET"]}}],"collection":[{"href":"https:\/\/www.chavinandez.com\/blog\/wp-json\/wp\/v2\/posts"}],"about":[{"href":"https:\/\/www.chavinandez.com\/blog\/wp-json\/wp\/v2\/types\/post"}],"author":[{"embeddable":true,"href":"https:\/\/www.chavinandez.com\/blog\/wp-json\/wp\/v2\/users\/1"}],"replies":[{"embeddable":true,"href":"https:\/\/www.chavinandez.com\/blog\/wp-json\/wp\/v2\/comments?post=7803"}],"version-history":[{"count":7,"href":"https:\/\/www.chavinandez.com\/blog\/wp-json\/wp\/v2\/posts\/7803\/revisions"}],"predecessor-version":[{"id":7815,"href":"https:\/\/www.chavinandez.com\/blog\/wp-json\/wp\/v2\/posts\/7803\/revisions\/7815"}],"wp:featuredmedia":[{"embeddable":true,"href":"https:\/\/www.chavinandez.com\/blog\/wp-json\/wp\/v2\/media\/7804"}],"wp:attachment":[{"href":"https:\/\/www.chavinandez.com\/blog\/wp-json\/wp\/v2\/media?parent=7803"}],"wp:term":[{"taxonomy":"category","embeddable":true,"href":"https:\/\/www.chavinandez.com\/blog\/wp-json\/wp\/v2\/categories?post=7803"},{"taxonomy":"post_tag","embeddable":true,"href":"https:\/\/www.chavinandez.com\/blog\/wp-json\/wp\/v2\/tags?post=7803"}],"curies":[{"name":"wp","href":"https:\/\/api.w.org\/{rel}","templated":true}]}}