{"id":7698,"date":"2018-08-23T19:28:54","date_gmt":"2018-08-23T18:28:54","guid":{"rendered":"http:\/\/www.chavinandez.com\/blog\/?p=7698"},"modified":"2018-08-23T19:50:39","modified_gmt":"2018-08-23T18:50:39","slug":"aprender-a-convivir-y-a-coexistir-con-miras-reales-de-locales-de-desarrollo","status":"publish","type":"post","link":"https:\/\/www.chavinandez.com\/blog\/aprender-a-convivir-y-a-coexistir-con-miras-reales-de-locales-de-desarrollo\/","title":{"rendered":"Paisajes de cuento y la mirada del Oso pardo en eslovenia"},"content":{"rendered":"\n<figure class=\"wp-block-image\"><img loading=\"lazy\" decoding=\"async\" width=\"1024\" height=\"684\" src=\"https:\/\/www.chavinandez.com\/blog\/wp-content\/uploads\/2016\/01\/17007590714_28a5dcc828_b.jpg\" alt=\"\" class=\"wp-image-6103\" srcset=\"https:\/\/www.chavinandez.com\/blog\/wp-content\/uploads\/2016\/01\/17007590714_28a5dcc828_b.jpg 1024w, https:\/\/www.chavinandez.com\/blog\/wp-content\/uploads\/2016\/01\/17007590714_28a5dcc828_b-200x134.jpg 200w, https:\/\/www.chavinandez.com\/blog\/wp-content\/uploads\/2016\/01\/17007590714_28a5dcc828_b-449x300.jpg 449w, https:\/\/www.chavinandez.com\/blog\/wp-content\/uploads\/2016\/01\/17007590714_28a5dcc828_b-768x513.jpg 768w, https:\/\/www.chavinandez.com\/blog\/wp-content\/uploads\/2016\/01\/17007590714_28a5dcc828_b-700x468.jpg 700w, https:\/\/www.chavinandez.com\/blog\/wp-content\/uploads\/2016\/01\/17007590714_28a5dcc828_b-332x222.jpg 332w, https:\/\/www.chavinandez.com\/blog\/wp-content\/uploads\/2016\/01\/17007590714_28a5dcc828_b-900x601.jpg 900w\" sizes=\"auto, (max-width: 1024px) 100vw, 1024px\" \/><\/figure>\n\n\n\n<p>Por quinto a\u00f1o consecutivo del 19 al 26 de octubre, escapamos a uno de los mejores lugares del mundo para poder aprender de las costumbres y coexistencia del hombre con la vida salvaje y observar muy de cerca el comportamiento del oso pardo en su h\u00e1bitat con la colaboraci\u00f3n y la supervisi\u00f3n del proyecto de &#8220;slovenian bears&#8221;. Proyecto que tuve la suerte de ver nacer y al que poder aportar mi experiencia creativa a nivel fotogr\u00e1fico y de gesti\u00f3n de viajes.<\/p>\n\n\n\n<figure class=\"wp-block-embed-instagram wp-block-embed is-type-rich is-provider-instagram\">\nhttps:\/\/www.instagram.com\/p\/Bag4Q3VHeJC\/?taken-by=chavinandez\n<\/figure>\n\n\n\n<p>Como cada oto\u00f1o, os invitamos a un viaje fotografico de paisaje, naturaleza forestal inmersos en la m\u00e1s aut\u00e9ntica etnogr\u00e1fica rural durante 7 d\u00edas para 8 personas. Una de las mejores propuestas que hemos podido dise\u00f1ar gracias a nuestros anfitriones all\u00ed y colaboradores que nos ofrecen principalmente una hospitalidad sin igual a un precio muy interesante a nuestro peque\u00f1o grupo de fot\u00f3grafos y amantes de la natura, en r\u00e9gimen de pensi\u00f3n completa con la mejor gastronom\u00eda local. Una experiencia que a todos les encanta y recuerdan con gran emotividad.<\/p>\n\n\n\n<figure class=\"wp-block-embed-instagram wp-block-embed is-type-rich is-provider-instagram\">\nhttps:\/\/www.instagram.com\/p\/BajPL6Jn0la\/?taken-by=chavinandez\n<\/figure>\n\n\n\n<p class=\"has-drop-cap\">&#8220;Para nosotros fue una de las cosas que m\u00e1s nos ha marcado. Mi marido y yo no somos fot\u00f3grafos expertos ni nada, pero poder ver y observar frente a frente este animal salvaje y sus oseznos, escondidos y el silencio absoluto durante un buen rato, fue algo que no olvidaremos nunca&#8221; <em>Ana Mateo y Joan Espinosa<\/em><\/p>\n\n\n\n<p>A dos horas de Espa\u00f1a una peque\u00f1a Canad\u00e1 que nos espera con su mejor color oto\u00f1al. \u00bfte vienes..? Dos \u00faltimas plazas ;_)<\/p>\n\n\n\n<p><\/p>\n\n\n\n<figure class=\"wp-block-embed-vimeo wp-block-embed is-type-video is-provider-vimeo\">\n<iframe loading=\"lazy\" title=\"Slovenian Bears Adventure\" src=\"https:\/\/player.vimeo.com\/video\/111572756?dnt=1&amp;app_id=122963\" width=\"660\" height=\"371\" frameborder=\"0\" allow=\"autoplay; fullscreen; picture-in-picture; clipboard-write\"><\/iframe>\n<\/figure>\n\n\n\n<p><\/p>\n\n\n\n<p class=\"has-drop-cap\">&#8220;Eslovenia es un pa\u00eds precioso, para cualquier fot\u00f3grafo de paisaje y m\u00e1s esta parte completamente aislada del turismo y ajena al mundo. Sus bosques y entorno natural de cuevas y agua, son inmensos y bell\u00edsimos. Repetir\u00eda nuevamente sin dudarlo&#8221; <em>Angel Ramiro<\/em><\/p>\n\n\n\n<p>M\u00e1s informaci\u00f3n y reservas en: <strong><a href=\"https:\/\/www.photolocus.net\/shop\/viajes-fotograficos\/152-viaje-fotografico-a-eslovenia.html\">Photolocus.net<\/a><\/strong><\/p>\n","protected":false},"excerpt":{"rendered":"<p>Por quinto a\u00f1o consecutivo del 19 al 26 de octubre, escapamos a uno de los mejores lugares del mundo para poder aprender de las costumbres y coexistencia del hombre con la vida salvaje y observar muy de cerca el comportamiento del oso pardo en su h\u00e1bitat con la colaboraci\u00f3n y &#8230;<\/p>\n","protected":false},"author":1,"featured_media":7701,"comment_status":"closed","ping_status":"closed","sticky":false,"template":"","format":"standard","meta":{"footnotes":""},"categories":[159,53,7,356,23,223,11,2337,3,5],"tags":[2045,2321,2773,2774,2775,2776,2318,2013,2777,641],"class_list":["post-7698","post","type-post","status-publish","format-standard","has-post-thumbnail","hentry","category-destinos","category-documental","category-experiencias","category-novedades","category-promocion","category-reportajes","category-httpwwwlabatiruralcomwordpress","category-viajes","category-videos","category-web-20","tag-eslovenia","tag-eslovenia-viajes","tag-fotografia-fauna-eslovenia","tag-hides-eslovenia","tag-mlakar-eslovenia","tag-oso-pardo-esloveno","tag-ursus-arctos","tag-viajar-a-eslovenia","tag-viajes-eslovenia-2018","tag-viajes-fotograficos","column","threecol","has-thumbnail"],"_links":{"self":[{"href":"https:\/\/www.chavinandez.com\/blog\/wp-json\/wp\/v2\/posts\/7698","targetHints":{"allow":["GET"]}}],"collection":[{"href":"https:\/\/www.chavinandez.com\/blog\/wp-json\/wp\/v2\/posts"}],"about":[{"href":"https:\/\/www.chavinandez.com\/blog\/wp-json\/wp\/v2\/types\/post"}],"author":[{"embeddable":true,"href":"https:\/\/www.chavinandez.com\/blog\/wp-json\/wp\/v2\/users\/1"}],"replies":[{"embeddable":true,"href":"https:\/\/www.chavinandez.com\/blog\/wp-json\/wp\/v2\/comments?post=7698"}],"version-history":[{"count":5,"href":"https:\/\/www.chavinandez.com\/blog\/wp-json\/wp\/v2\/posts\/7698\/revisions"}],"predecessor-version":[{"id":7707,"href":"https:\/\/www.chavinandez.com\/blog\/wp-json\/wp\/v2\/posts\/7698\/revisions\/7707"}],"wp:featuredmedia":[{"embeddable":true,"href":"https:\/\/www.chavinandez.com\/blog\/wp-json\/wp\/v2\/media\/7701"}],"wp:attachment":[{"href":"https:\/\/www.chavinandez.com\/blog\/wp-json\/wp\/v2\/media?parent=7698"}],"wp:term":[{"taxonomy":"category","embeddable":true,"href":"https:\/\/www.chavinandez.com\/blog\/wp-json\/wp\/v2\/categories?post=7698"},{"taxonomy":"post_tag","embeddable":true,"href":"https:\/\/www.chavinandez.com\/blog\/wp-json\/wp\/v2\/tags?post=7698"}],"curies":[{"name":"wp","href":"https:\/\/api.w.org\/{rel}","templated":true}]}}