{"id":7607,"date":"2018-07-31T15:55:40","date_gmt":"2018-07-31T14:55:40","guid":{"rendered":"http:\/\/www.chavinandez.com\/blog\/?p=7607"},"modified":"2018-07-31T20:28:43","modified_gmt":"2018-07-31T19:28:43","slug":"nuevo-viaje-fotografico-tres-pirineos-en-nuestro-x-aniversario-2019","status":"publish","type":"post","link":"https:\/\/www.chavinandez.com\/blog\/nuevo-viaje-fotografico-tres-pirineos-en-nuestro-x-aniversario-2019\/","title":{"rendered":"Nuevo Viaje fotogr\u00e1fico Tres Pirineos en nuestro X aniversario 2019"},"content":{"rendered":"<p>Hay quienes viajan por conocer y descubrir en las ra\u00edces, las tradiciones o la gastronom\u00eda de cada lugar, parte de su identidad. Desde ni\u00f1os hemos admirado esas monta\u00f1as que cerca de nuestro hogar, nos han dado adem\u00e1s de un rinc\u00f3n en donde jugar y ba\u00f1arnos en sus pozas, la oportunidad de adentrarnos en sus bosques, barrancos y en todas y cada una de las estaciones, para demostrarnos c\u00f3mo un mismo entorno natural puede ser diverso y completamente cambiante en cada estaci\u00f3n.<\/p>\n<p>Este a\u00f1o era obligado preparar concienzudamente un itinerario en formato de viaje fotogr\u00e1fico m\u00e1s extenso y detenido que cualquiera de nuestros 30 talleres de fotograf\u00eda de fin de semana, para muchos de los amigos que hace tiempo nos los ped\u00edan. Un viaje cercano, sin salir de las fronteras y por ello accesible y m\u00e1s asequible, que cualquiera de los cuarenta que ya hemos realizado al extranjero en estos diez a\u00f1os. No s\u00f3lo por ser nuestro aniversario sino por que nos debemos tanto a nuestros amigos y clientes, escuchando sus sugerencias y haci\u00e9ndolas lo mejor que sabemos, pero sobre todo, por agradecer a estos pirineos que tanto nos han dado, y nos han ense\u00f1ado y a\u00fan hoy siguen aportando la mejor de las lecciones vitales, la del valor por las cosas, el amor por la diversidad de la cultura, el respeto por el patrimonio rural y sus habitantes, y por supuesto, la necesidad de aprender y conservar la naturaleza que nos rodea.<\/p>\n<p>Durante <a href=\"https:\/\/www.photolocus.net\/shop\/viajes-fotograficos\/189-viaje-fotografico-los-tres-pirineos.html\" target=\"_blank\" rel=\"noopener\">ocho d\u00edas y siete noches en mayo 2019<\/a> estaremos ah\u00ed, con todo preparado, los mejores manjares tradicionales de los fogones que bien nos deleitan cada ocasi\u00f3n, ahora todos juntos, el alojamiento que nunca nos defrauda y siempre nos sorprende en cada una de las actividades que llevamos realizando a\u00f1os, as\u00ed como los m\u00e1s expertos gu\u00edas de cada zona, en un itinerario lleno de localizaciones, que os van a sorprender. Espero que os guste, el peque\u00f1o trailer de promoci\u00f3n que tienes a continuaci\u00f3n, y empieces a so\u00f1ar con cada una de esas localizaciones que ver\u00e1s en primera persona, y con tu c\u00e1mara, en <a href=\"https:\/\/www.photolocus.net\/shop\/viajes-fotograficos\/189-viaje-fotografico-los-tres-pirineos.html\" target=\"_blank\" rel=\"noopener\">una nueva aventura Photolocus de la pr\u00f3xima primavera.<\/a><\/p>\n<p>Buen verano<\/p>\n<p><iframe loading=\"lazy\" title=\"VIAJE FOTOGR\u00c1FICO LOS TRES PIRINEOS\" src=\"https:\/\/player.vimeo.com\/video\/282498531?dnt=1&amp;app_id=122963\" width=\"660\" height=\"371\" frameborder=\"0\" allow=\"autoplay; fullscreen; picture-in-picture; clipboard-write\"><\/iframe><\/p>\n","protected":false},"excerpt":{"rendered":"<p>Hay quienes viajan por conocer y descubrir en las ra\u00edces, las tradiciones o la gastronom\u00eda de cada lugar, parte de su identidad. Desde ni\u00f1os hemos admirado esas monta\u00f1as que cerca de nuestro hogar, nos han dado adem\u00e1s de un rinc\u00f3n en donde jugar y ba\u00f1arnos en sus pozas, la oportunidad &#8230;<\/p>\n","protected":false},"author":1,"featured_media":7609,"comment_status":"closed","ping_status":"closed","sticky":false,"template":"","format":"standard","meta":{"footnotes":""},"categories":[159,53,7,2484,356,23,223,11,2337,3,5],"tags":[411,67,2760,91,2761,641,2762],"class_list":["post-7607","post","type-post","status-publish","format-standard","has-post-thumbnail","hentry","category-destinos","category-documental","category-experiencias","category-fotografia-aerea","category-novedades","category-promocion","category-reportajes","category-httpwwwlabatiruralcomwordpress","category-viajes","category-videos","category-web-20","tag-fotografia-en-pirineos","tag-pirineos","tag-viajar-a-pirineos","tag-viajes","tag-viajes-2019","tag-viajes-fotograficos","tag-viajes-fotograficos-2019","column","threecol","has-thumbnail"],"_links":{"self":[{"href":"https:\/\/www.chavinandez.com\/blog\/wp-json\/wp\/v2\/posts\/7607","targetHints":{"allow":["GET"]}}],"collection":[{"href":"https:\/\/www.chavinandez.com\/blog\/wp-json\/wp\/v2\/posts"}],"about":[{"href":"https:\/\/www.chavinandez.com\/blog\/wp-json\/wp\/v2\/types\/post"}],"author":[{"embeddable":true,"href":"https:\/\/www.chavinandez.com\/blog\/wp-json\/wp\/v2\/users\/1"}],"replies":[{"embeddable":true,"href":"https:\/\/www.chavinandez.com\/blog\/wp-json\/wp\/v2\/comments?post=7607"}],"version-history":[{"count":6,"href":"https:\/\/www.chavinandez.com\/blog\/wp-json\/wp\/v2\/posts\/7607\/revisions"}],"predecessor-version":[{"id":7614,"href":"https:\/\/www.chavinandez.com\/blog\/wp-json\/wp\/v2\/posts\/7607\/revisions\/7614"}],"wp:featuredmedia":[{"embeddable":true,"href":"https:\/\/www.chavinandez.com\/blog\/wp-json\/wp\/v2\/media\/7609"}],"wp:attachment":[{"href":"https:\/\/www.chavinandez.com\/blog\/wp-json\/wp\/v2\/media?parent=7607"}],"wp:term":[{"taxonomy":"category","embeddable":true,"href":"https:\/\/www.chavinandez.com\/blog\/wp-json\/wp\/v2\/categories?post=7607"},{"taxonomy":"post_tag","embeddable":true,"href":"https:\/\/www.chavinandez.com\/blog\/wp-json\/wp\/v2\/tags?post=7607"}],"curies":[{"name":"wp","href":"https:\/\/api.w.org\/{rel}","templated":true}]}}