{"id":7329,"date":"2018-04-15T00:46:49","date_gmt":"2018-04-14T23:46:49","guid":{"rendered":"http:\/\/www.chavinandez.com\/blog\/?p=7329"},"modified":"2018-04-15T15:17:12","modified_gmt":"2018-04-15T14:17:12","slug":"cuando-la-naturaleza-recobra-su-territorio","status":"publish","type":"post","link":"https:\/\/www.chavinandez.com\/blog\/cuando-la-naturaleza-recobra-su-territorio\/","title":{"rendered":"Cuando la naturaleza recobra su territorio"},"content":{"rendered":"<p>Las intensas lluvias de estos d\u00edas han dado paso a un paisaje en Arag\u00f3n y muchas otras zonas de la pen\u00ednsula de inundaciones en urbanizaciones, poblaciones, granjas, terrenos agr\u00edcolas, muchos en zonas &#8220;inundables&#8221; y un sinf\u00edn de escenarios un tanto pintorescos aunque a pesar de las desgracias econ\u00f3micas la perdida humana es la peor, m\u00e1s importante que cualquier otra p\u00e9rdida econ\u00f3mica como las de algunas viviendas residenciales en terrenos antes de otro due\u00f1o natural. El cauce del r\u00edo Ebro, un r\u00edo que ha vuelto a engullir cientos de kil\u00f3metros de hect\u00e1reas deja por otro lado im\u00e1genes de todo tipo, y que todo amante del paisaje sabe interpretar y otros medios acompa\u00f1ar para ilustrar sus noticias al respecto que durante algunas horas o d\u00edas a lo sumo ser\u00e1n como el humo, fugaces.\u00a0\u00a0<a href=\"https:\/\/chavinandez.photoshelter.com\/gallery-image\/Ebro-River-Flooding\/G0000p1Qz7BkDS_Y\/I0000rjFw0vE51ic\/C0000MEE1BkP4y6M\" target=\"_blank\" rel=\"noopener\">Aqu\u00ed<\/a> algunas de ellas, que tambi\u00e9n muestran la otra cara de la cat\u00e1strofe, la belleza e inclemencia de la naturaleza cuando se manifiesta y la osad\u00eda de la civilizaci\u00f3n cuando cree estar por encima de ella, poniendo limites barreras al territorio.<\/p>\n<p><a href=\"https:\/\/chavinandez.photoshelter.com\/gallery-image\/Ebro-River-Flooding\/G0000p1Qz7BkDS_Y\/I0000rjFw0vE51ic\/C0000MEE1BkP4y6M\" target=\"_blank\" rel=\"noopener\"><img loading=\"lazy\" decoding=\"async\" class=\"alignnone wp-image-7330 size-full\" src=\"https:\/\/www.chavinandez.com\/blog\/wp-content\/uploads\/2018\/04\/EBRO-RIVER-FLOODING-201802-01.jpeg\" alt=\"\" width=\"1200\" height=\"899\" srcset=\"https:\/\/www.chavinandez.com\/blog\/wp-content\/uploads\/2018\/04\/EBRO-RIVER-FLOODING-201802-01.jpeg 1200w, https:\/\/www.chavinandez.com\/blog\/wp-content\/uploads\/2018\/04\/EBRO-RIVER-FLOODING-201802-01-200x150.jpeg 200w, https:\/\/www.chavinandez.com\/blog\/wp-content\/uploads\/2018\/04\/EBRO-RIVER-FLOODING-201802-01-400x300.jpeg 400w, https:\/\/www.chavinandez.com\/blog\/wp-content\/uploads\/2018\/04\/EBRO-RIVER-FLOODING-201802-01-768x575.jpeg 768w, https:\/\/www.chavinandez.com\/blog\/wp-content\/uploads\/2018\/04\/EBRO-RIVER-FLOODING-201802-01-1024x767.jpeg 1024w, https:\/\/www.chavinandez.com\/blog\/wp-content\/uploads\/2018\/04\/EBRO-RIVER-FLOODING-201802-01-700x524.jpeg 700w, https:\/\/www.chavinandez.com\/blog\/wp-content\/uploads\/2018\/04\/EBRO-RIVER-FLOODING-201802-01-332x249.jpeg 332w\" sizes=\"auto, (max-width: 1200px) 100vw, 1200px\" \/><\/a><\/p>\n","protected":false},"excerpt":{"rendered":"<p>Las intensas lluvias de estos d\u00edas han dado paso a un paisaje en Arag\u00f3n y muchas otras zonas de la pen\u00ednsula de inundaciones en urbanizaciones, poblaciones, granjas, terrenos agr\u00edcolas, muchos en zonas &#8220;inundables&#8221; y un sinf\u00edn de escenarios un tanto pintorescos aunque a pesar de las desgracias econ\u00f3micas la perdida &#8230;<\/p>\n","protected":false},"author":1,"featured_media":7330,"comment_status":"closed","ping_status":"closed","sticky":false,"template":"","format":"standard","meta":{"footnotes":""},"categories":[2662,2482,7,36,2484,223],"tags":[2689,2691,2684,2507,2485,112,2687,2685,1407,2690,2686,2692,2688,180],"class_list":["post-7329","post","type-post","status-publish","format-standard","has-post-thumbnail","hentry","category-agricultura","category-drones","category-experiencias","category-fotografia","category-fotografia-aerea","category-reportajes","tag-aerial-views","tag-alertas","tag-ebro","tag-fotografia-aerea","tag-fotografia-aerea-en-zaragoza","tag-fotografia-de-paisajes","tag-fotografia-para-aseguradoras","tag-inundaciones","tag-news","tag-noticias","tag-ribera-del-ebro","tag-rio-inundaciones","tag-seguros-agrarios","tag-zaragoza","column","threecol","has-thumbnail"],"_links":{"self":[{"href":"https:\/\/www.chavinandez.com\/blog\/wp-json\/wp\/v2\/posts\/7329","targetHints":{"allow":["GET"]}}],"collection":[{"href":"https:\/\/www.chavinandez.com\/blog\/wp-json\/wp\/v2\/posts"}],"about":[{"href":"https:\/\/www.chavinandez.com\/blog\/wp-json\/wp\/v2\/types\/post"}],"author":[{"embeddable":true,"href":"https:\/\/www.chavinandez.com\/blog\/wp-json\/wp\/v2\/users\/1"}],"replies":[{"embeddable":true,"href":"https:\/\/www.chavinandez.com\/blog\/wp-json\/wp\/v2\/comments?post=7329"}],"version-history":[{"count":8,"href":"https:\/\/www.chavinandez.com\/blog\/wp-json\/wp\/v2\/posts\/7329\/revisions"}],"predecessor-version":[{"id":7339,"href":"https:\/\/www.chavinandez.com\/blog\/wp-json\/wp\/v2\/posts\/7329\/revisions\/7339"}],"wp:featuredmedia":[{"embeddable":true,"href":"https:\/\/www.chavinandez.com\/blog\/wp-json\/wp\/v2\/media\/7330"}],"wp:attachment":[{"href":"https:\/\/www.chavinandez.com\/blog\/wp-json\/wp\/v2\/media?parent=7329"}],"wp:term":[{"taxonomy":"category","embeddable":true,"href":"https:\/\/www.chavinandez.com\/blog\/wp-json\/wp\/v2\/categories?post=7329"},{"taxonomy":"post_tag","embeddable":true,"href":"https:\/\/www.chavinandez.com\/blog\/wp-json\/wp\/v2\/tags?post=7329"}],"curies":[{"name":"wp","href":"https:\/\/api.w.org\/{rel}","templated":true}]}}