{"id":7271,"date":"2018-03-28T23:30:27","date_gmt":"2018-03-28T22:30:27","guid":{"rendered":"http:\/\/www.chavinandez.com\/blog\/?p=7271"},"modified":"2018-04-09T11:35:49","modified_gmt":"2018-04-09T10:35:49","slug":"7271","status":"publish","type":"post","link":"https:\/\/www.chavinandez.com\/blog\/7271\/","title":{"rendered":"Fotograf\u00eda a\u00e9rea, otra perspectiva del paisaje"},"content":{"rendered":"<p><img loading=\"lazy\" decoding=\"async\" class=\"alignnone size-full wp-image-7272\" src=\"https:\/\/www.chavinandez.com\/blog\/wp-content\/uploads\/2018\/03\/Fotograf\u00eda-A\u00e9rea.-Otra-perspectiva-del-paisaje.jpg\" alt=\"\" width=\"724\" height=\"1024\" srcset=\"https:\/\/www.chavinandez.com\/blog\/wp-content\/uploads\/2018\/03\/Fotograf\u00eda-A\u00e9rea.-Otra-perspectiva-del-paisaje.jpg 724w, https:\/\/www.chavinandez.com\/blog\/wp-content\/uploads\/2018\/03\/Fotograf\u00eda-A\u00e9rea.-Otra-perspectiva-del-paisaje-106x150.jpg 106w, https:\/\/www.chavinandez.com\/blog\/wp-content\/uploads\/2018\/03\/Fotograf\u00eda-A\u00e9rea.-Otra-perspectiva-del-paisaje-212x300.jpg 212w, https:\/\/www.chavinandez.com\/blog\/wp-content\/uploads\/2018\/03\/Fotograf\u00eda-A\u00e9rea.-Otra-perspectiva-del-paisaje-700x990.jpg 700w, https:\/\/www.chavinandez.com\/blog\/wp-content\/uploads\/2018\/03\/Fotograf\u00eda-A\u00e9rea.-Otra-perspectiva-del-paisaje-332x470.jpg 332w\" sizes=\"auto, (max-width: 724px) 100vw, 724px\" \/><\/p>\n<p><strong>Bajo el t\u00edtulo &#8220;Fotograf\u00eda a\u00e9rea, otra perspectiva del paisaje&#8221;<\/strong>, tengo la suerte de poder participar y moderar un taller- charla, demostraci\u00f3n, m\u00e1s que curso, que se celebrar\u00e1 el pr\u00f3ximo s\u00e1bado 14 de abril en la sede de la Asociaci\u00f3n Aragonesa de\u00a0Fot\u00f3grafos de naturaleza, ASAFONA.es sita en la calle Lagasca 21, Zaragoza.<\/p>\n<p>En dicha actividad se trataran algunos aspectos relevantes que pueden ser de inter\u00e9s tanto para naturalistas, fot\u00f3grafos y aficionados a los drones entre los que est\u00e1n:<\/p>\n<p>&#8211; Actual panorama legal y normativa<br \/>\n&#8211; Nuevos Escenarios Recreativo y profesional<br \/>\n&#8211; Zonas permitidas de vuelo, prohibidas y ZEPAS<br \/>\n&#8211; Retos y posibles amenazas del uso de drones en espacios naturales<br \/>\n&#8211; Usos para la fotografia y filmaci\u00f3n de Naturaleza<br \/>\n&#8211; Tecnolog\u00edas actuales de Video, Panor\u00e1micas, Time lapse<br \/>\n&#8211; Oferta actual de drones para fotografia de paisaje para todos los bolsillos<br \/>\n&#8211; Oferta formativa, seguros responsabilidad civil y obligatoriedad de placas de identificaci\u00f3n para vuelo recreativo.<\/p>\n<p><strong>Seg\u00fan la web de Asafona el precio de esta actividad es; PRECIOS SOCIOS de ASAFONA: 10 \u20ac \u00a0y\u00a0<\/strong><strong>PRECIO NO SOCIOS: 20 \u20ac \u00a0\u00a0<\/strong>El precio del taller se abonar\u00e1 el mismo d\u00eda del curso.<\/p>\n<p>Dia: 14 de abril,\u00a0horario: 10am &#8211; 14 ( aprox)<\/p>\n<p style=\"text-align: left;\"><a href=\"https:\/\/chavinandez.photoshelter.com\/portfolio\/C0000MEE1BkP4y6M\/G00007tVylwO7Dv4\" target=\"_blank\" rel=\"noopener\"><b>Im\u00e1genes de trabajos realizados en archivo <\/b><span style=\"color: #d54e21;\"><b>fotograf\u00eda<\/b><\/span><b>\u00a0a\u00e9rea<\/b><\/a><b>.<\/b><\/p>\n<p><strong>Plataforma DJI<\/strong> <a href=\"https:\/\/www.skypixel.com\/users\/chavina\" target=\"_blank\" rel=\"noopener\">SKYPIXEL<\/a><\/p>\n","protected":false},"excerpt":{"rendered":"<p>Bajo el t\u00edtulo &#8220;Fotograf\u00eda a\u00e9rea, otra perspectiva del paisaje&#8221;, tengo la suerte de poder participar y moderar un taller- charla, demostraci\u00f3n, m\u00e1s que curso, que se celebrar\u00e1 el pr\u00f3ximo s\u00e1bado 14 de abril en la sede de la Asociaci\u00f3n Aragonesa de\u00a0Fot\u00f3grafos de naturaleza, ASAFONA.es sita en la calle Lagasca 21, &#8230;<\/p>\n","protected":false},"author":1,"featured_media":7272,"comment_status":"closed","ping_status":"closed","sticky":false,"template":"","format":"standard","meta":{"footnotes":""},"categories":[344,2482,7,2484,356,37,3,5],"tags":[2658,2660,2657,2492,2507,2485,2659],"class_list":["post-7271","post","type-post","status-publish","format-standard","has-post-thumbnail","hentry","category-charlas","category-drones","category-experiencias","category-fotografia-aerea","category-novedades","category-talleres","category-videos","category-web-20","tag-charla-fotografia-aerea","tag-charlas-drone","tag-drone","tag-filmacion-con-drones","tag-fotografia-aerea","tag-fotografia-aerea-en-zaragoza","tag-fotografia-de-paisaje-con-drone","column","threecol","has-thumbnail"],"_links":{"self":[{"href":"https:\/\/www.chavinandez.com\/blog\/wp-json\/wp\/v2\/posts\/7271","targetHints":{"allow":["GET"]}}],"collection":[{"href":"https:\/\/www.chavinandez.com\/blog\/wp-json\/wp\/v2\/posts"}],"about":[{"href":"https:\/\/www.chavinandez.com\/blog\/wp-json\/wp\/v2\/types\/post"}],"author":[{"embeddable":true,"href":"https:\/\/www.chavinandez.com\/blog\/wp-json\/wp\/v2\/users\/1"}],"replies":[{"embeddable":true,"href":"https:\/\/www.chavinandez.com\/blog\/wp-json\/wp\/v2\/comments?post=7271"}],"version-history":[{"count":7,"href":"https:\/\/www.chavinandez.com\/blog\/wp-json\/wp\/v2\/posts\/7271\/revisions"}],"predecessor-version":[{"id":7327,"href":"https:\/\/www.chavinandez.com\/blog\/wp-json\/wp\/v2\/posts\/7271\/revisions\/7327"}],"wp:featuredmedia":[{"embeddable":true,"href":"https:\/\/www.chavinandez.com\/blog\/wp-json\/wp\/v2\/media\/7272"}],"wp:attachment":[{"href":"https:\/\/www.chavinandez.com\/blog\/wp-json\/wp\/v2\/media?parent=7271"}],"wp:term":[{"taxonomy":"category","embeddable":true,"href":"https:\/\/www.chavinandez.com\/blog\/wp-json\/wp\/v2\/categories?post=7271"},{"taxonomy":"post_tag","embeddable":true,"href":"https:\/\/www.chavinandez.com\/blog\/wp-json\/wp\/v2\/tags?post=7271"}],"curies":[{"name":"wp","href":"https:\/\/api.w.org\/{rel}","templated":true}]}}