{"id":7268,"date":"2018-03-18T19:04:13","date_gmt":"2018-03-18T18:04:13","guid":{"rendered":"http:\/\/www.chavinandez.com\/blog\/?p=7268"},"modified":"2018-03-18T19:08:11","modified_gmt":"2018-03-18T18:08:11","slug":"disponible-el-video-de-la-vigesimo-sexta-edicion-a-islandia","status":"publish","type":"post","link":"https:\/\/www.chavinandez.com\/blog\/disponible-el-video-de-la-vigesimo-sexta-edicion-a-islandia\/","title":{"rendered":"Disponible el v\u00eddeo de la vig\u00e9simo sexta edici\u00f3n a Islandia"},"content":{"rendered":"<p>Tanto en el canal de <a href=\"https:\/\/www.youtube.com\/watch?v=qYgaWiWZH_E&amp;feature=youtu.be\" target=\"_blank\" rel=\"noopener\"><strong>Youtube<\/strong><\/a> como el de <strong><a href=\"https:\/\/vimeo.com\/chnd\" target=\"_blank\" rel=\"noopener\">VIMEO<\/a><\/strong> ya tienes disponible el \u00faltimo v\u00eddeo del viaje fotogr\u00e1fico a Islandia, de este invierno, con alguno de los instantes de esta edici\u00f3n n\u00famero veintis\u00e9is, y cuyo objetivo siempre es servir de breve recuerdo audiovisual a los asistentes a los dos viajes de este invierno, un invierno en donde adem\u00e1s se puede ver la diferencia de paisajes y con ello localizaciones alternas entre una semana y otra que han podido disfrutar.<\/p>\n<p>Si te animas al pr\u00f3ximo viaje fotogr\u00e1fico, <a href=\"https:\/\/www.photolocus.net\/shop\/23-viajes-fotograficos\" target=\"_blank\" rel=\"noopener\">aqu\u00ed tienes m\u00e1s informaci\u00f3n<\/a>, o si no, s\u00f3lo tienes que estar atento al blog o suscribirte a nuestro newsletter\u00a0<a href=\"http:\/\/eepurl.com\/b4OrML\" target=\"_blank\" rel=\"noopener\">aqu\u00ed<\/a><\/p>\n<p><iframe loading=\"lazy\" title=\"VIAJE FOTOGR\u00c1FICO a ISLANDIA INVIERNO 2018, 26\u00aa EDICI\u00d3N\" src=\"https:\/\/player.vimeo.com\/video\/260651544?dnt=1&amp;app_id=122963\" width=\"660\" height=\"371\" frameborder=\"0\" allow=\"autoplay; fullscreen; picture-in-picture; clipboard-write\"><\/iframe><\/p>\n","protected":false},"excerpt":{"rendered":"<p>Tanto en el canal de Youtube como el de VIMEO ya tienes disponible el \u00faltimo v\u00eddeo del viaje fotogr\u00e1fico a Islandia, de este invierno, con alguno de los instantes de esta edici\u00f3n n\u00famero veintis\u00e9is, y cuyo objetivo siempre es servir de breve recuerdo audiovisual a los asistentes a los dos &#8230;<\/p>\n","protected":false},"author":1,"featured_media":7244,"comment_status":"closed","ping_status":"closed","sticky":false,"template":"","format":"standard","meta":{"footnotes":""},"categories":[159,7,2484,2022,2564,356,23,223,2021,11,2337,3,5],"tags":[265,1855,2534,1283],"class_list":["post-7268","post","type-post","status-publish","format-standard","has-post-thumbnail","hentry","category-destinos","category-experiencias","category-fotografia-aerea","category-fotografia-con-movil","category-islandia","category-novedades","category-promocion","category-reportajes","category-smartphone","category-httpwwwlabatiruralcomwordpress","category-viajes","category-videos","category-web-20","tag-islandia","tag-viaje-fotografico","tag-viajes-fotograficos-2018","tag-viajes-islandia","column","threecol","has-thumbnail"],"_links":{"self":[{"href":"https:\/\/www.chavinandez.com\/blog\/wp-json\/wp\/v2\/posts\/7268","targetHints":{"allow":["GET"]}}],"collection":[{"href":"https:\/\/www.chavinandez.com\/blog\/wp-json\/wp\/v2\/posts"}],"about":[{"href":"https:\/\/www.chavinandez.com\/blog\/wp-json\/wp\/v2\/types\/post"}],"author":[{"embeddable":true,"href":"https:\/\/www.chavinandez.com\/blog\/wp-json\/wp\/v2\/users\/1"}],"replies":[{"embeddable":true,"href":"https:\/\/www.chavinandez.com\/blog\/wp-json\/wp\/v2\/comments?post=7268"}],"version-history":[{"count":1,"href":"https:\/\/www.chavinandez.com\/blog\/wp-json\/wp\/v2\/posts\/7268\/revisions"}],"predecessor-version":[{"id":7270,"href":"https:\/\/www.chavinandez.com\/blog\/wp-json\/wp\/v2\/posts\/7268\/revisions\/7270"}],"wp:featuredmedia":[{"embeddable":true,"href":"https:\/\/www.chavinandez.com\/blog\/wp-json\/wp\/v2\/media\/7244"}],"wp:attachment":[{"href":"https:\/\/www.chavinandez.com\/blog\/wp-json\/wp\/v2\/media?parent=7268"}],"wp:term":[{"taxonomy":"category","embeddable":true,"href":"https:\/\/www.chavinandez.com\/blog\/wp-json\/wp\/v2\/categories?post=7268"},{"taxonomy":"post_tag","embeddable":true,"href":"https:\/\/www.chavinandez.com\/blog\/wp-json\/wp\/v2\/tags?post=7268"}],"curies":[{"name":"wp","href":"https:\/\/api.w.org\/{rel}","templated":true}]}}