{"id":7239,"date":"2018-03-05T18:28:29","date_gmt":"2018-03-05T17:28:29","guid":{"rendered":"http:\/\/www.chavinandez.com\/blog\/?p=7239"},"modified":"2018-03-05T18:49:04","modified_gmt":"2018-03-05T17:49:04","slug":"la-aventura-del-pais-islandes-vigesimo-sexta-edicion","status":"publish","type":"post","link":"https:\/\/www.chavinandez.com\/blog\/la-aventura-del-pais-islandes-vigesimo-sexta-edicion\/","title":{"rendered":"La aventura del pa\u00eds island\u00e9s, vig\u00e9simo sexta edici\u00f3n"},"content":{"rendered":"<p>No pasa ninguna edici\u00f3n sin que a las pocos d\u00edas de volver, suba un breve\u00a0post a modo de resumen de lo que nos ha acontecido y \u00e9sta no iba a ser menos, a falta de tener, ya con m\u00e1s tiempo, el v\u00eddeo de recuerdo para los asistentes, de nuestra expedici\u00f3n por el pa\u00eds, \u00e9sta la vig\u00e9simo sexta. A pesar de que a los asistentes les recomiendo no mirar las fotos hasta pasadas unas semanas, yo siempre elijo unas cuantas para ilustrar este post.<\/p>\n<p>Este a\u00f1o 2018 la edici\u00f3n de invierno ha sido de las<strong> m\u00e1s complicadas por meteorolog\u00eda<\/strong> y por ello, en cuanto a condiciones de movilidad por el pa\u00eds, por la presencia de dos fuertes <strong>tormentas huracanadas<\/strong> con vientos en ocasiones laterales que llegaron a superar los <strong>38 metros por segundo<\/strong>, es decir casi <strong>140 kil\u00f3metros hora<\/strong>. El viento sin duda es lo m\u00e1s molesto en los desplazamientos por el pa\u00eds.<\/p>\n<figure id=\"attachment_7251\" aria-describedby=\"caption-attachment-7251\" style=\"width: 799px\" class=\"wp-caption alignnone\"><a href=\"https:\/\/www.chavinandez.com\/blog\/?p=4561\"><img loading=\"lazy\" decoding=\"async\" class=\"wp-image-7251 size-full\" src=\"https:\/\/www.chavinandez.com\/blog\/wp-content\/uploads\/2018\/03\/viajefotograficoislandia2018-12.jpg\" alt=\"\" width=\"799\" height=\"533\" srcset=\"https:\/\/www.chavinandez.com\/blog\/wp-content\/uploads\/2018\/03\/viajefotograficoislandia2018-12.jpg 799w, https:\/\/www.chavinandez.com\/blog\/wp-content\/uploads\/2018\/03\/viajefotograficoislandia2018-12-200x133.jpg 200w, https:\/\/www.chavinandez.com\/blog\/wp-content\/uploads\/2018\/03\/viajefotograficoislandia2018-12-450x300.jpg 450w, https:\/\/www.chavinandez.com\/blog\/wp-content\/uploads\/2018\/03\/viajefotograficoislandia2018-12-768x512.jpg 768w, https:\/\/www.chavinandez.com\/blog\/wp-content\/uploads\/2018\/03\/viajefotograficoislandia2018-12-700x467.jpg 700w, https:\/\/www.chavinandez.com\/blog\/wp-content\/uploads\/2018\/03\/viajefotograficoislandia2018-12-332x221.jpg 332w\" sizes=\"auto, (max-width: 799px) 100vw, 799px\" \/><\/a><figcaption id=\"caption-attachment-7251\" class=\"wp-caption-text\">135mm f\/2.8 Nikkor AIs + Metabones Speed BosterNF-X 0.70x + FujiFilm XT2<\/figcaption><\/figure>\n<p>&nbsp;<\/p>\n<p>A nuestra llegada en la primera edici\u00f3n, el 17 de febrero, las nevadas copiosas de semanas atr\u00e1s hab\u00edan dejado un manto blanco en la totalidad del territorio. La conducci\u00f3n sobre hielo a pesar de la preparaci\u00f3n de los veh\u00edculos en Islandia siempre es un aspecto a tener en cuenta y que por mucha experiencia que hayas adquirido, <strong>te hace ser muy prudente<\/strong>, m\u00e1s cuando no viajas solo, y eres responsable de llevar a un grupo de personas en condiciones cada vez m\u00e1s adversas, que son las que tiene el pa\u00eds de forma habitual en estas fechas.<\/p>\n<p><a href=\"https:\/\/www.instagram.com\/p\/BfULObBH1dV\/?taken-by=chavinandez\">https:\/\/www.instagram.com\/p\/BfULObBH1dV\/?taken-by=chavinandez<\/a><\/p>\n<p>El tiempo muy poco propicio y las constantes alertas naranjas y amarillas nos impidieron en ambas ediciones, comenzar el itinerario por la zona\u00a0de Reykjanes para visitar Krysuvik, Selt\u00fan y el sur de la costa hasta llegar la zona de Vik que nos ocupa la primera jornada siempre. El plan fue el recomendado por el interior desde Reykjavik en la N1 como la \u00fanica alternativa. Cada edici\u00f3n de cualquier manera <strong>es diferente a pesar de tener un itinerario similar<\/strong>, en alojamientos, los puntos de parada, etc.. son la luz y la meteorolog\u00eda lo que nos condicionan siempre. Este a\u00f1o ven\u00edan repetidores de otras ediciones, que a pesar de haber venido en otras ocasiones, pudieron ver nuevos lugares que en otras no hab\u00edamos parado por esa misma raz\u00f3n. Islandia siempre te sorprende, hayas venido una, dos o cuatro veces, \u00a1que me lo digan a mi, que ya llevo unas cuantas!<\/p>\n<figure id=\"attachment_7252\" aria-describedby=\"caption-attachment-7252\" style=\"width: 799px\" class=\"wp-caption alignnone\"><a href=\"https:\/\/www.chavinandez.com\/blog\/?p=4561\"><img loading=\"lazy\" decoding=\"async\" class=\"wp-image-7252 size-full\" src=\"https:\/\/www.chavinandez.com\/blog\/wp-content\/uploads\/2018\/03\/viajefotograficoislandia2018-13.jpg\" alt=\"\" width=\"799\" height=\"475\" srcset=\"https:\/\/www.chavinandez.com\/blog\/wp-content\/uploads\/2018\/03\/viajefotograficoislandia2018-13.jpg 799w, https:\/\/www.chavinandez.com\/blog\/wp-content\/uploads\/2018\/03\/viajefotograficoislandia2018-13-200x119.jpg 200w, https:\/\/www.chavinandez.com\/blog\/wp-content\/uploads\/2018\/03\/viajefotograficoislandia2018-13-480x285.jpg 480w, https:\/\/www.chavinandez.com\/blog\/wp-content\/uploads\/2018\/03\/viajefotograficoislandia2018-13-768x457.jpg 768w, https:\/\/www.chavinandez.com\/blog\/wp-content\/uploads\/2018\/03\/viajefotograficoislandia2018-13-700x416.jpg 700w, https:\/\/www.chavinandez.com\/blog\/wp-content\/uploads\/2018\/03\/viajefotograficoislandia2018-13-332x197.jpg 332w\" sizes=\"auto, (max-width: 799px) 100vw, 799px\" \/><\/a><figcaption id=\"caption-attachment-7252\" class=\"wp-caption-text\">135mm f\/2.8 Nikkor AIs + Metabones Speed BosterNF-X 0.70x + FujiFilm XT2<\/figcaption><\/figure>\n<p>La meteorolog\u00eda de ambas ediciones ha sido adversa, si, pero eso ha hecho que la naturaleza estuviera <strong>muy diferente a como la hemos encontrado en otras ocasiones<\/strong>. No olvidemos que Islandia es un pa\u00eds especial. Querer tener sol y buen tiempo, es quiz\u00e1, ir con un deseo equivocado a un viaje fotogr\u00e1fico al pa\u00eds, pues para ello, ni el sol ni en buen tiempo son id\u00f3neos para la fotograf\u00eda, pero es algo que los asistentes han podido descubrir por s\u00ed mismos, a pesar de habernos concedido en ambas ediciones <strong>unas cuantas horas de sol<\/strong>&#8230;y se agradece, el hecho de que durante casi todo el d\u00eda los 15\u00ba o 20\u00ba de \u00e1ngulo del sol en forma de luz, difusa y a veces presente.<\/p>\n<p>Por otro lado, los viajes nos permiten intercambiar opiniones, inquietudes y tambi\u00e9n experiencias, algunas de ellas tan clarificadoras, como el que la fotograf\u00eda de naturaleza y de paisaje en Islandia, y en cualquier otro lugar de \u00e9ste estilo y \u00e9poca, exige el sacrificio de pasar fr\u00edo, sue\u00f1o y a veces ver incluso muy poco recompensado ese esfuerzo. No es bueno tampoco venir s\u00f3lo con im\u00e1genes en mente, predise\u00f1adas de otros fot\u00f3grafos, ese es un gran error com\u00fan y que nos quita personalidad, a\u00fan m\u00e1s de poca valoraci\u00f3n de uno mismo, pues seguro que tu eres capaz de sacarle m\u00e1s partido al paisaje que te enfrentar\u00e1s, a pesar de lo que piensas&#8230;.solo hay que estar ah\u00ed, vivirlo e interpretarlo como te venga bien, eso es algo que no lo ense\u00f1a ning\u00fan gur\u00fa del oportunismo o del photoshop, como la vida misma.<\/p>\n<figure id=\"attachment_7244\" aria-describedby=\"caption-attachment-7244\" style=\"width: 799px\" class=\"wp-caption alignnone\"><a href=\"https:\/\/www.chavinandez.com\/blog\/?p=4561\"><img loading=\"lazy\" decoding=\"async\" class=\"wp-image-7244 size-full\" src=\"https:\/\/www.chavinandez.com\/blog\/wp-content\/uploads\/2018\/03\/viajefotograficoislandia2018-7.jpg\" alt=\"\" width=\"799\" height=\"453\" srcset=\"https:\/\/www.chavinandez.com\/blog\/wp-content\/uploads\/2018\/03\/viajefotograficoislandia2018-7.jpg 799w, https:\/\/www.chavinandez.com\/blog\/wp-content\/uploads\/2018\/03\/viajefotograficoislandia2018-7-200x113.jpg 200w, https:\/\/www.chavinandez.com\/blog\/wp-content\/uploads\/2018\/03\/viajefotograficoislandia2018-7-480x272.jpg 480w, https:\/\/www.chavinandez.com\/blog\/wp-content\/uploads\/2018\/03\/viajefotograficoislandia2018-7-768x435.jpg 768w, https:\/\/www.chavinandez.com\/blog\/wp-content\/uploads\/2018\/03\/viajefotograficoislandia2018-7-700x397.jpg 700w, https:\/\/www.chavinandez.com\/blog\/wp-content\/uploads\/2018\/03\/viajefotograficoislandia2018-7-332x188.jpg 332w\" sizes=\"auto, (max-width: 799px) 100vw, 799px\" \/><\/a><figcaption id=\"caption-attachment-7244\" class=\"wp-caption-text\">135mm f\/2.8 Nikkor AIs + Metabones Speed BosterNF-X 0.70x + FujiFilm XT2<\/figcaption><\/figure>\n<p>Sobre esas grandes fotograf\u00edas, que muchos vemos, y aunque algunos no lo crean, las que vemos de Islandia, adem\u00e1s de estar hechas por fot\u00f3grafos locales la gran mayor\u00eda, exigen adem\u00e1s de un conocimiento exhaustivo del terreno, sus costumbres, el pa\u00eds en general, tambi\u00e9n y principalmente de una gran dosis de paciencia, en la que d\u00edas, semanas o meses, dan finalmente fruto, algo que no se consigue con unas horas o d\u00edas de visita, en un viaje espor\u00e1dico, por mucho que lo ansiemos, o incluso que nos lleven al lugar adecuado en el mejor momento. Hemos de ser conscientes que no es llegar y besar el santo \ud83d\ude09 Un viaje fotogr\u00e1fico sirve para conocer un poco m\u00e1s algunos lugares id\u00edlicos de un destino, pero no para hacer tus mejores fotograf\u00edas del mismo, sino un acercamiento, una experiencia, que seguramente nos har\u00e1 volver otra vez.<\/p>\n<figure id=\"attachment_7236\" aria-describedby=\"caption-attachment-7236\" style=\"width: 800px\" class=\"wp-caption alignnone\"><a href=\"https:\/\/www.chavinandez.com\/blog\/?p=4561\"><img loading=\"lazy\" decoding=\"async\" class=\"wp-image-7236 size-full\" src=\"https:\/\/www.chavinandez.com\/blog\/wp-content\/uploads\/2018\/03\/viajefotograficoislandia2018-4.jpg\" alt=\"\" width=\"800\" height=\"533\" srcset=\"https:\/\/www.chavinandez.com\/blog\/wp-content\/uploads\/2018\/03\/viajefotograficoislandia2018-4.jpg 800w, https:\/\/www.chavinandez.com\/blog\/wp-content\/uploads\/2018\/03\/viajefotograficoislandia2018-4-200x133.jpg 200w, https:\/\/www.chavinandez.com\/blog\/wp-content\/uploads\/2018\/03\/viajefotograficoislandia2018-4-450x300.jpg 450w, https:\/\/www.chavinandez.com\/blog\/wp-content\/uploads\/2018\/03\/viajefotograficoislandia2018-4-768x512.jpg 768w, https:\/\/www.chavinandez.com\/blog\/wp-content\/uploads\/2018\/03\/viajefotograficoislandia2018-4-700x466.jpg 700w, https:\/\/www.chavinandez.com\/blog\/wp-content\/uploads\/2018\/03\/viajefotograficoislandia2018-4-332x221.jpg 332w\" sizes=\"auto, (max-width: 800px) 100vw, 800px\" \/><\/a><figcaption id=\"caption-attachment-7236\" class=\"wp-caption-text\">135mm f\/2.8 Nikkor AIs + Metabones Speed BosterNF-X 0.70x + FujiFilm XT2<\/figcaption><\/figure>\n<p>Sea como fuere, algunas de las cosas que hemos podido ver en esta vig\u00e9simo sexta edici\u00f3n y edici\u00f3n Bis, ha sido el cambio tremendo de una semana a otra, la primera con todo absolutamente nevado, ventiscas, nieblas y la segunda con apenas nieve ya en carreteras y con un paisaje m\u00e1s oto\u00f1al que invernal pero tambi\u00e9n con un predominio de nubes bajas. Las lluvias intensas y el viento han modificado m\u00e1s que nunca el territorio de manera importante en tan solo d\u00edas. Los expertos clim\u00e1ticos hablan de un cambio que cada vez se nota m\u00e1s, y las personas que conozco en el pa\u00eds me han confirmado la virulencia y variabilidad de este invierno realmente hostil y fuera de todo pron\u00f3stico. Quiz\u00e1 estamos asistiendo e incluso documentando sin quererlo, algunos s\u00edntomas de ese cambio clim\u00e1tico cada vez m\u00e1s irreversible&#8230;.y que se nos espera \u00e1ntes de lo que cre\u00edamos. Lo hemos podido comprobar all\u00ed mismo esas semanas, con el efecto del <a href=\"https:\/\/twitter.com\/onlmaps\/status\/968498483136053248\/photo\/1?ref_src=twsrc%5Etfw&amp;ref_url=https%3A%2F%2Fwww.elconfidencial.com%2Ftecnologia%2Fciencia%2F2018-02-27%2Fola-frio-vortice-polar-temperaturas-espana_1528033%2F\" target=\"_blank\" rel=\"noopener\">v\u00f3rtice polar, superando en Islandia la mayor\u00eda de temperaturas de Espa\u00f1a<\/a>\u00a0, Italia y otros pa\u00edses europeos.<\/p>\n<figure id=\"attachment_7253\" aria-describedby=\"caption-attachment-7253\" style=\"width: 800px\" class=\"wp-caption alignnone\"><a href=\"https:\/\/www.chavinandez.com\/blog\/?p=4561\"><img loading=\"lazy\" decoding=\"async\" class=\"wp-image-7253 size-full\" src=\"https:\/\/www.chavinandez.com\/blog\/wp-content\/uploads\/2018\/03\/viajefotograficoislandia2018-18.jpg\" alt=\"\" width=\"800\" height=\"476\" srcset=\"https:\/\/www.chavinandez.com\/blog\/wp-content\/uploads\/2018\/03\/viajefotograficoislandia2018-18.jpg 800w, https:\/\/www.chavinandez.com\/blog\/wp-content\/uploads\/2018\/03\/viajefotograficoislandia2018-18-200x119.jpg 200w, https:\/\/www.chavinandez.com\/blog\/wp-content\/uploads\/2018\/03\/viajefotograficoislandia2018-18-480x286.jpg 480w, https:\/\/www.chavinandez.com\/blog\/wp-content\/uploads\/2018\/03\/viajefotograficoislandia2018-18-768x457.jpg 768w, https:\/\/www.chavinandez.com\/blog\/wp-content\/uploads\/2018\/03\/viajefotograficoislandia2018-18-700x417.jpg 700w, https:\/\/www.chavinandez.com\/blog\/wp-content\/uploads\/2018\/03\/viajefotograficoislandia2018-18-332x198.jpg 332w\" sizes=\"auto, (max-width: 800px) 100vw, 800px\" \/><\/a><figcaption id=\"caption-attachment-7253\" class=\"wp-caption-text\">Fujifilm XT2 + Fujinon 14mm f\/2.8<\/figcaption><\/figure>\n<p>Nuestras paradas, itinerarios y lugares a visitar han sido como siempre la aventura en la que no hay ni puede haber, improvisaci\u00f3n alguna ni azar, sino decisi\u00f3n acertada, que puede cambiar recorridos en cuesti\u00f3n de minutos por las condiciones que surjan. Parar en lugares de camino a, o rincones que otras veces no hab\u00edamos estado tanto tiempo ha sido la gran ventaja que estos asistentes han podido recopilar en sus retinas. P\u00e1ramos helados, lugares que hemos cruzado m\u00edsticos de elfos, llenos de magia y otros tambi\u00e9n de paso, tur\u00edsticos que no fotogr\u00e1ficos, son el recuerdo que todos ellos seguro van a poder contar a sus amigos, familiares y tengo algo seguro de todos ellos, volver\u00e1n.<\/p>\n<figure id=\"attachment_7238\" aria-describedby=\"caption-attachment-7238\" style=\"width: 800px\" class=\"wp-caption alignnone\"><a href=\"https:\/\/www.chavinandez.com\/blog\/?p=4561\"><img loading=\"lazy\" decoding=\"async\" class=\"wp-image-7238 size-full\" src=\"https:\/\/www.chavinandez.com\/blog\/wp-content\/uploads\/2018\/03\/viajefotograficoislandia2018-6.jpg\" alt=\"\" width=\"800\" height=\"533\" srcset=\"https:\/\/www.chavinandez.com\/blog\/wp-content\/uploads\/2018\/03\/viajefotograficoislandia2018-6.jpg 800w, https:\/\/www.chavinandez.com\/blog\/wp-content\/uploads\/2018\/03\/viajefotograficoislandia2018-6-200x133.jpg 200w, https:\/\/www.chavinandez.com\/blog\/wp-content\/uploads\/2018\/03\/viajefotograficoislandia2018-6-450x300.jpg 450w, https:\/\/www.chavinandez.com\/blog\/wp-content\/uploads\/2018\/03\/viajefotograficoislandia2018-6-768x512.jpg 768w, https:\/\/www.chavinandez.com\/blog\/wp-content\/uploads\/2018\/03\/viajefotograficoislandia2018-6-700x466.jpg 700w, https:\/\/www.chavinandez.com\/blog\/wp-content\/uploads\/2018\/03\/viajefotograficoislandia2018-6-332x221.jpg 332w\" sizes=\"auto, (max-width: 800px) 100vw, 800px\" \/><\/a><figcaption id=\"caption-attachment-7238\" class=\"wp-caption-text\">Fujinon 27mm f\/2.8 + FujiFilm XT2<\/figcaption><\/figure>\n<p>No puedo desde aqu\u00ed sino agradecerles a todos ellos en especial, a <strong>Maria Luisa, Amparo, Andr\u00e9s, Montse, Lluis, Juan Carlos, Teresa en la primera edici\u00f3n, y a Carme, Rosalina y Rosalina hija, Irene, Orestes, Paco y Carlos<\/strong> en la edici\u00f3n Bis, la oportunidad de habernos conocido, y su confianza en un servidor para su gu\u00eda por el pa\u00eds y a nuestra agencia de viajes colaboradora,\u00a0<a href=\"https:\/\/www.borealtravel.com\/viaje-fotografico-en-islandia\" target=\"_blank\" rel=\"noopener\">Boreal Travel<\/a> por su soporte constante tambi\u00e9n una vez m\u00e1s en todos estos a\u00f1os que nos permiten ir mejorando y manteniendo como siempre por encima de todo inter\u00e9s econ\u00f3mico la responsabilidad y respeto por la naturaleza que visitamos.<\/p>\n<p>A la espera que pueda meterle mano al video de ambas ediciones invernales, entre viaje y viaje&#8230;deseo ya con anhelo, el a\u00f1o que viene volver a redescubrir una vez m\u00e1s esa Islandia invernal siempre desconocida y llena de magia con viej@s y nuev@s amig@s que se atrevan con esa <a href=\"https:\/\/www.photolocus.net\/shop\/23-viajes-fotograficos\" target=\"_blank\" rel=\"noopener\">nueva aventura fotogr\u00e1fica de Photolocus.net en el pa\u00eds Island\u00e9s.<\/a><\/p>\n<p>Mientras para ver algunos de los momentos ilustrativos con mi m\u00f3vil, de esta \u00faltima edici\u00f3n solo tienes que buscarme y seguirme en Instagram <strong><a href=\"https:\/\/www.instagram.com\/chavinandez\/\" target=\"_blank\" rel=\"noopener\">@chavinandez<\/a><\/strong><\/p>\n<p><a href=\"https:\/\/www.instagram.com\/p\/BfvQCdKnExq\/?taken-by=chavinandez\">https:\/\/www.instagram.com\/p\/BfvQCdKnExq\/?taken-by=chavinandez<\/a><\/p>\n<p>Tienes un libro <strong>&#8220;Sur de Islandia para fot\u00f3grafos&#8221;<\/strong> que edit\u00e9 hace un tiempo de este itinerario que da mucho juego no solo para invierno, sino para oto\u00f1o o verano. Tienes <a href=\"https:\/\/www.chavinandez.com\/blog\/?p=4561\" target=\"_blank\" rel=\"noopener\">aqu\u00ed el enlace<\/a> y m\u00e1s informaci\u00f3n.<\/p>\n<p><img loading=\"lazy\" decoding=\"async\" class=\"alignnone size-full\" src=\"https:\/\/www.chavinandez.com\/blog\/wp-content\/uploads\/2013\/03\/portada.jpg\" width=\"624\" height=\"530\" \/><\/p>\n<p>Si quieres ver m\u00e1s v\u00eddeos de otras ediciones, te recomiendo mi canal<a href=\"https:\/\/vimeo.com\/238640057\" target=\"_blank\" rel=\"noopener\">\u00a0de VIMEO\u00a0<\/a><\/p>\n<p>Si te deseas suscribir a las novedades del newsletter mensual\u00a0\u00a0<a href=\"http:\/\/eepurl.com\/b4OrML\" target=\"_blank\" rel=\"noopener\">aqu\u00ed tienes el enlace.<\/a><\/p>\n<p>Hasta que quieras \ud83d\ude09<\/p>\n","protected":false},"excerpt":{"rendered":"<p>No pasa ninguna edici\u00f3n sin que a las pocos d\u00edas de volver, suba un breve\u00a0post a modo de resumen de lo que nos ha acontecido y \u00e9sta no iba a ser menos, a falta de tener, ya con m\u00e1s tiempo, el v\u00eddeo de recuerdo para los asistentes, de nuestra expedici\u00f3n &#8230;<\/p>\n","protected":false},"author":1,"featured_media":7254,"comment_status":"closed","ping_status":"closed","sticky":false,"template":"","format":"standard","meta":{"footnotes":""},"categories":[159,7,2022,223,11,2337],"tags":[2655,2513,2656,2349,60,2008,2653,2394,908,1633,265,2315,1883,2654,1972,1826,1855,1184,2652,1806,2093],"class_list":["post-7239","post","type-post","status-publish","format-standard","has-post-thumbnail","hentry","category-destinos","category-experiencias","category-fotografia-con-movil","category-reportajes","category-httpwwwlabatiruralcomwordpress","category-viajes","tag-135mm-ais-nikkor","tag-2018-viaje-fotografico-a-islandia","tag-27mm-fujinon","tag-boreal-travel-viajes-fotograficos","tag-fotografia-de-viajes","tag-fujifilm","tag-fujifilm-x-series","tag-fujifilm-xt2","tag-iceland","tag-iceland-phototrips","tag-islandia","tag-islandia-en-invierno","tag-islandia-viajes-fotograficos","tag-speed-boster-metabones","tag-viajar-a-islandia-en-invierno","tag-viaje-boreal-travel-islandia","tag-viaje-fotografico","tag-viaje-fotografico-a-islandia","tag-viaje-fotografico-islandia-2018","tag-viajes-a-islandia-con-guia","tag-viajes-fotograficos-a-islandia","column","threecol","has-thumbnail"],"_links":{"self":[{"href":"https:\/\/www.chavinandez.com\/blog\/wp-json\/wp\/v2\/posts\/7239","targetHints":{"allow":["GET"]}}],"collection":[{"href":"https:\/\/www.chavinandez.com\/blog\/wp-json\/wp\/v2\/posts"}],"about":[{"href":"https:\/\/www.chavinandez.com\/blog\/wp-json\/wp\/v2\/types\/post"}],"author":[{"embeddable":true,"href":"https:\/\/www.chavinandez.com\/blog\/wp-json\/wp\/v2\/users\/1"}],"replies":[{"embeddable":true,"href":"https:\/\/www.chavinandez.com\/blog\/wp-json\/wp\/v2\/comments?post=7239"}],"version-history":[{"count":19,"href":"https:\/\/www.chavinandez.com\/blog\/wp-json\/wp\/v2\/posts\/7239\/revisions"}],"predecessor-version":[{"id":7264,"href":"https:\/\/www.chavinandez.com\/blog\/wp-json\/wp\/v2\/posts\/7239\/revisions\/7264"}],"wp:featuredmedia":[{"embeddable":true,"href":"https:\/\/www.chavinandez.com\/blog\/wp-json\/wp\/v2\/media\/7254"}],"wp:attachment":[{"href":"https:\/\/www.chavinandez.com\/blog\/wp-json\/wp\/v2\/media?parent=7239"}],"wp:term":[{"taxonomy":"category","embeddable":true,"href":"https:\/\/www.chavinandez.com\/blog\/wp-json\/wp\/v2\/categories?post=7239"},{"taxonomy":"post_tag","embeddable":true,"href":"https:\/\/www.chavinandez.com\/blog\/wp-json\/wp\/v2\/tags?post=7239"}],"curies":[{"name":"wp","href":"https:\/\/api.w.org\/{rel}","templated":true}]}}