{"id":7228,"date":"2018-02-21T16:52:45","date_gmt":"2018-02-21T15:52:45","guid":{"rendered":"http:\/\/www.chavinandez.com\/blog\/?p=7228"},"modified":"2018-02-21T17:04:56","modified_gmt":"2018-02-21T16:04:56","slug":"internacionalizacion-de-producto-a-traves-de-spot-promocional","status":"publish","type":"post","link":"https:\/\/www.chavinandez.com\/blog\/internacionalizacion-de-producto-a-traves-de-spot-promocional\/","title":{"rendered":"Internacionalizaci\u00f3n de producto a trav\u00e9s de spot promocional"},"content":{"rendered":"<p>Ya est\u00e1 disponible el video corporativo de Frutos secos Alca\u00f1iz. Una empresa aragonesa con buena proyecci\u00f3n internacional y una visi\u00f3n clara de futuro gracias un fant\u00e1stico equipo humano en la gesti\u00f3n comercial.<\/p>\n<p><iframe loading=\"lazy\" title=\"FRUTOS SECOS ALCA\u00d1IZ\" width=\"660\" height=\"371\" src=\"https:\/\/www.youtube.com\/embed\/-dzhz4RQReI?feature=oembed\" frameborder=\"0\" allow=\"accelerometer; autoplay; clipboard-write; encrypted-media; gyroscope; picture-in-picture; web-share\" referrerpolicy=\"strict-origin-when-cross-origin\" allowfullscreen><\/iframe><\/p>\n","protected":false},"excerpt":{"rendered":"<p>Ya est\u00e1 disponible el video corporativo de Frutos secos Alca\u00f1iz. Una empresa aragonesa con buena proyecci\u00f3n internacional y una visi\u00f3n clara de futuro gracias un fant\u00e1stico equipo humano en la gesti\u00f3n comercial.<\/p>\n","protected":false},"author":1,"featured_media":0,"comment_status":"closed","ping_status":"closed","sticky":false,"template":"","format":"standard","meta":{"footnotes":""},"categories":[53,2484,356,23,3],"tags":[1481,2650,2643,2649,2647,2648,1150,2644,2645,2646,2651,2640,2642,2641,125,2592],"class_list":["post-7228","post","type-post","status-publish","format-standard","hentry","category-documental","category-fotografia-aerea","category-novedades","category-promocion","category-videos","tag-agroalimentacion","tag-alcaniz","tag-alinentaria","tag-fotografia-alimentacion","tag-fotografia-de-alimentacion","tag-fotografia-de-fruta","tag-fotografia-de-producto","tag-fotografia-para-ferias","tag-fotografo-de-alimentacion","tag-fotografo-de-comida","tag-frutaria-group","tag-frutos-secos-alcaniz","tag-publicidad-corporativa","tag-spots","tag-video","tag-video-promocion","column","threecol"],"_links":{"self":[{"href":"https:\/\/www.chavinandez.com\/blog\/wp-json\/wp\/v2\/posts\/7228","targetHints":{"allow":["GET"]}}],"collection":[{"href":"https:\/\/www.chavinandez.com\/blog\/wp-json\/wp\/v2\/posts"}],"about":[{"href":"https:\/\/www.chavinandez.com\/blog\/wp-json\/wp\/v2\/types\/post"}],"author":[{"embeddable":true,"href":"https:\/\/www.chavinandez.com\/blog\/wp-json\/wp\/v2\/users\/1"}],"replies":[{"embeddable":true,"href":"https:\/\/www.chavinandez.com\/blog\/wp-json\/wp\/v2\/comments?post=7228"}],"version-history":[{"count":2,"href":"https:\/\/www.chavinandez.com\/blog\/wp-json\/wp\/v2\/posts\/7228\/revisions"}],"predecessor-version":[{"id":7230,"href":"https:\/\/www.chavinandez.com\/blog\/wp-json\/wp\/v2\/posts\/7228\/revisions\/7230"}],"wp:attachment":[{"href":"https:\/\/www.chavinandez.com\/blog\/wp-json\/wp\/v2\/media?parent=7228"}],"wp:term":[{"taxonomy":"category","embeddable":true,"href":"https:\/\/www.chavinandez.com\/blog\/wp-json\/wp\/v2\/categories?post=7228"},{"taxonomy":"post_tag","embeddable":true,"href":"https:\/\/www.chavinandez.com\/blog\/wp-json\/wp\/v2\/tags?post=7228"}],"curies":[{"name":"wp","href":"https:\/\/api.w.org\/{rel}","templated":true}]}}