{"id":7025,"date":"2017-09-08T18:46:18","date_gmt":"2017-09-08T17:46:18","guid":{"rendered":"http:\/\/www.chavinandez.com\/blog\/?p=7025"},"modified":"2017-09-08T18:49:36","modified_gmt":"2017-09-08T17:49:36","slug":"nuevos-contenidos-ideas-y-muchas-ganas-de-seguir-aprendiendo","status":"publish","type":"post","link":"https:\/\/www.chavinandez.com\/blog\/nuevos-contenidos-ideas-y-muchas-ganas-de-seguir-aprendiendo\/","title":{"rendered":"Nuevos contenidos, ideas y muchas ganas de seguir aprendiendo"},"content":{"rendered":"<p><a href=\"https:\/\/www.photolocus.net\/shop\/\"><img loading=\"lazy\" decoding=\"async\" class=\"alignnone wp-image-7026 size-full\" src=\"https:\/\/www.chavinandez.com\/blog\/wp-content\/uploads\/2017\/09\/tiendaPhotolocus.jpg\" alt=\"\" width=\"1000\" height=\"786\" srcset=\"https:\/\/www.chavinandez.com\/blog\/wp-content\/uploads\/2017\/09\/tiendaPhotolocus.jpg 1000w, https:\/\/www.chavinandez.com\/blog\/wp-content\/uploads\/2017\/09\/tiendaPhotolocus-191x150.jpg 191w, https:\/\/www.chavinandez.com\/blog\/wp-content\/uploads\/2017\/09\/tiendaPhotolocus-382x300.jpg 382w, https:\/\/www.chavinandez.com\/blog\/wp-content\/uploads\/2017\/09\/tiendaPhotolocus-768x604.jpg 768w, https:\/\/www.chavinandez.com\/blog\/wp-content\/uploads\/2017\/09\/tiendaPhotolocus-700x550.jpg 700w, https:\/\/www.chavinandez.com\/blog\/wp-content\/uploads\/2017\/09\/tiendaPhotolocus-332x261.jpg 332w\" sizes=\"auto, (max-width: 1000px) 100vw, 1000px\" \/><\/a><\/p>\n<p>Dicen que los ma\u00f1os somos muy tozudos, lo somos, cabezones y perseverantes. Siempre hay algunos m\u00e1s que otros. Ahora toca como cada a\u00f1o incorporar y ofrecer lo que se nos demanda, para adaptar en forma de novedades y mejorar lo que amigos y clientes me sugieren mes a mes, con su acertado criterio, y de todo aquello que se mueve en el panorama actual que nos incumbe, pues s\u00f3lo as\u00ed podemos seguir aprendiendo. La culpa la tienen un a\u00f1o m\u00e1s, todo lo acontecido en el curso 2017 y\u00a0m\u00e1s de\u00a0<strong>centenar<\/strong>\u00a0largo de actividades desde septiembre de 2016.<\/p>\n<p>Comenzamos el curso 2017-2018 con gran ilusi\u00f3n, por muchas razones, pero entre otras la m\u00e1s importante, poder seguir conociendo gente maravillosa, con ganas de aprender, que llena tu vida y deja poso, cada vez que comparte su tiempo y aprendes de todo lo que te cuentan, de sus inquietudes, maneras de ver, necesidades en la fotograf\u00eda de su d\u00eda a d\u00eda. Adolescentes, jubilados, mam\u00e1s, pap\u00e1s, todos, ven en la fotograf\u00eda un herramienta fant\u00e1stica para muchos cometidos, regalar, vivir, disfrutar de la magia que conlleva. Nosotros, desde Photolocus, estamos para ayudarles.<\/p>\n<p><a href=\"https:\/\/www.photolocus.net\/shop\/\" target=\"_blank\" rel=\"noopener\"><img loading=\"lazy\" decoding=\"async\" class=\"alignnone size-full wp-image-7036\" src=\"https:\/\/www.chavinandez.com\/blog\/wp-content\/uploads\/2017\/09\/cursos-fotografia-photolocus-2018.jpg\" alt=\"\" width=\"899\" height=\"505\" srcset=\"https:\/\/www.chavinandez.com\/blog\/wp-content\/uploads\/2017\/09\/cursos-fotografia-photolocus-2018.jpg 899w, https:\/\/www.chavinandez.com\/blog\/wp-content\/uploads\/2017\/09\/cursos-fotografia-photolocus-2018-200x112.jpg 200w, https:\/\/www.chavinandez.com\/blog\/wp-content\/uploads\/2017\/09\/cursos-fotografia-photolocus-2018-480x270.jpg 480w, https:\/\/www.chavinandez.com\/blog\/wp-content\/uploads\/2017\/09\/cursos-fotografia-photolocus-2018-768x431.jpg 768w, https:\/\/www.chavinandez.com\/blog\/wp-content\/uploads\/2017\/09\/cursos-fotografia-photolocus-2018-700x393.jpg 700w, https:\/\/www.chavinandez.com\/blog\/wp-content\/uploads\/2017\/09\/cursos-fotografia-photolocus-2018-332x186.jpg 332w\" sizes=\"auto, (max-width: 899px) 100vw, 899px\" \/><\/a><\/p>\n<p>&nbsp;<\/p>\n<h2>Los Cursos Privados, escuchar, adaptar y actuar<\/h2>\n<p>Seguimos creciendo por segundo a\u00f1o consecutivo y gracias a la confianza de muchos viejos y nuevos clientes de photolocus que ven en nuestro servicio estrella, &#8220;<a href=\"https:\/\/www.photolocus.net\/shop\/18-cursos-privados-y-tours\" target=\"_blank\" rel=\"noopener\"><strong>Los Cursos Privados<\/strong><\/a>&#8221; una soluci\u00f3n justa, formativa en fotograf\u00eda actual, diferente y adecuada en tiempo, forma, localizaci\u00f3n y precio para todos los usuarios interesados. Todo ello es fruto de la evoluci\u00f3n de casi 9 a\u00f1os desde que sacamos a la luz una <strong>formaci\u00f3n r\u00e1pida de una jornada<\/strong> y <strong>b\u00e1sica<\/strong>\u00a0(que ahora vemos en muchas escuelas lo que llaman micro cursos ) y es para que todos los p\u00fablicos, de cualquier nivel, de todas las edades pudieran aprender en una jornada como sacar partido a la marca y modelo de c\u00e1mara que ten\u00edan, fuera, cual fuera, y adentrarse lo suficiente en aquellas reglas o t\u00e9cnicas b\u00e1sicas que sirvieran para descubrir el gusanillo de la fotograf\u00eda en ellos, sin m\u00e1s pretensi\u00f3n, y bajo el calificativo de curso privado.<\/p>\n<p>Hoy el porcentaje de cursos privados con Photolocus el del <strong>70% frente al 30%<\/strong> de convocatorias grupales en fecha cerrada o lo que se denomina <a href=\"https:\/\/www.photolocus.net\/shop\/15-intensivos-dia\" target=\"_blank\" rel=\"noopener\"><strong>Cursos Intensivos<\/strong><\/a> de un d\u00eda. El cambio ha sido important\u00edsimo, pues las ventajas a nivel organizativas lo son, con m\u00e1s de un centenar de actividades al a\u00f1o, pero a nivel de rentabilidad tambi\u00e9n, para ambos, cliente y profesor. Digamos que la evoluci\u00f3n de los cursos Intensivos han sido los\u00a0<a href=\"https:\/\/www.photolocus.net\/shop\/18-cursos-privados-y-tours\" target=\"_blank\" rel=\"noopener\"><strong>Cursos Privados<\/strong><\/a>, con m\u00e1s ventajas, en precio y disponibilidad, variedad y garant\u00eda de realizaci\u00f3n en convocatorias en cualquier fecha que el cliente desee. Ya a mediados de verano, el calendario de reservas de mes de septiembre y octubre, se complet\u00f3 de<a href=\"https:\/\/www.photolocus.net\/shop\/18-cursos-privados-y-tours\" target=\"_blank\" rel=\"noopener\"><strong>\u00a0Cursos Privados<\/strong><\/a> con photolocus.<\/p>\n<p>Con 25 tem\u00e1ticas diferentes de\u00a0<a href=\"https:\/\/www.photolocus.net\/shop\/18-cursos-privados-y-tours\" target=\"_blank\" rel=\"noopener\"><strong>Cursos Privados<\/strong><\/a> hemos logrado un abanico que nos han ido demandando poco a poco. Tem\u00e1ticas como\u00a0<strong><a href=\"https:\/\/www.photolocus.net\/shop\/cursos-privados-y-tours\/170-curso-privado-retrato.html\" target=\"_blank\" rel=\"noopener\">Retrato<\/a><\/strong>, <strong><a href=\"https:\/\/www.photolocus.net\/shop\/cursos-privados-y-tours\/161-curso-privado-composicion-fotografica-.html\" target=\"_blank\" rel=\"noopener\">Composici\u00f3n<\/a><\/strong>, <strong><a href=\"https:\/\/www.photolocus.net\/shop\/1385-home_default\/curso-privado-de-fotografia-nocturna.jpg\" target=\"_blank\" rel=\"noopener\">Nocturna<\/a><\/strong>, <strong><a href=\"https:\/\/www.photolocus.net\/shop\/cursos-privados-y-tours\/46-curso-privado-fotografia-viajes.html\" target=\"_blank\" rel=\"noopener\">Viajes<\/a><\/strong>, <strong><a href=\"https:\/\/www.photolocus.net\/shop\/cursos-privados-y-tours\/178-curso-privado-iniciacion-fotografia.html\" target=\"_blank\" rel=\"noopener\">Iniciaci\u00f3n<\/a>,<\/strong>\u00a0<a href=\"https:\/\/www.photolocus.net\/shop\/cursos-privados-y-tours\/119-curso-privado-fotografia-de-producto.html\" target=\"_blank\" rel=\"noopener\"><strong>Producto<\/strong><\/a>, <strong><a href=\"https:\/\/www.photolocus.net\/shop\/cursos-privados-y-tours\/175-carinena-tour-privado-fotografia-enologica.html\" target=\"_blank\" rel=\"noopener\">Viticultura<\/a><\/strong>, <strong><a href=\"https:\/\/www.photolocus.net\/shop\/cursos-privados-y-tours\/172-curso-privado-de-fotografia-nocturna.html\" target=\"_blank\" rel=\"noopener\">Arquitectura nocturna<\/a><\/strong>\u00a0de ciudades, <strong><a href=\"https:\/\/www.photolocus.net\/shop\/cursos-privados-y-tours\/173-tour-privado-de-fotografia-nocturna-en-monegros.html\" target=\"_blank\" rel=\"noopener\">Paisaje Nocturno en entornos como Monegros o Loarre<\/a><\/strong>,<strong> <a href=\"https:\/\/www.photolocus.net\/shop\/cursos-privados-y-tours\/167-curso-privado-fotografia-de-stock-.html\" target=\"_blank\" rel=\"noopener\">Fotograf\u00eda de stock<\/a><\/strong> o <strong><a href=\"https:\/\/www.photolocus.net\/shop\/cursos-privados-y-tours\/140-curso-privado-lightroom-.html\" target=\"_blank\" rel=\"noopener\">Edici\u00f3n con Lightroom<\/a><\/strong>, etc.. Tambi\u00e9n nos hemos especializado en la herramienta, y en todo aquello que era importante, interesante y necesario para nuestros usuarios, orientando la\u00a0<strong><a href=\"https:\/\/www.photolocus.net\/shop\/cursos-privados-y-tours\/158-curso-privado-fotografia-con-movil.html\" target=\"_blank\" rel=\"noopener\">Fotografia con Smartphone<\/a><\/strong>, con <strong><a href=\"https:\/\/www.photolocus.net\/shop\/cursos-privados-y-tours\/185-curso-privado-video-con-gopro-hero-5.html\" target=\"_blank\" rel=\"noopener\">c\u00e1mara GoPro<\/a><\/strong>, o marcas complejas para iniciarse como\u00a0<strong><a href=\"https:\/\/www.photolocus.net\/shop\/cursos-privados-y-tours\/184-curso-privado-fotografia-con-olympus.html\" target=\"_blank\" rel=\"noopener\">Olympus<\/a>, <\/strong><strong><a href=\"https:\/\/www.photolocus.net\/shop\/cursos-privados-y-tours\/163-curso-privado-fotografia-con-fuji-x.html\" target=\"_blank\" rel=\"noopener\">Fujifilm.\u00a0<\/a><\/strong><br \/>\nLo \u00faltimo ha sido poder incorporar, el Curso de fotograf\u00eda a\u00e9rea, tratando de hacer entendible y f\u00e1cil, los ajustes de c\u00e1mara para fotograf\u00eda a\u00e9rea con\u00a0<a href=\"https:\/\/www.photolocus.net\/shop\/cursos-privados-y-tours\/186-curso-privado-fotografia-aerea.html\" target=\"_blank\" rel=\"noopener\"><strong>drones<\/strong> <strong>DJI<\/strong><\/a>\u00a0, pero adem\u00e1s hemos conseguido que sea rentable para ambos, al ser una soluci\u00f3n en la puerta del cliente sin moverse de su ciudad, tanto en tiempo, que es lo m\u00e1s valioso como en coste econ\u00f3mico. No olvidemos que Photolocus opera desde Zaragoza en un radio de 300km, lo que supone un amplio rango de clientes, Barcelona, Madrid, principalmente y despu\u00e9s comunidades como la de Arag\u00f3n, Soria, La Rioja, Navarra, Pa\u00eds Vasco y Comunidad de Valencia.<\/p>\n<h2>El v\u00eddeo y las herramientas de hoy<\/h2>\n<p>No menos importante, son la herramientas que hoy nos permiten disfrutar de la fotograf\u00eda como hobby y adem\u00e1s nos hacen cada vez m\u00e1s sencillo compartir nuestros viajes, momentos y recuerdos, en forma de v\u00eddeos o audiovisuales editados desde nuestro propio smartphone como programas como Quick de GoPro cuya facilidad de uso muestra una vez m\u00e1s la simplificaci\u00f3n en el mundo audiovisual con los tel\u00e9fonos m\u00f3viles. Siempre estamos atentos a ello, y nuestros clientes cada vez m\u00e1s son usuarios avanzados de esta nueva forma de entender la fotograf\u00eda con herramientas de \u00faltima generaci\u00f3n, y con la suficiente calidad para cada cual.\u00a0Apostamos hace tiempo en el <a href=\"https:\/\/www.photolocus.net\/shop\/cursos-privados-y-tours\/158-curso-privado-fotografia-con-movil.html\" target=\"_blank\" rel=\"noopener\"><strong>Curso privado de fotograf\u00eda con Smartphone<\/strong>\u00a0que\u00a0<\/a>aporta no solo fotograf\u00eda ligera en nuestros viajes, sino un buen aliado al v\u00eddeo que hoy por hoy una herramienta excepcional, siendo el 4k de algunos smartphone un formato m\u00e1s que suficiente para hacer hasta un cortometraje. Llevar siempre en un bolsillo una productora de cine de estas caracter\u00edsticas es un detalle importante. En ese escenario , el v\u00eddeo, o la fotograf\u00eda en movimiento, tambi\u00e9n hemos ido incluyendo nuevas alternativas, que nacen desde la fotograf\u00eda, como los <a href=\"https:\/\/www.photolocus.net\/shop\/cursos-privados-y-tours\/129-curso-privado-de-video-con-camara-reflex.html\" target=\"_blank\" rel=\"noopener\"><strong>Cursos privados de video con c\u00e1mara reflex<\/strong><\/a>, o el <a href=\"https:\/\/www.photolocus.net\/shop\/cursos-privados-y-tours\/185-curso-privado-video-con-gopro-hero-5.html\" target=\"_blank\" rel=\"noopener\"><strong>Curso privado de GoPro<\/strong><\/a> y al que se une al final el <a href=\"https:\/\/www.photolocus.net\/shop\/cursos-privados-y-tours\/186-curso-privado-fotografia-aerea.html\" target=\"_blank\" rel=\"noopener\"><strong>curso privado de fotograf\u00eda y filmaci\u00f3n a\u00e9rea con drones DJI <\/strong><\/a><\/p>\n<h2>Hay una gran oferta y cada una es para un p\u00fablico<\/h2>\n<p>No hemos de confundir la labor necesaria de una escuela de fotograf\u00eda, como las existentes en las ciudades, con nuestra acci\u00f3n de poner un <a href=\"https:\/\/www.photolocus.net\/shop\/\" target=\"_blank\" rel=\"noopener\">profesor privado<\/a> a la carta que adapta tiempo y recursos para una, dos o tres personas en un curso particular. Las ventajas son evidentes y aunque son casos no comparables, cada uno imparte una formaci\u00f3n diferente, ni mejor, ni peor, adaptada a su cliente, nada m\u00e1s. La diversidad que es a la carta desde Photolocus permite ser diferente a lo convencional, pero tambi\u00e9n como una clase particular, estar en el horario y momento que el usuario necesita siendo rentable.<\/p>\n<p>&nbsp;<\/p>\n<p>Buen comienzo de curso, septiembre en un gran mes, aprovech\u00e9moslo para\u00a0 lanzar nuevas ideas, nuevos retos, y seguir la direcci\u00f3n que cada uno crea. Buena suerte a mis colegas.!! y a todos los amigos que se unen al movimiento de seguir aprendiendo, cada ma\u00f1ana de cada d\u00eda.<\/p>\n<h3>\u00bfQuieres conocer las novedades de este nuevo curso con Photolocus?<br \/>\n<a href=\"https:\/\/www.photolocus.net\/shop\/\" target=\"_blank\" rel=\"noopener\">Novedades de este curso\u00a0<\/a>si no deja que te contemos, y<br \/>\n<strong>LL\u00e1MANOS<\/strong>:<br \/>\n619703569<\/h3>\n","protected":false},"excerpt":{"rendered":"<p>Dicen que los ma\u00f1os somos muy tozudos, lo somos, cabezones y perseverantes. Siempre hay algunos m\u00e1s que otros. Ahora toca como cada a\u00f1o incorporar y ofrecer lo que se nos demanda, para adaptar en forma de novedades y mejorar lo que amigos y clientes me sugieren mes a mes, con &#8230;<\/p>\n","protected":false},"author":1,"featured_media":6133,"comment_status":"closed","ping_status":"closed","sticky":false,"template":"","format":"standard","meta":{"footnotes":""},"categories":[2482,7,2484,2022,1,356,23,223,2021],"tags":[2591,879,2590],"class_list":["post-7025","post","type-post","status-publish","format-standard","has-post-thumbnail","hentry","category-drones","category-experiencias","category-fotografia-aerea","category-fotografia-con-movil","category-general","category-novedades","category-promocion","category-reportajes","category-smartphone","tag-curso-privado-smartphone","tag-cursos-privados-de-fotografia","tag-cursos-privados-foto","column","threecol","has-thumbnail"],"_links":{"self":[{"href":"https:\/\/www.chavinandez.com\/blog\/wp-json\/wp\/v2\/posts\/7025","targetHints":{"allow":["GET"]}}],"collection":[{"href":"https:\/\/www.chavinandez.com\/blog\/wp-json\/wp\/v2\/posts"}],"about":[{"href":"https:\/\/www.chavinandez.com\/blog\/wp-json\/wp\/v2\/types\/post"}],"author":[{"embeddable":true,"href":"https:\/\/www.chavinandez.com\/blog\/wp-json\/wp\/v2\/users\/1"}],"replies":[{"embeddable":true,"href":"https:\/\/www.chavinandez.com\/blog\/wp-json\/wp\/v2\/comments?post=7025"}],"version-history":[{"count":21,"href":"https:\/\/www.chavinandez.com\/blog\/wp-json\/wp\/v2\/posts\/7025\/revisions"}],"predecessor-version":[{"id":7049,"href":"https:\/\/www.chavinandez.com\/blog\/wp-json\/wp\/v2\/posts\/7025\/revisions\/7049"}],"wp:featuredmedia":[{"embeddable":true,"href":"https:\/\/www.chavinandez.com\/blog\/wp-json\/wp\/v2\/media\/6133"}],"wp:attachment":[{"href":"https:\/\/www.chavinandez.com\/blog\/wp-json\/wp\/v2\/media?parent=7025"}],"wp:term":[{"taxonomy":"category","embeddable":true,"href":"https:\/\/www.chavinandez.com\/blog\/wp-json\/wp\/v2\/categories?post=7025"},{"taxonomy":"post_tag","embeddable":true,"href":"https:\/\/www.chavinandez.com\/blog\/wp-json\/wp\/v2\/tags?post=7025"}],"curies":[{"name":"wp","href":"https:\/\/api.w.org\/{rel}","templated":true}]}}