{"id":6982,"date":"2017-08-29T01:15:26","date_gmt":"2017-08-29T00:15:26","guid":{"rendered":"http:\/\/www.chavinandez.com\/blog\/?p=6982"},"modified":"2017-08-29T01:19:54","modified_gmt":"2017-08-29T00:19:54","slug":"vivelo-regalaselo-regalatelo-ultimo-spot-promocional-de-la-edicion-invernal-a-islandia-2018","status":"publish","type":"post","link":"https:\/\/www.chavinandez.com\/blog\/vivelo-regalaselo-regalatelo-ultimo-spot-promocional-de-la-edicion-invernal-a-islandia-2018\/","title":{"rendered":"V\u00edvelo, reg\u00e1laselo, reg\u00e1latelo. \u00daltimo spot promocional de la edici\u00f3n invernal a Islandia 2018"},"content":{"rendered":"<p>Ya est\u00e1 disponible tanto en <a href=\"https:\/\/youtu.be\/cml845oLvvs\" target=\"_blank\" rel=\"noopener\">Youtube<\/a> como en <a href=\"https:\/\/vimeo.com\/231467318\" target=\"_blank\" rel=\"noopener\">Vimeo<\/a> el spot promocional de la 26\u00aa edici\u00f3n de nuestro viaje fotogr\u00e1fico a Islandia en invierno de 2018 y de la que quedan las \u00faltimas plazas.<\/p>\n<p>Una estupenda excusa para viajar al pa\u00eds n\u00f3rdico durante la \u00e9poca de auroras boreales, en el que los expertos y cient\u00edficos dicen pueda ser el \u00faltimo de actividad solar latente en los pr\u00f3ximos 22 a\u00f1os. ;-( al menos eso dicen&#8230;..<\/p>\n<p><iframe loading=\"lazy\" title=\"Islandia en Invierno, v\u00edvelo, reg\u00e1latelo, reg\u00e1laselo\" src=\"https:\/\/player.vimeo.com\/video\/231467318?dnt=1&amp;app_id=122963\" width=\"660\" height=\"371\" frameborder=\"0\" allow=\"autoplay; fullscreen; picture-in-picture; clipboard-write\"><\/iframe><\/p>\n","protected":false},"excerpt":{"rendered":"<p>Ya est\u00e1 disponible tanto en Youtube como en Vimeo el spot promocional de la 26\u00aa edici\u00f3n de nuestro viaje fotogr\u00e1fico a Islandia en invierno de 2018 y de la que quedan las \u00faltimas plazas. Una estupenda excusa para viajar al pa\u00eds n\u00f3rdico durante la \u00e9poca de auroras boreales, en el &#8230;<\/p>\n","protected":false},"author":1,"featured_media":6983,"comment_status":"closed","ping_status":"closed","sticky":false,"template":"","format":"standard","meta":{"footnotes":""},"categories":[159,2482,2483,2484,2564,356,23,11,2337,3],"tags":[917,2563,2562,2561,2560,2559,888,2557,1416,2556,2558,2099,1283],"class_list":["post-6982","post","type-post","status-publish","format-standard","has-post-thumbnail","hentry","category-destinos","category-drones","category-filmacion","category-fotografia-aerea","category-islandia","category-novedades","category-promocion","category-httpwwwlabatiruralcomwordpress","category-viajes","category-videos","tag-boreal-travel","tag-islandia-2018-febrero","tag-islandia-inverno-2018","tag-photolocus-islandia-viajes","tag-ragalo-viaje-islandia","tag-regalar-viaje-islandia","tag-viajar-a-islandia","tag-viaje-a-islandia-invierno","tag-viaje-fotografico-islandia","tag-viaje-islandia-2018","tag-viaje-regalo","tag-viajes-boreal-travel","tag-viajes-islandia","column","threecol","has-thumbnail"],"_links":{"self":[{"href":"https:\/\/www.chavinandez.com\/blog\/wp-json\/wp\/v2\/posts\/6982","targetHints":{"allow":["GET"]}}],"collection":[{"href":"https:\/\/www.chavinandez.com\/blog\/wp-json\/wp\/v2\/posts"}],"about":[{"href":"https:\/\/www.chavinandez.com\/blog\/wp-json\/wp\/v2\/types\/post"}],"author":[{"embeddable":true,"href":"https:\/\/www.chavinandez.com\/blog\/wp-json\/wp\/v2\/users\/1"}],"replies":[{"embeddable":true,"href":"https:\/\/www.chavinandez.com\/blog\/wp-json\/wp\/v2\/comments?post=6982"}],"version-history":[{"count":2,"href":"https:\/\/www.chavinandez.com\/blog\/wp-json\/wp\/v2\/posts\/6982\/revisions"}],"predecessor-version":[{"id":6985,"href":"https:\/\/www.chavinandez.com\/blog\/wp-json\/wp\/v2\/posts\/6982\/revisions\/6985"}],"wp:featuredmedia":[{"embeddable":true,"href":"https:\/\/www.chavinandez.com\/blog\/wp-json\/wp\/v2\/media\/6983"}],"wp:attachment":[{"href":"https:\/\/www.chavinandez.com\/blog\/wp-json\/wp\/v2\/media?parent=6982"}],"wp:term":[{"taxonomy":"category","embeddable":true,"href":"https:\/\/www.chavinandez.com\/blog\/wp-json\/wp\/v2\/categories?post=6982"},{"taxonomy":"post_tag","embeddable":true,"href":"https:\/\/www.chavinandez.com\/blog\/wp-json\/wp\/v2\/tags?post=6982"}],"curies":[{"name":"wp","href":"https:\/\/api.w.org\/{rel}","templated":true}]}}