{"id":6291,"date":"2016-04-13T17:55:53","date_gmt":"2016-04-13T16:55:53","guid":{"rendered":"http:\/\/www.chavinandez.com\/blog\/?p=6291"},"modified":"2016-04-15T11:42:23","modified_gmt":"2016-04-15T10:42:23","slug":"xi-feria-de-tiendas-virtuales-de-aragon","status":"publish","type":"post","link":"https:\/\/www.chavinandez.com\/blog\/xi-feria-de-tiendas-virtuales-de-aragon\/","title":{"rendered":"XI Feria de Tiendas Virtuales de Arag\u00f3n"},"content":{"rendered":"<p>&nbsp;<\/p>\n<p style=\"text-align: justify;\"><img loading=\"lazy\" decoding=\"async\" class=\"size-full wp-image-6294 alignleft\" src=\"https:\/\/www.chavinandez.com\/blog\/wp-content\/uploads\/2016\/04\/HOTEL-RONCESVALLES-foods-4.jpg\" alt=\"HOTEL-RONCESVALLES-foods-4\" width=\"500\" height=\"334\" srcset=\"https:\/\/www.chavinandez.com\/blog\/wp-content\/uploads\/2016\/04\/HOTEL-RONCESVALLES-foods-4.jpg 500w, https:\/\/www.chavinandez.com\/blog\/wp-content\/uploads\/2016\/04\/HOTEL-RONCESVALLES-foods-4-200x134.jpg 200w, https:\/\/www.chavinandez.com\/blog\/wp-content\/uploads\/2016\/04\/HOTEL-RONCESVALLES-foods-4-449x300.jpg 449w, https:\/\/www.chavinandez.com\/blog\/wp-content\/uploads\/2016\/04\/HOTEL-RONCESVALLES-foods-4-332x222.jpg 332w\" sizes=\"auto, (max-width: 500px) 100vw, 500px\" \/><\/p>\n<p style=\"text-align: justify;\">Este pr\u00f3ximo viernes d\u00eda 15 de abril se celebra la Feria de Tiendas Virtuales de Arag\u00f3n, #FTVA16 en <strong><a href=\"http:\/\/www.feriatiendasvirtuales.es\/\" target=\"_blank\">Walqa, Huesca<\/a><\/strong>, con una intensa jornada con un sinf\u00edn de actividades en torno a proveedores y las herramientas actuales del mundo on-line para\u00a0las tiendas virtuales, de las que habr\u00e1 casi un centenar de ejemplos de empresas e iniciativas aragonesas y de fuera, que han triunfado apostando por renovar, evolucionar y crecer junto a su mercado de clientes actual.<\/p>\n<p style=\"text-align: justify;\">Desde hace m\u00e1s de diecis\u00e9is a\u00f1os que he tenido la suerte de poder seguir\u00a0de cerca la evoluci\u00f3n fascinante del e-commerce tanto en Arag\u00f3n como a nivel global, y en donde nuestra comunidad ha ido\u00a0situ\u00e1ndose en un puesto importante, con visionarios arriesgados, emprendedores y referentes hoy de primer orden, cuya mentalidad de grandes creativos y siempre perseverantes, t\u00edpico de\u00a0nuestro car\u00e1cter\u00a0aragon\u00e9s, les ha servido para innovar en primer orden y ser hoy ejemplo de adaptabilidad\u00a0y futuro.<\/p>\n<p style=\"text-align: justify;\">Durante la jornada de este viernes, tengo oportunidad junto a otros 40 ponentes, de\u00a0compartir en\u00a0una breve charla de 45 minutos, con mi visi\u00f3n y <a href=\"https:\/\/www.chavinandez.com\/blog\/?page_id=27\" target=\"_blank\">experiencia\u00a0en\u00a0la fotograf\u00eda de producto<\/a> y\u00a0de la importancia de la imagen corporativa para cualquier compa\u00f1\u00eda on-line as\u00ed como el m\u00e9todo para hacer llegar esas im\u00e1genes con un mensaje claro, conciso y actual a trav\u00e9s del v\u00eddeo en cualquier tienda o canal\/red social.<\/p>\n<p style=\"text-align: justify;\"><a href=\"https:\/\/www.chavinandez.com\/blog\/?page_id=27\"><img loading=\"lazy\" decoding=\"async\" class=\"alignnone wp-image-6288 size-large\" src=\"https:\/\/www.chavinandez.com\/blog\/wp-content\/uploads\/2008\/08\/bloomberg-1024x753.jpg\" alt=\"bloomberg\" width=\"660\" height=\"485\" srcset=\"https:\/\/www.chavinandez.com\/blog\/wp-content\/uploads\/2008\/08\/bloomberg-1024x753.jpg 1024w, https:\/\/www.chavinandez.com\/blog\/wp-content\/uploads\/2008\/08\/bloomberg-200x147.jpg 200w, https:\/\/www.chavinandez.com\/blog\/wp-content\/uploads\/2008\/08\/bloomberg-408x300.jpg 408w, https:\/\/www.chavinandez.com\/blog\/wp-content\/uploads\/2008\/08\/bloomberg-768x565.jpg 768w, https:\/\/www.chavinandez.com\/blog\/wp-content\/uploads\/2008\/08\/bloomberg-700x515.jpg 700w, https:\/\/www.chavinandez.com\/blog\/wp-content\/uploads\/2008\/08\/bloomberg-332x244.jpg 332w, https:\/\/www.chavinandez.com\/blog\/wp-content\/uploads\/2008\/08\/bloomberg.jpg 1317w\" sizes=\"auto, (max-width: 660px) 100vw, 660px\" \/><\/a><\/p>\n<p style=\"text-align: justify;\">Estar\u00e9\u00a0encantado de poder aportar mi granito de arena y compartir alguna de esas\u00a0experiencias, tanto en el sector de <strong><a href=\"https:\/\/vimeo.com\/channels\/960666\" target=\"_blank\">viajes fotogr\u00e1ficos<\/a><\/strong> y turismo\u00a0con <a href=\"http:\/\/www.photolocus.net\" target=\"_blank\"><strong>Photolocus.net<\/strong><\/a>, como con <strong>tiendas virtuales o de agroalimentaci\u00f3n<\/strong> que estoy seguro podr\u00e1n\u00a0aportar alguna luz a quienes tengan a bien escapar el\u00a0pr\u00f3ximo viernes 15 de abril, en horario de\u00a015,30h a las 16,30h.<\/p>\n<p>Si tienes alguna tienda on-line, un negocio ecommerce o quieres lanzarte, esta es una jornada indispensable en tu agenda, y cuyo objetivo es\u00a0reunir a quienes apuestan por el comercio electr\u00f3nico y poder generar un feedback y sinergias de futuro para todo el que se de cita all\u00ed.<\/p>\n<p>Nos vemos el viernes, en la <a href=\"http:\/\/www.feriatiendasvirtuales.es\/\" target=\"_blank\">XI Feria de Tiendas Virtuales de Arag\u00f3n.<\/a><\/p>\n","protected":false},"excerpt":{"rendered":"<p>&nbsp; Este pr\u00f3ximo viernes d\u00eda 15 de abril se celebra la Feria de Tiendas Virtuales de Arag\u00f3n, #FTVA16 en Walqa, Huesca, con una intensa jornada con un sinf\u00edn de actividades en torno a proveedores y las herramientas actuales del mundo on-line para\u00a0las tiendas virtuales, de las que habr\u00e1 casi un &#8230;<\/p>\n","protected":false},"author":1,"featured_media":6294,"comment_status":"closed","ping_status":"closed","sticky":false,"template":"","format":"standard","meta":{"footnotes":""},"categories":[344,4,305,2022,1,356,23,223,3,5],"tags":[2334,2335,2333,2336,1481,2119,2331,346,2330,201,157,407,2332,2329,641,2328],"class_list":["post-6291","post","type-post","status-publish","format-standard","has-post-thumbnail","hentry","category-charlas","category-diseno","category-exposiciones","category-fotografia-con-movil","category-general","category-novedades","category-promocion","category-reportajes","category-videos","category-web-20","tag-ecommerce","tag-fotografiadeproducto","tag-ftva16","tag-tiendasvirtuales","tag-agroalimentacion","tag-charlas","tag-comercio-electronico","tag-conferencias","tag-feria-on-line","tag-ferias","tag-huesca","tag-photolocus","tag-tiendas-on-line","tag-tiendas-virtuales","tag-viajes-fotograficos","tag-walqa","column","threecol","has-thumbnail"],"_links":{"self":[{"href":"https:\/\/www.chavinandez.com\/blog\/wp-json\/wp\/v2\/posts\/6291","targetHints":{"allow":["GET"]}}],"collection":[{"href":"https:\/\/www.chavinandez.com\/blog\/wp-json\/wp\/v2\/posts"}],"about":[{"href":"https:\/\/www.chavinandez.com\/blog\/wp-json\/wp\/v2\/types\/post"}],"author":[{"embeddable":true,"href":"https:\/\/www.chavinandez.com\/blog\/wp-json\/wp\/v2\/users\/1"}],"replies":[{"embeddable":true,"href":"https:\/\/www.chavinandez.com\/blog\/wp-json\/wp\/v2\/comments?post=6291"}],"version-history":[{"count":4,"href":"https:\/\/www.chavinandez.com\/blog\/wp-json\/wp\/v2\/posts\/6291\/revisions"}],"predecessor-version":[{"id":6297,"href":"https:\/\/www.chavinandez.com\/blog\/wp-json\/wp\/v2\/posts\/6291\/revisions\/6297"}],"wp:featuredmedia":[{"embeddable":true,"href":"https:\/\/www.chavinandez.com\/blog\/wp-json\/wp\/v2\/media\/6294"}],"wp:attachment":[{"href":"https:\/\/www.chavinandez.com\/blog\/wp-json\/wp\/v2\/media?parent=6291"}],"wp:term":[{"taxonomy":"category","embeddable":true,"href":"https:\/\/www.chavinandez.com\/blog\/wp-json\/wp\/v2\/categories?post=6291"},{"taxonomy":"post_tag","embeddable":true,"href":"https:\/\/www.chavinandez.com\/blog\/wp-json\/wp\/v2\/tags?post=6291"}],"curies":[{"name":"wp","href":"https:\/\/api.w.org\/{rel}","templated":true}]}}