{"id":629,"date":"2008-11-15T17:56:31","date_gmt":"2008-11-15T15:56:31","guid":{"rendered":"http:\/\/www.chavinandez.com\/blog\/?p=629"},"modified":"2008-11-15T19:27:10","modified_gmt":"2008-11-15T17:27:10","slug":"fotografia-invernal-para-el-puente-de-la-inmaculada-en-los-valles","status":"publish","type":"post","link":"https:\/\/www.chavinandez.com\/blog\/fotografia-invernal-para-el-puente-de-la-inmaculada-en-los-valles\/","title":{"rendered":"Fotograf\u00eda invernal para el Puente de la Inmaculada en los Valles Occidentales"},"content":{"rendered":"<p><a href=\"https:\/\/www.chavinandez.com\/blog\/wp-content\/uploads\/2008\/11\/rapaces2008-1-of-1-16.jpg\"><img loading=\"lazy\" decoding=\"async\" class=\"alignleft size-full wp-image-628\" style=\"margin: 15px;\" title=\"rapaces2008-1-of-1-16\" src=\"https:\/\/www.chavinandez.com\/blog\/wp-content\/uploads\/2008\/11\/rapaces2008-1-of-1-16.jpg\" alt=\"\" width=\"237\" height=\"360\" srcset=\"https:\/\/www.chavinandez.com\/blog\/wp-content\/uploads\/2008\/11\/rapaces2008-1-of-1-16.jpg 237w, https:\/\/www.chavinandez.com\/blog\/wp-content\/uploads\/2008\/11\/rapaces2008-1-of-1-16-98x150.jpg 98w, https:\/\/www.chavinandez.com\/blog\/wp-content\/uploads\/2008\/11\/rapaces2008-1-of-1-16-197x300.jpg 197w\" sizes=\"auto, (max-width: 237px) 100vw, 237px\" \/><\/a> Las nieves han ca\u00eddo ya sobre las zonas de monta\u00f1a del Pirineo y est\u00e1n vistiendo de manera anticipada una estaci\u00f3n invernal que se caracteriza por las brillantes y frescas luces de las cumbres y pueblos.<\/p>\n<p>Una suerte para poder  aprovechar y escaparse para el que, ya faltan menos d\u00edas, el pr\u00f3ximo Puente de la Inmaculada. Del 5 al 8 de diciembre, en el Valle de Hecho y en concreto en Siresa, con base en el Hotel <strong><a href=\"http:\/\/www.castillodacher.com\">Castillo d&#8217;Acher<\/a><\/strong> se celebra un nuevo weekend exclusivo para practicar una de tantas actividades que se est\u00e1n realizando en esta zona con bastante \u00e9xito durante los \u00faltimos meses. En esta ocasi\u00f3n con un taller de fotograf\u00eda organizado por <strong><a href=\"http:\/\/www.evadium.com\/contents\/escapadas?code=foto-vallesinvierno&amp;affiliate_code=CHND\" target=\"_blank\">EVADIUM<\/a><\/strong> que propone tres d\u00edas para disfrutar de las nieves ca\u00eddas y un entorno \u00fanico para fotografiar, el Parque Natural de los valles Occidentales, visitando in situ los pueblos a\u00fan conservados de ese urbanismo tradicional del pirineo que integran estos parajes \u00fanicos y singulares por su belleza natural.<\/p>\n<p>Un largo fin de semana, convertido en puente, practicando las t\u00e9cnicas de la fotograf\u00eda de viajes y en concreto en ambientes invernales. Una nueva ocasi\u00f3n para escapar de las ciudades en busca de las sensaciones de aventura y convivencia con gente inquieta y con una misma afici\u00f3n, la fotograf\u00eda.<\/p>\n<p>A\u00fan estas a tiempo, no dejes escapar la ocasi\u00f3n y animarse que a\u00fan quedan las \u00faltimas plazas.<\/p>\n<p>M\u00e1s info en la p\u00e1gina del taller en <a href=\"http:\/\/www.evadium.com\/contents\/escapadas?code=foto-vallesinvierno&amp;affiliate_code=CHND\" target=\"_blank\">EVADIUM<\/a><\/p>\n","protected":false},"excerpt":{"rendered":"<p>Las nieves han ca\u00eddo ya sobre las zonas de monta\u00f1a del Pirineo y est\u00e1n vistiendo de manera anticipada una estaci\u00f3n invernal que se caracteriza por las brillantes y frescas luces de las cumbres y pueblos. Una suerte para poder aprovechar y escaparse para el que, ya faltan menos d\u00edas, el &#8230;<\/p>\n","protected":false},"author":1,"featured_media":0,"comment_status":"open","ping_status":"open","sticky":false,"template":"","format":"standard","meta":{"footnotes":""},"categories":[7,36],"tags":[40,85,77,39,59],"class_list":["post-629","post","type-post","status-publish","format-standard","hentry","category-experiencias","category-fotografia","tag-evadium","tag-hecho","tag-parque-natural-de-los-valles-occidentales","tag-siresa","tag-talleres-de-fotografia","column","threecol"],"_links":{"self":[{"href":"https:\/\/www.chavinandez.com\/blog\/wp-json\/wp\/v2\/posts\/629","targetHints":{"allow":["GET"]}}],"collection":[{"href":"https:\/\/www.chavinandez.com\/blog\/wp-json\/wp\/v2\/posts"}],"about":[{"href":"https:\/\/www.chavinandez.com\/blog\/wp-json\/wp\/v2\/types\/post"}],"author":[{"embeddable":true,"href":"https:\/\/www.chavinandez.com\/blog\/wp-json\/wp\/v2\/users\/1"}],"replies":[{"embeddable":true,"href":"https:\/\/www.chavinandez.com\/blog\/wp-json\/wp\/v2\/comments?post=629"}],"version-history":[{"count":3,"href":"https:\/\/www.chavinandez.com\/blog\/wp-json\/wp\/v2\/posts\/629\/revisions"}],"predecessor-version":[{"id":632,"href":"https:\/\/www.chavinandez.com\/blog\/wp-json\/wp\/v2\/posts\/629\/revisions\/632"}],"wp:attachment":[{"href":"https:\/\/www.chavinandez.com\/blog\/wp-json\/wp\/v2\/media?parent=629"}],"wp:term":[{"taxonomy":"category","embeddable":true,"href":"https:\/\/www.chavinandez.com\/blog\/wp-json\/wp\/v2\/categories?post=629"},{"taxonomy":"post_tag","embeddable":true,"href":"https:\/\/www.chavinandez.com\/blog\/wp-json\/wp\/v2\/tags?post=629"}],"curies":[{"name":"wp","href":"https:\/\/api.w.org\/{rel}","templated":true}]}}