{"id":6281,"date":"2016-03-23T16:09:28","date_gmt":"2016-03-23T15:09:28","guid":{"rendered":"http:\/\/www.chavinandez.com\/blog\/?p=6281"},"modified":"2016-03-23T16:09:28","modified_gmt":"2016-03-23T15:09:28","slug":"la-aventura-fotografica-en-eslovenia","status":"publish","type":"post","link":"https:\/\/www.chavinandez.com\/blog\/la-aventura-fotografica-en-eslovenia\/","title":{"rendered":"La aventura fotogr\u00e1fica en Eslovenia"},"content":{"rendered":"<p><iframe loading=\"lazy\" title=\"Slovenian Adventure 2016\" src=\"https:\/\/player.vimeo.com\/video\/160099666?dnt=1&amp;app_id=122963\" width=\"660\" height=\"371\" frameborder=\"0\" allow=\"autoplay; fullscreen; picture-in-picture; clipboard-write\"><\/iframe><\/p>\n<p style=\"text-align: justify;\">A falta de poco m\u00e1s de un m\u00e9s para nuestra cita anual en Eslovenia, la edici\u00f3n de primavera se presenta con muchas ganas de poder volver a redescubrir el paisaje ind\u00f3mito\u00a0y lleno de vida\u00a0de nuestro campo base en el\u00a0suroeste del pa\u00eds. Como cada edici\u00f3n y con la colaboraci\u00f3n de <a href=\"http:\/\/slovenianbears.com\/workshop-calendar\/\" target=\"_blank\">Slovenianbears.com<\/a> y su fundador Miha Mlakar, durante siete d\u00edas y siete noches, no solo hacemos una inmersi\u00f3n fotogr\u00e1fica en la cultura, tradiciones y el paisaje de pastos y monta\u00f1a de esta hermosa zona rural, sino que degustamos durante siete d\u00edas, la gastronom\u00eda local y descubrimos de primera mano, los h\u00e1bitos y costumbres de la vida salvaje que all\u00ed habita.. Eslovenia es ejemplo en el que vemos como la sostenibilidad no est\u00e1 re\u00f1ida con la convivencia de\u00a0especies como el oso pardo, siendo modelo para otros pa\u00edses por su gesti\u00f3n eficiente y basada en el <strong>desarrollo rural real<\/strong> de sus habitantes.<\/p>\n<figure id=\"attachment_6283\" aria-describedby=\"caption-attachment-6283\" style=\"width: 800px\" class=\"wp-caption alignnone\"><img loading=\"lazy\" decoding=\"async\" class=\"size-full wp-image-6283\" src=\"https:\/\/www.chavinandez.com\/blog\/wp-content\/uploads\/2016\/03\/ViajefotograficoEslovenia2016.jpg\" alt=\"Meadow at Vrhnika pri Lo\u017eu village. Slovenia\" width=\"800\" height=\"534\" srcset=\"https:\/\/www.chavinandez.com\/blog\/wp-content\/uploads\/2016\/03\/ViajefotograficoEslovenia2016.jpg 800w, https:\/\/www.chavinandez.com\/blog\/wp-content\/uploads\/2016\/03\/ViajefotograficoEslovenia2016-200x134.jpg 200w, https:\/\/www.chavinandez.com\/blog\/wp-content\/uploads\/2016\/03\/ViajefotograficoEslovenia2016-449x300.jpg 449w, https:\/\/www.chavinandez.com\/blog\/wp-content\/uploads\/2016\/03\/ViajefotograficoEslovenia2016-768x513.jpg 768w, https:\/\/www.chavinandez.com\/blog\/wp-content\/uploads\/2016\/03\/ViajefotograficoEslovenia2016-700x467.jpg 700w, https:\/\/www.chavinandez.com\/blog\/wp-content\/uploads\/2016\/03\/ViajefotograficoEslovenia2016-332x222.jpg 332w\" sizes=\"auto, (max-width: 800px) 100vw, 800px\" \/><figcaption id=\"caption-attachment-6283\" class=\"wp-caption-text\">Meadow at Vrhnika pri Lo\u017eu village. Slovenia<\/figcaption><\/figure>\n<p style=\"text-align: justify;\">Si te animas, quedan <a href=\"http:\/\/www.photolocus.net\/shop\/viajes-fotograficos\/152-viaje-fotografico-a-eslovenia.html\" target=\"_blank\">las \u00faltimas plazas del viaje fotogr\u00e1fico a Eslovenia<\/a> de esta primavera y tambi\u00e9n para este a\u00f1o 2016, ya que la <strong><a href=\"http:\/\/www.photolocus.net\/shop\/viajes-fotograficos\/152-viaje-fotografico-a-eslovenia.html\" target=\"_blank\">edici\u00f3n de oto\u00f1o ya est\u00e1 completa<\/a><\/strong> y seguro que nos deparar\u00e1 tambi\u00e9n de nuevo grandes aventuras.<\/p>\n<p style=\"text-align: justify;\">No te pierdas la primavera en Eslovenia&#8230;!!! es algo que no olvidar\u00e1s.<br \/>\n<a href=\"https:\/\/vimeo.com\/127773273\" target=\"_blank\">As\u00ed la vivimos la primavera pasada.<\/a><\/p>\n<p style=\"text-align: justify;\">\n","protected":false},"excerpt":{"rendered":"<p>A falta de poco m\u00e1s de un m\u00e9s para nuestra cita anual en Eslovenia, la edici\u00f3n de primavera se presenta con muchas ganas de poder volver a redescubrir el paisaje ind\u00f3mito\u00a0y lleno de vida\u00a0de nuestro campo base en el\u00a0suroeste del pa\u00eds. Como cada edici\u00f3n y con la colaboraci\u00f3n de Slovenianbears.com &#8230;<\/p>\n","protected":false},"author":1,"featured_media":6282,"comment_status":"closed","ping_status":"closed","sticky":false,"template":"","format":"standard","meta":{"footnotes":""},"categories":[159,7,36,356,23,223,11,3,5],"tags":[2320,2045,2321,183,72,2020,60,2018,2327,2319,2017,2012,2318,2013,2253,2323,2322,2325,2324,641,2312,2326],"class_list":["post-6281","post","type-post","status-publish","format-standard","has-post-thumbnail","hentry","category-destinos","category-experiencias","category-fotografia","category-novedades","category-promocion","category-reportajes","category-httpwwwlabatiruralcomwordpress","category-videos","category-web-20","tag-brown-bear","tag-eslovenia","tag-eslovenia-viajes","tag-fotografia-de-fauna","tag-fotografia-de-naturaleza","tag-fotografia-de-oso-pardo","tag-fotografia-de-viajes","tag-hide-oso-pardo","tag-hides-oso-pardo","tag-observacion-oso-pardo","tag-oso-pardo","tag-slovenia","tag-ursus-arctos","tag-viajar-a-eslovenia","tag-viaje-eslovenia-2016","tag-viaje-eslovenia-mayo-2016","tag-viaje-eslovenia-primavera","tag-viajes-de-fotografia","tag-viajes-de-naturaleza","tag-viajes-fotograficos","tag-viajes-fotograficos-2016","tag-video-de-oso-pardo","column","threecol","has-thumbnail"],"_links":{"self":[{"href":"https:\/\/www.chavinandez.com\/blog\/wp-json\/wp\/v2\/posts\/6281","targetHints":{"allow":["GET"]}}],"collection":[{"href":"https:\/\/www.chavinandez.com\/blog\/wp-json\/wp\/v2\/posts"}],"about":[{"href":"https:\/\/www.chavinandez.com\/blog\/wp-json\/wp\/v2\/types\/post"}],"author":[{"embeddable":true,"href":"https:\/\/www.chavinandez.com\/blog\/wp-json\/wp\/v2\/users\/1"}],"replies":[{"embeddable":true,"href":"https:\/\/www.chavinandez.com\/blog\/wp-json\/wp\/v2\/comments?post=6281"}],"version-history":[{"count":1,"href":"https:\/\/www.chavinandez.com\/blog\/wp-json\/wp\/v2\/posts\/6281\/revisions"}],"predecessor-version":[{"id":6284,"href":"https:\/\/www.chavinandez.com\/blog\/wp-json\/wp\/v2\/posts\/6281\/revisions\/6284"}],"wp:featuredmedia":[{"embeddable":true,"href":"https:\/\/www.chavinandez.com\/blog\/wp-json\/wp\/v2\/media\/6282"}],"wp:attachment":[{"href":"https:\/\/www.chavinandez.com\/blog\/wp-json\/wp\/v2\/media?parent=6281"}],"wp:term":[{"taxonomy":"category","embeddable":true,"href":"https:\/\/www.chavinandez.com\/blog\/wp-json\/wp\/v2\/categories?post=6281"},{"taxonomy":"post_tag","embeddable":true,"href":"https:\/\/www.chavinandez.com\/blog\/wp-json\/wp\/v2\/tags?post=6281"}],"curies":[{"name":"wp","href":"https:\/\/api.w.org\/{rel}","templated":true}]}}