{"id":6240,"date":"2016-02-20T09:30:00","date_gmt":"2016-02-20T08:30:00","guid":{"rendered":"http:\/\/www.chavinandez.com\/blog\/?p=6240"},"modified":"2016-02-20T10:02:40","modified_gmt":"2016-02-20T09:02:40","slug":"la-genialidad-de-lo-pequeno-y-del-sentido-comun","status":"publish","type":"post","link":"https:\/\/www.chavinandez.com\/blog\/la-genialidad-de-lo-pequeno-y-del-sentido-comun\/","title":{"rendered":"La genialidad de lo peque\u00f1o y del sentido com\u00fan"},"content":{"rendered":"<p><a href=\"http:\/\/www.photolocus.net\/shop\"><img loading=\"lazy\" decoding=\"async\" class=\"alignnone wp-image-6241\" src=\"https:\/\/www.chavinandez.com\/blog\/wp-content\/uploads\/2016\/02\/image.jpeg\" alt=\"ChavinandezPhoto2016\" width=\"900\" height=\"600\" srcset=\"https:\/\/www.chavinandez.com\/blog\/wp-content\/uploads\/2016\/02\/image.jpeg 1744w, https:\/\/www.chavinandez.com\/blog\/wp-content\/uploads\/2016\/02\/image-200x133.jpeg 200w, https:\/\/www.chavinandez.com\/blog\/wp-content\/uploads\/2016\/02\/image-450x300.jpeg 450w, https:\/\/www.chavinandez.com\/blog\/wp-content\/uploads\/2016\/02\/image-768x512.jpeg 768w, https:\/\/www.chavinandez.com\/blog\/wp-content\/uploads\/2016\/02\/image-1024x683.jpeg 1024w, https:\/\/www.chavinandez.com\/blog\/wp-content\/uploads\/2016\/02\/image-700x467.jpeg 700w, https:\/\/www.chavinandez.com\/blog\/wp-content\/uploads\/2016\/02\/image-332x221.jpeg 332w\" sizes=\"auto, (max-width: 900px) 100vw, 900px\" \/><\/a><\/p>\n<p>Hoy marchan de vuelta, los aventureros de la edici\u00f3n del primer viaje fotogr\u00e1fico a Islandia de este a\u00f1o 2016, con <a href=\"http:\/\/www.photolocus.net\" target=\"_blank\">Photolocus.net<\/a> . Como siempre un grupo de Catalu\u00f1a, Madrid y Pa\u00eds Vasco, de gente estupenda y que han sabido con gran humor \u00a0enfrentarse a las inclemencias del tiempo, disfrutado como tantas otras veces\u00a0antes, no s\u00f3lo del paisaje que este pa\u00eds ofrece al visitante, sino de los peque\u00f1os rincones y momentos que recordar\u00e1n durante muchos a\u00f1os. Han sabido estar, entender y respetar las normas que este pa\u00eds impone a los visitantes y fot\u00f3grafos para poder seguir disfrutando de la naturaleza como el espect\u00e1culo realista que nos ense\u00f1a que apenas somos nada, un suspiro, ante la grandeza de la tundra, la lengua del glaciar o el desafiante oc\u00e9ano.<\/p>\n<p>Apenas una semana antes, le\u00eda en la prensa local islandesa, como la imprudencia de algunos visitantes se llevaba la vida de una joven en la playa de Reynisfjara, cerca de Vik y considerada una de las m\u00e1s peligrosas del mundo. Pocos d\u00edas despu\u00e9s un grupo de turistas ten\u00edan que ser rescatados de la laguna de Jokulsarlon por quedarse atrapados en una blanquisa a la que de manera imprudente hab\u00edan subido, quiz\u00e1 para hacer la foto que podr\u00eda haberles costado la vida. Pero trat\u00e1ndose de turistas quiz\u00e1 eso pueda parecernos normal, aunque a los islandeses no, ya que el respeto por las normas y en especial por la naturaleza, est\u00e1 por encima de todo.<\/p>\n<p>Personalmente me preocupa mucho m\u00e1s, la imprudencia, de quienes son gu\u00edas, o ejercen de ello, hace unos a\u00f1os cuando lamentablemente mor\u00eda aplastado uno en la cueva de hielo, dejaba claro que era lugar al que nunca meter\u00eda a un grupo de personas que conduzco por el pa\u00eds, el riesgo es palpable.<\/p>\n<p>Un gu\u00eda local island\u00e9s fotografiaba y publicaba hace bien poco mostrando a un grupo numeroso de veinte fot\u00f3grafos espa\u00f1oles, guiados seguramente por alg\u00fan inconsciente, encaramados fuera de los l\u00edmites permitidos, en busca de la fotograf\u00eda de sus sue\u00f1os imagino, y que dejan de nuevo la imagen de nuestro pa\u00eds en entredicho, y lo peor, demuestran el poco respeto por fotografiar aquello que tanto admiran y luego presumen ense\u00f1ando, la naturaleza que les rodea, eso s\u00ed, sin sentido com\u00fan. Esa es una actitud muy equivocada y de la que me alegro que ninguno de los grupos que he guiado en estos a\u00f1os ha seguido, por entender hasta donde se debe llegar en la practica de la fotograf\u00eda de naturaleza, tanto aqu\u00ed como en cualquier lugar del planeta.<\/p>\n<p>Dicho esto, y que nos sirve para reflexionar a todos, en unas horas viene el segundo grupo , que recoger\u00e9 en el aeropuerto, quienes igual que los anteriores, estoy seguro sabr\u00e1n entender que la genialidad est\u00e1 en lo peque\u00f1o, y no en los ilustres paisajes hiperrealistas y enmascarados que tantos y tantos siguen persiguiendo, crey\u00e9ndose por un instante grandes fot\u00f3grafos de naturaleza.<\/p>\n<p>No te la juegues nunca. Ninguna Fotografia vale m\u00e1s que tu vida.<\/p>\n<p>&nbsp;<\/p>\n","protected":false},"excerpt":{"rendered":"<p>Hoy marchan de vuelta, los aventureros de la edici\u00f3n del primer viaje fotogr\u00e1fico a Islandia de este a\u00f1o 2016, con Photolocus.net . Como siempre un grupo de Catalu\u00f1a, Madrid y Pa\u00eds Vasco, de gente estupenda y que han sabido con gran humor \u00a0enfrentarse a las inclemencias del tiempo, disfrutado como &#8230;<\/p>\n","protected":false},"author":1,"featured_media":6241,"comment_status":"closed","ping_status":"closed","sticky":false,"template":"","format":"standard","meta":{"footnotes":""},"categories":[159,7,9,223,11],"tags":[2305,1803,2301,265,2296,2297,2299,2302,407,2300,2303,2298,2304,2306,2101,641],"class_list":["post-6240","post","type-post","status-publish","format-standard","has-post-thumbnail","hentry","category-destinos","category-experiencias","category-imagenes","category-reportajes","category-httpwwwlabatiruralcomwordpress","tag-etica-fotografos","tag-iceland-photo-tours","tag-iceland-viajes","tag-islandia","tag-islandia-viaja-2016","tag-naturaleza-islandia","tag-normas-islandia","tag-peligros-islandia","tag-photolocus","tag-photolocus-iceland","tag-precaucion-islandia","tag-respetar-naturaleza-islandia","tag-sos-islandia","tag-tener-cuidado-en-islandia","tag-viaje-islandia-2016","tag-viajes-fotograficos","column","threecol","has-thumbnail"],"_links":{"self":[{"href":"https:\/\/www.chavinandez.com\/blog\/wp-json\/wp\/v2\/posts\/6240","targetHints":{"allow":["GET"]}}],"collection":[{"href":"https:\/\/www.chavinandez.com\/blog\/wp-json\/wp\/v2\/posts"}],"about":[{"href":"https:\/\/www.chavinandez.com\/blog\/wp-json\/wp\/v2\/types\/post"}],"author":[{"embeddable":true,"href":"https:\/\/www.chavinandez.com\/blog\/wp-json\/wp\/v2\/users\/1"}],"replies":[{"embeddable":true,"href":"https:\/\/www.chavinandez.com\/blog\/wp-json\/wp\/v2\/comments?post=6240"}],"version-history":[{"count":17,"href":"https:\/\/www.chavinandez.com\/blog\/wp-json\/wp\/v2\/posts\/6240\/revisions"}],"predecessor-version":[{"id":6258,"href":"https:\/\/www.chavinandez.com\/blog\/wp-json\/wp\/v2\/posts\/6240\/revisions\/6258"}],"wp:featuredmedia":[{"embeddable":true,"href":"https:\/\/www.chavinandez.com\/blog\/wp-json\/wp\/v2\/media\/6241"}],"wp:attachment":[{"href":"https:\/\/www.chavinandez.com\/blog\/wp-json\/wp\/v2\/media?parent=6240"}],"wp:term":[{"taxonomy":"category","embeddable":true,"href":"https:\/\/www.chavinandez.com\/blog\/wp-json\/wp\/v2\/categories?post=6240"},{"taxonomy":"post_tag","embeddable":true,"href":"https:\/\/www.chavinandez.com\/blog\/wp-json\/wp\/v2\/tags?post=6240"}],"curies":[{"name":"wp","href":"https:\/\/api.w.org\/{rel}","templated":true}]}}