{"id":6102,"date":"2016-01-31T13:51:10","date_gmt":"2016-01-31T12:51:10","guid":{"rendered":"http:\/\/www.chavinandez.com\/blog\/?p=6102"},"modified":"2016-01-31T18:28:27","modified_gmt":"2016-01-31T17:28:27","slug":"la-espectacularidad-de-lo-cotidiano-el-mundo-rural","status":"publish","type":"post","link":"https:\/\/www.chavinandez.com\/blog\/la-espectacularidad-de-lo-cotidiano-el-mundo-rural\/","title":{"rendered":"La espectacularidad de lo cotidiano, el mundo rural"},"content":{"rendered":"<p style=\"text-align: justify;\"><a href=\"http:\/\/www.photolocus.net\/shop\/viajes-fotograficos\/152-viaje-fotografico-a-eslovenia.html\" target=\"_blank\"><img loading=\"lazy\" decoding=\"async\" class=\"alignnone wp-image-6103 size-full\" src=\"https:\/\/www.chavinandez.com\/blog\/wp-content\/uploads\/2016\/01\/17007590714_28a5dcc828_b.jpg\" alt=\"17007590714_28a5dcc828_b\" width=\"1024\" height=\"684\" srcset=\"https:\/\/www.chavinandez.com\/blog\/wp-content\/uploads\/2016\/01\/17007590714_28a5dcc828_b.jpg 1024w, https:\/\/www.chavinandez.com\/blog\/wp-content\/uploads\/2016\/01\/17007590714_28a5dcc828_b-200x134.jpg 200w, https:\/\/www.chavinandez.com\/blog\/wp-content\/uploads\/2016\/01\/17007590714_28a5dcc828_b-449x300.jpg 449w, https:\/\/www.chavinandez.com\/blog\/wp-content\/uploads\/2016\/01\/17007590714_28a5dcc828_b-768x513.jpg 768w, https:\/\/www.chavinandez.com\/blog\/wp-content\/uploads\/2016\/01\/17007590714_28a5dcc828_b-700x468.jpg 700w, https:\/\/www.chavinandez.com\/blog\/wp-content\/uploads\/2016\/01\/17007590714_28a5dcc828_b-332x222.jpg 332w, https:\/\/www.chavinandez.com\/blog\/wp-content\/uploads\/2016\/01\/17007590714_28a5dcc828_b-900x601.jpg 900w\" sizes=\"auto, (max-width: 1024px) 100vw, 1024px\" \/><\/a><\/p>\n<p style=\"text-align: justify;\">Hace ya un par de a\u00f1os que viajamos a una preciosa zona del sur de <a href=\"https:\/\/www.flickr.com\/photos\/chavinandez\/with\/17627712272\/\" target=\"_blank\">Slovenia<\/a> que nos tiene prendados. All\u00ed conoc\u00ed a ra\u00edz de un reportaje\u00a0acompa\u00f1ado de mi amigo Enrique Santos, a Miha Mlakar, un emprendedor esloveno, conocedor experto de la zona y gran amante de la naturaleza y mundo forestal que tiene a su alrededor. Hemos realizado varias ediciones al pa\u00eds, en primavera y oto\u00f1o, en concreto a la zona de Markovec y el lago Cerknica y siempre nos maravilla lo cambiante de un entorno rural singular y muy especial.<\/p>\n<p style=\"text-align: justify;\"><a href=\"http:\/\/www.photolocus.net\/shop\/viajes-fotograficos\/152-viaje-fotografico-a-eslovenia.html\" target=\"_blank\"><img loading=\"lazy\" decoding=\"async\" class=\"alignnone size-full wp-image-6104\" src=\"https:\/\/www.chavinandez.com\/blog\/wp-content\/uploads\/2016\/01\/17009887543_c1f1fa99e1_b.jpg\" alt=\"17009887543_c1f1fa99e1_b\" width=\"1024\" height=\"684\" srcset=\"https:\/\/www.chavinandez.com\/blog\/wp-content\/uploads\/2016\/01\/17009887543_c1f1fa99e1_b.jpg 1024w, https:\/\/www.chavinandez.com\/blog\/wp-content\/uploads\/2016\/01\/17009887543_c1f1fa99e1_b-200x134.jpg 200w, https:\/\/www.chavinandez.com\/blog\/wp-content\/uploads\/2016\/01\/17009887543_c1f1fa99e1_b-449x300.jpg 449w, https:\/\/www.chavinandez.com\/blog\/wp-content\/uploads\/2016\/01\/17009887543_c1f1fa99e1_b-768x513.jpg 768w, https:\/\/www.chavinandez.com\/blog\/wp-content\/uploads\/2016\/01\/17009887543_c1f1fa99e1_b-700x468.jpg 700w, https:\/\/www.chavinandez.com\/blog\/wp-content\/uploads\/2016\/01\/17009887543_c1f1fa99e1_b-332x222.jpg 332w, https:\/\/www.chavinandez.com\/blog\/wp-content\/uploads\/2016\/01\/17009887543_c1f1fa99e1_b-900x601.jpg 900w\" sizes=\"auto, (max-width: 1024px) 100vw, 1024px\" \/><\/a><\/p>\n<p style=\"text-align: justify;\">Este a\u00f1o volvemos de nuevo, en primavera, cuando el bosque nos ofrece una de sus mejores caras, para descubrir no s\u00f3lo, como el paisaje, sus lagos y praderas se visten de color sino adem\u00e1s para ver y o\u00edr c\u00f3mo viven los\u00a0animales salvajes, el oso pardo, el c\u00e1rabo uralensis, el pico menor, el lobo, o lince o c\u00f3mo trabajan en la apicultura y cuidan de sus tierras los habitantes\u00a0de\u00a0sus valles.<\/p>\n<p style=\"text-align: justify;\">Saliendo desde Valencia destino Trieste y en un par de horas nos plantamos en un entorno m\u00e1gico, perdido y lleno de hospitalidad que seguro una vez m\u00e1s hace de los aventureros que nos acompa\u00f1an una nueva experiencia photolocus llena de emociones dif\u00edcil de olvidar.<\/p>\n<p><a href=\"http:\/\/www.photolocus.net\/shop\/viajes-fotograficos\/152-viaje-fotografico-a-eslovenia.html\" target=\"_blank\"><img loading=\"lazy\" decoding=\"async\" class=\"alignnone wp-image-6105 size-full\" src=\"https:\/\/www.chavinandez.com\/blog\/wp-content\/uploads\/2016\/01\/17630071065_9a26b64877_o.jpg\" alt=\"\" width=\"1200\" height=\"801\" srcset=\"https:\/\/www.chavinandez.com\/blog\/wp-content\/uploads\/2016\/01\/17630071065_9a26b64877_o.jpg 1200w, https:\/\/www.chavinandez.com\/blog\/wp-content\/uploads\/2016\/01\/17630071065_9a26b64877_o-200x134.jpg 200w, https:\/\/www.chavinandez.com\/blog\/wp-content\/uploads\/2016\/01\/17630071065_9a26b64877_o-449x300.jpg 449w, https:\/\/www.chavinandez.com\/blog\/wp-content\/uploads\/2016\/01\/17630071065_9a26b64877_o-768x513.jpg 768w, https:\/\/www.chavinandez.com\/blog\/wp-content\/uploads\/2016\/01\/17630071065_9a26b64877_o-1024x684.jpg 1024w, https:\/\/www.chavinandez.com\/blog\/wp-content\/uploads\/2016\/01\/17630071065_9a26b64877_o-700x467.jpg 700w, https:\/\/www.chavinandez.com\/blog\/wp-content\/uploads\/2016\/01\/17630071065_9a26b64877_o-332x222.jpg 332w, https:\/\/www.chavinandez.com\/blog\/wp-content\/uploads\/2016\/01\/17630071065_9a26b64877_o-900x601.jpg 900w\" sizes=\"auto, (max-width: 1200px) 100vw, 1200px\" \/><\/a><\/p>\n<p style=\"text-align: justify;\">Si te gusta la fotograf\u00eda, el paisaje y los entorno rurales, est\u00e1s a tiempo, hasta finales de febrero o primeros de marzo que a\u00fan podemos beneficiarnos de los precios low cost de la aerol\u00ednea, tienes una oportunidad de vivir en situ un viaje fotogr\u00e1fico a Eslovenia en r\u00e9gimen de pensi\u00f3n completa, con un gu\u00eda muy especial, y en una casa de cuento, que se ha convertido en un referente de nuestras aventuras fotogr\u00e1ficas. No te lo pienses mucho&#8230;!!! Ya estamos casi todos.<\/p>\n<p style=\"text-align: justify;\">M\u00e1s info aqu\u00ed:\u00a0<a href=\"https:\/\/www.facebook.com\/events\/1698282393761940\/\" target=\"_blank\">P\u00e1gina de evento en Facebook<br \/>\n<\/a><a href=\"https:\/\/vimeo.com\/127773273\" target=\"_blank\">Video de la edici\u00f3n pasada en primavera<\/a><br \/>\n<a href=\"https:\/\/www.flickr.com\/photos\/chavinandez\/with\/17627712272\/\" target=\"_blank\">Galer\u00eda de fotos de la edici\u00f3n 2015 Primavera<br \/>\n<\/a>P\u00e1gina de reservas: <a href=\"http:\/\/www.photolocus.net\/shop\/viajes-fotograficos\/152-viaje-fotografico-a-eslovenia.html\" target=\"_blank\">Photolocus.net<\/a><\/p>\n","protected":false},"excerpt":{"rendered":"<p>Hace ya un par de a\u00f1os que viajamos a una preciosa zona del sur de Slovenia que nos tiene prendados. All\u00ed conoc\u00ed a ra\u00edz de un reportaje\u00a0acompa\u00f1ado de mi amigo Enrique Santos, a Miha Mlakar, un emprendedor esloveno, conocedor experto de la zona y gran amante de la naturaleza y &#8230;<\/p>\n","protected":false},"author":1,"featured_media":6106,"comment_status":"closed","ping_status":"closed","sticky":false,"template":"","format":"standard","meta":{"footnotes":""},"categories":[159,7,2022,356,23,223,11,3,5],"tags":[2189,2250,153,2251,2252,2258,2254,2012,2257,2256,2255,2014,2253,1893,2249,641],"class_list":["post-6102","post","type-post","status-publish","format-standard","has-post-thumbnail","hentry","category-destinos","category-experiencias","category-fotografia-con-movil","category-novedades","category-promocion","category-reportajes","category-httpwwwlabatiruralcomwordpress","category-videos","category-web-20","tag-2016-viaje-fotografico","tag-eslovenia-2016","tag-fotografia-de-paisaje","tag-fotografia-eslovenia-2016","tag-fotografia-rural-eslovenia","tag-paisajes-eslovenia","tag-primavera-eslovenia-viajes","tag-slovenia","tag-slovenia-workshops","tag-viaja-eslovenia","tag-viajar-eslovenia-2016","tag-viaje-eslovenia","tag-viaje-eslovenia-2016","tag-viaje-fotografico-eslovenia","tag-viaje-fotografico-eslovenia-2016","tag-viajes-fotograficos","column","threecol","has-thumbnail"],"_links":{"self":[{"href":"https:\/\/www.chavinandez.com\/blog\/wp-json\/wp\/v2\/posts\/6102","targetHints":{"allow":["GET"]}}],"collection":[{"href":"https:\/\/www.chavinandez.com\/blog\/wp-json\/wp\/v2\/posts"}],"about":[{"href":"https:\/\/www.chavinandez.com\/blog\/wp-json\/wp\/v2\/types\/post"}],"author":[{"embeddable":true,"href":"https:\/\/www.chavinandez.com\/blog\/wp-json\/wp\/v2\/users\/1"}],"replies":[{"embeddable":true,"href":"https:\/\/www.chavinandez.com\/blog\/wp-json\/wp\/v2\/comments?post=6102"}],"version-history":[{"count":5,"href":"https:\/\/www.chavinandez.com\/blog\/wp-json\/wp\/v2\/posts\/6102\/revisions"}],"predecessor-version":[{"id":6112,"href":"https:\/\/www.chavinandez.com\/blog\/wp-json\/wp\/v2\/posts\/6102\/revisions\/6112"}],"wp:featuredmedia":[{"embeddable":true,"href":"https:\/\/www.chavinandez.com\/blog\/wp-json\/wp\/v2\/media\/6106"}],"wp:attachment":[{"href":"https:\/\/www.chavinandez.com\/blog\/wp-json\/wp\/v2\/media?parent=6102"}],"wp:term":[{"taxonomy":"category","embeddable":true,"href":"https:\/\/www.chavinandez.com\/blog\/wp-json\/wp\/v2\/categories?post=6102"},{"taxonomy":"post_tag","embeddable":true,"href":"https:\/\/www.chavinandez.com\/blog\/wp-json\/wp\/v2\/tags?post=6102"}],"curies":[{"name":"wp","href":"https:\/\/api.w.org\/{rel}","templated":true}]}}