{"id":5936,"date":"2015-11-25T16:58:26","date_gmt":"2015-11-25T15:58:26","guid":{"rendered":"http:\/\/www.chavinandez.com\/blog\/?p=5936"},"modified":"2016-06-09T11:58:40","modified_gmt":"2016-06-09T10:58:40","slug":"landmannalaugar-el-viaje-al-centro-de-la-tierra","status":"publish","type":"post","link":"https:\/\/www.chavinandez.com\/blog\/landmannalaugar-el-viaje-al-centro-de-la-tierra\/","title":{"rendered":"Landmannalaugar, El viaje al centro de la tierra"},"content":{"rendered":"<p><a href=\"https:\/\/www.chavinandez.com\/blog\/wp-content\/uploads\/2015\/11\/ViajeFotograficolandmannalaugar2016.jpg\"><img loading=\"lazy\" decoding=\"async\" class=\"alignnone wp-image-5937 size-full\" src=\"https:\/\/www.chavinandez.com\/blog\/wp-content\/uploads\/2015\/11\/ViajeFotograficolandmannalaugar2016.jpg\" alt=\"\" width=\"900\" height=\"598\" srcset=\"https:\/\/www.chavinandez.com\/blog\/wp-content\/uploads\/2015\/11\/ViajeFotograficolandmannalaugar2016.jpg 900w, https:\/\/www.chavinandez.com\/blog\/wp-content\/uploads\/2015\/11\/ViajeFotograficolandmannalaugar2016-200x133.jpg 200w, https:\/\/www.chavinandez.com\/blog\/wp-content\/uploads\/2015\/11\/ViajeFotograficolandmannalaugar2016-452x300.jpg 452w, https:\/\/www.chavinandez.com\/blog\/wp-content\/uploads\/2015\/11\/ViajeFotograficolandmannalaugar2016-700x465.jpg 700w, https:\/\/www.chavinandez.com\/blog\/wp-content\/uploads\/2015\/11\/ViajeFotograficolandmannalaugar2016-332x221.jpg 332w\" sizes=\"auto, (max-width: 900px) 100vw, 900px\" \/><\/a><\/p>\n<p style=\"text-align: justify;\">Landmannalaugar, se halla en Fjallabak, una reserva natural de las HighLands o tierras altas, probablemente de las m\u00e1s sorprendentes de Islandia. Sus monta\u00f1as de riolita, valles y r\u00edos que discurren por sus 47.000 ha de parajes inh\u00f3spitos, la convierten en \u00e1rea de especial inter\u00e9s para ge\u00f3logos, senderistas y amantes del trekking que a\u00f1o tras a\u00f1o durante las \u00e9pocas estivales se aventuran a recorrerla.<\/p>\n<p><a href=\"https:\/\/www.chavinandez.com\/blog\/wp-content\/uploads\/2015\/11\/ViajeFotograficolandmannalaugar2016-3.jpg\"><img loading=\"lazy\" decoding=\"async\" class=\"alignnone wp-image-5938 size-full\" src=\"https:\/\/www.chavinandez.com\/blog\/wp-content\/uploads\/2015\/11\/ViajeFotograficolandmannalaugar2016-3.jpg\" alt=\"\" width=\"900\" height=\"614\" srcset=\"https:\/\/www.chavinandez.com\/blog\/wp-content\/uploads\/2015\/11\/ViajeFotograficolandmannalaugar2016-3.jpg 900w, https:\/\/www.chavinandez.com\/blog\/wp-content\/uploads\/2015\/11\/ViajeFotograficolandmannalaugar2016-3-200x136.jpg 200w, https:\/\/www.chavinandez.com\/blog\/wp-content\/uploads\/2015\/11\/ViajeFotograficolandmannalaugar2016-3-440x300.jpg 440w, https:\/\/www.chavinandez.com\/blog\/wp-content\/uploads\/2015\/11\/ViajeFotograficolandmannalaugar2016-3-700x478.jpg 700w, https:\/\/www.chavinandez.com\/blog\/wp-content\/uploads\/2015\/11\/ViajeFotograficolandmannalaugar2016-3-332x226.jpg 332w\" sizes=\"auto, (max-width: 900px) 100vw, 900px\" \/><\/a><\/p>\n<p style=\"text-align: justify;\">La primera vez que visit\u00e9\u00a0parte de \u00e9sta\u00a0\u00e1rea, hace seis a\u00f1os, en 2010, me qued\u00e9 sorprendido de la originalidad y geomorfolog\u00eda de sus rincones. La magnitud y corte de sus monta\u00f1as de minerales y colores casi inimaginables, entre mezclados, verdes, amarillos, rojos, entre los que destaca la riolita, y hacen que visitar\u00a0Brennisteinsalda,\u00a0Torfajokull o\u00a0Haalda se convierta en un viaje obligada al centro de la tierra, quiz\u00e1 mucho m\u00e1s real que el, hasta ahora con Julio Verne atribuido, Snaefellsjokull de la pen\u00ednsula oeste del pa\u00eds.<\/p>\n<p><a href=\"https:\/\/www.chavinandez.com\/blog\/wp-content\/uploads\/2015\/11\/ViajeFotograficolandmannalaugar2016-4.jpg\"><img loading=\"lazy\" decoding=\"async\" class=\"alignnone wp-image-5939 size-full\" src=\"https:\/\/www.chavinandez.com\/blog\/wp-content\/uploads\/2015\/11\/ViajeFotograficolandmannalaugar2016-4.jpg\" alt=\"\" width=\"900\" height=\"570\" srcset=\"https:\/\/www.chavinandez.com\/blog\/wp-content\/uploads\/2015\/11\/ViajeFotograficolandmannalaugar2016-4.jpg 900w, https:\/\/www.chavinandez.com\/blog\/wp-content\/uploads\/2015\/11\/ViajeFotograficolandmannalaugar2016-4-200x127.jpg 200w, https:\/\/www.chavinandez.com\/blog\/wp-content\/uploads\/2015\/11\/ViajeFotograficolandmannalaugar2016-4-474x300.jpg 474w, https:\/\/www.chavinandez.com\/blog\/wp-content\/uploads\/2015\/11\/ViajeFotograficolandmannalaugar2016-4-700x443.jpg 700w, https:\/\/www.chavinandez.com\/blog\/wp-content\/uploads\/2015\/11\/ViajeFotograficolandmannalaugar2016-4-332x210.jpg 332w\" sizes=\"auto, (max-width: 900px) 100vw, 900px\" \/><\/a><\/p>\n<p style=\"text-align: justify;\">Habiendo recorrido en verano, durante estos \u00faltimos seis a\u00f1os de manera consecutiva, pero solamente de paso, diferentes rincones de la\u00a0reserva natural durante nuestros viajes fotogr\u00e1ficos del verano con Photolocus.net y BorealTravel como agencia de viajes local y organizador log\u00edstico, en tan solo tres ocasiones hemos podido disfrutar de\u00a0buen tiempo, y\u00a0con suficiente calma, para adentrarnos en esta extensa y diversa \u00e1rea de lava, cr\u00e1teres, fumarolas, lagos y corrientes glaciares, que discurren entre valles y barrancos de inusual belleza, siendo la \u00faltima este mismo verano, en donde grabamos parte de las localizaciones de un peque\u00f1o documental que en los pr\u00f3ximos meses ver\u00e1 la luz y donde decidimos por fin poder realizar un Viaje fotogr\u00e1fico exclusivamente\u00a0a esta zona de islandia durante verano de 2016.<\/p>\n<p><a href=\"https:\/\/www.chavinandez.com\/blog\/wp-content\/uploads\/2015\/11\/ViajeFotograficolandmannalaugar2016-5.jpg\"><img loading=\"lazy\" decoding=\"async\" class=\"alignnone wp-image-5940 size-full\" src=\"https:\/\/www.chavinandez.com\/blog\/wp-content\/uploads\/2015\/11\/ViajeFotograficolandmannalaugar2016-5.jpg\" alt=\"\" width=\"900\" height=\"596\" srcset=\"https:\/\/www.chavinandez.com\/blog\/wp-content\/uploads\/2015\/11\/ViajeFotograficolandmannalaugar2016-5.jpg 900w, https:\/\/www.chavinandez.com\/blog\/wp-content\/uploads\/2015\/11\/ViajeFotograficolandmannalaugar2016-5-200x132.jpg 200w, https:\/\/www.chavinandez.com\/blog\/wp-content\/uploads\/2015\/11\/ViajeFotograficolandmannalaugar2016-5-453x300.jpg 453w, https:\/\/www.chavinandez.com\/blog\/wp-content\/uploads\/2015\/11\/ViajeFotograficolandmannalaugar2016-5-700x464.jpg 700w, https:\/\/www.chavinandez.com\/blog\/wp-content\/uploads\/2015\/11\/ViajeFotograficolandmannalaugar2016-5-332x220.jpg 332w\" sizes=\"auto, (max-width: 900px) 100vw, 900px\" \/><\/a><\/p>\n<p style=\"text-align: justify;\">El paisaje de Landmannalaugar, en mi opini\u00f3n, y despu\u00e9s de haber recorrido todo el pa\u00eds Island\u00e9s, con sus ocho regiones, en una veintena de ocasiones, no me cabe duda que es uno de los lugares m\u00e1s m\u00e1gicos y m\u00edsticos que posee Islandia.<\/p>\n<p><a href=\"https:\/\/www.chavinandez.com\/blog\/wp-content\/uploads\/2015\/11\/ViajeFotograficolandmannalaugar2016-9.jpg\"><img loading=\"lazy\" decoding=\"async\" class=\"alignnone wp-image-5944 size-full\" src=\"https:\/\/www.chavinandez.com\/blog\/wp-content\/uploads\/2015\/11\/ViajeFotograficolandmannalaugar2016-9.jpg\" alt=\"\" width=\"900\" height=\"600\" srcset=\"https:\/\/www.chavinandez.com\/blog\/wp-content\/uploads\/2015\/11\/ViajeFotograficolandmannalaugar2016-9.jpg 900w, https:\/\/www.chavinandez.com\/blog\/wp-content\/uploads\/2015\/11\/ViajeFotograficolandmannalaugar2016-9-200x133.jpg 200w, https:\/\/www.chavinandez.com\/blog\/wp-content\/uploads\/2015\/11\/ViajeFotograficolandmannalaugar2016-9-450x300.jpg 450w, https:\/\/www.chavinandez.com\/blog\/wp-content\/uploads\/2015\/11\/ViajeFotograficolandmannalaugar2016-9-700x467.jpg 700w, https:\/\/www.chavinandez.com\/blog\/wp-content\/uploads\/2015\/11\/ViajeFotograficolandmannalaugar2016-9-332x221.jpg 332w\" sizes=\"auto, (max-width: 900px) 100vw, 900px\" \/><\/a><\/p>\n<p style=\"text-align: justify;\">Una extensa \u00e1rea con muchas posibilidades, por la diversidad del paisaje y la accesibilidad a contemplar desde lo alto de sus peque\u00f1as monta\u00f1as en ocasiones, horizontes\u00a0con\u00a0un impacto visual inigualable.<\/p>\n<p><a href=\"https:\/\/www.chavinandez.com\/blog\/wp-content\/uploads\/2015\/11\/ViajeFotograficolandmannalaugar2016-6.jpg\"><img loading=\"lazy\" decoding=\"async\" class=\"alignnone wp-image-5941 size-full\" src=\"https:\/\/www.chavinandez.com\/blog\/wp-content\/uploads\/2015\/11\/ViajeFotograficolandmannalaugar2016-6.jpg\" alt=\"\" width=\"900\" height=\"596\" srcset=\"https:\/\/www.chavinandez.com\/blog\/wp-content\/uploads\/2015\/11\/ViajeFotograficolandmannalaugar2016-6.jpg 900w, https:\/\/www.chavinandez.com\/blog\/wp-content\/uploads\/2015\/11\/ViajeFotograficolandmannalaugar2016-6-200x132.jpg 200w, https:\/\/www.chavinandez.com\/blog\/wp-content\/uploads\/2015\/11\/ViajeFotograficolandmannalaugar2016-6-453x300.jpg 453w, https:\/\/www.chavinandez.com\/blog\/wp-content\/uploads\/2015\/11\/ViajeFotograficolandmannalaugar2016-6-700x464.jpg 700w, https:\/\/www.chavinandez.com\/blog\/wp-content\/uploads\/2015\/11\/ViajeFotograficolandmannalaugar2016-6-332x220.jpg 332w\" sizes=\"auto, (max-width: 900px) 100vw, 900px\" \/><\/a><\/p>\n<p style=\"text-align: justify;\">Este 2016 hemos preparado una <a href=\"http:\/\/www.photolocus.net\/shop\/viajes-fotograficos\/145-islandia-highlands-landmannalaugar.html\" target=\"_blank\">edici\u00f3n especial para verano, del 15 al 22 de Julio<\/a>, en la que recorremos con dos veh\u00edculos todoterreno (6 plazas cada uno ) equipados para este tipo de viaje fotogr\u00e1fico de paisajes incre\u00edbles, alguno de sus rincones m\u00e1gicos. Adem\u00e1s, nos acompa\u00f1a en esta ocasi\u00f3n, una de las personas que me ha ayudado en la b\u00fasqueda de localizaciones por el pa\u00eds, mi buen amigo y gran persona, <a href=\"http:\/\/felipedavila.com\/\" target=\"_blank\">Felipe D\u00e1vila<\/a>, quien al igual que yo intentar\u00e1 descubriros la magia de las highlands con la garant\u00eda como hasta ahora hemos hecho desde\u00a0<a href=\"http:\/\/www.photolocus.net\/\" target=\"_blank\">Photolocus.net<\/a> y <a href=\"http:\/\/www.borealtravel.com\" target=\"_blank\">Boreal Travel<\/a>, la agencia de viajes local, autorizada por el Gobierno Island\u00e9s que nos cuida en todo momento.<\/p>\n<p><a href=\"https:\/\/www.chavinandez.com\/blog\/wp-content\/uploads\/2015\/11\/ViajeFotograficolandmannalaugar2016-8.jpg\"><img loading=\"lazy\" decoding=\"async\" class=\"alignnone wp-image-5943 size-full\" src=\"https:\/\/www.chavinandez.com\/blog\/wp-content\/uploads\/2015\/11\/ViajeFotograficolandmannalaugar2016-8.jpg\" alt=\"\" width=\"900\" height=\"596\" srcset=\"https:\/\/www.chavinandez.com\/blog\/wp-content\/uploads\/2015\/11\/ViajeFotograficolandmannalaugar2016-8.jpg 900w, https:\/\/www.chavinandez.com\/blog\/wp-content\/uploads\/2015\/11\/ViajeFotograficolandmannalaugar2016-8-200x132.jpg 200w, https:\/\/www.chavinandez.com\/blog\/wp-content\/uploads\/2015\/11\/ViajeFotograficolandmannalaugar2016-8-453x300.jpg 453w, https:\/\/www.chavinandez.com\/blog\/wp-content\/uploads\/2015\/11\/ViajeFotograficolandmannalaugar2016-8-700x464.jpg 700w, https:\/\/www.chavinandez.com\/blog\/wp-content\/uploads\/2015\/11\/ViajeFotograficolandmannalaugar2016-8-332x220.jpg 332w\" sizes=\"auto, (max-width: 900px) 100vw, 900px\" \/><\/a><\/p>\n<p style=\"text-align: justify;\">Si\u00a0 te animas a venir, han quedado dos plazas de una baja de \u00faltima hora, as\u00ed que no lo dudes, \u00e9sta puede ser tu oportunidad de descubrir rincones muy diferentes a las postales que normalmente vemos de Islandia en una nueva aventura fotogr\u00e1fica Photolocus.<\/p>\n<p><a href=\"https:\/\/www.chavinandez.com\/blog\/wp-content\/uploads\/2015\/11\/ViajeFotograficolandmannalaugar2016-7.jpg\"><img loading=\"lazy\" decoding=\"async\" class=\"alignnone wp-image-5942 size-full\" src=\"https:\/\/www.chavinandez.com\/blog\/wp-content\/uploads\/2015\/11\/ViajeFotograficolandmannalaugar2016-7.jpg\" alt=\"\" width=\"900\" height=\"596\" srcset=\"https:\/\/www.chavinandez.com\/blog\/wp-content\/uploads\/2015\/11\/ViajeFotograficolandmannalaugar2016-7.jpg 900w, https:\/\/www.chavinandez.com\/blog\/wp-content\/uploads\/2015\/11\/ViajeFotograficolandmannalaugar2016-7-200x132.jpg 200w, https:\/\/www.chavinandez.com\/blog\/wp-content\/uploads\/2015\/11\/ViajeFotograficolandmannalaugar2016-7-453x300.jpg 453w, https:\/\/www.chavinandez.com\/blog\/wp-content\/uploads\/2015\/11\/ViajeFotograficolandmannalaugar2016-7-700x464.jpg 700w, https:\/\/www.chavinandez.com\/blog\/wp-content\/uploads\/2015\/11\/ViajeFotograficolandmannalaugar2016-7-332x220.jpg 332w\" sizes=\"auto, (max-width: 900px) 100vw, 900px\" \/><\/a><\/p>\n<p style=\"text-align: justify;\">Te dejo aqu\u00ed alguno de sus paisajes incluidos en el Tr\u00e1iler del documental &#8220;Behind of Photography workshops&#8221; que pronto ver\u00e1 la luz y que agradecemos a <strong>FUJIFILM ESPA\u00d1A<\/strong> su colaboraci\u00f3n con el equipo prestado en su rodaje.<\/p>\n<p><iframe loading=\"lazy\" title=\"Trailer DETR\u00c1S DEL VIAJE FOTOGR\u00c1FICO\" src=\"https:\/\/player.vimeo.com\/video\/167950923?dnt=1&amp;app_id=122963\" width=\"660\" height=\"371\" frameborder=\"0\" allow=\"autoplay; fullscreen; picture-in-picture; clipboard-write\"><\/iframe><\/p>\n<h1>Para reservar tu plaza:<\/h1>\n<p><a href=\"http:\/\/www.photolocus.net\/shop\/viajes-fotograficos\/145-islandia-highlands-landmannalaugar.html\" target=\"_blank\">P\u00e1gina de la actividad<\/a>\u00a0en la tienda Photolocus.net<\/p>\n","protected":false},"excerpt":{"rendered":"<p>Landmannalaugar, se halla en Fjallabak, una reserva natural de las HighLands o tierras altas, probablemente de las m\u00e1s sorprendentes de Islandia. Sus monta\u00f1as de riolita, valles y r\u00edos que discurren por sus 47.000 ha de parajes inh\u00f3spitos, la convierten en \u00e1rea de especial inter\u00e9s para ge\u00f3logos, senderistas y amantes del &#8230;<\/p>\n","protected":false},"author":1,"featured_media":5945,"comment_status":"closed","ping_status":"closed","sticky":false,"template":"","format":"standard","meta":{"footnotes":""},"categories":[159,53,7,356,23,223,11,3],"tags":[2189,2096,2187,2195,2197,2193,2167,2060,2192,1702,1858,2184,1708,265,2182,1185,2190,2183,2191,2188,2196,2194,2185,2181,1416,2133,2101,2186,641],"class_list":["post-5936","post","type-post","status-publish","format-standard","has-post-thumbnail","hentry","category-destinos","category-documental","category-experiencias","category-novedades","category-promocion","category-reportajes","category-httpwwwlabatiruralcomwordpress","category-videos","tag-2016-viaje-fotografico","tag-2016-viaje-islandia","tag-boreal-travel-2016","tag-brennisteinsalda","tag-felipe-davila","tag-fjallabak","tag-fuji-55-200mm","tag-fuji-xt1","tag-fujifilm-espana","tag-guia-de-islandia","tag-guias-en-islandia","tag-highlands-islandia-2016","tag-iceland-guides","tag-islandia","tag-islandia-2016","tag-islandia-fotografia","tag-islandia-guides","tag-landmannalaugar-2016","tag-paisajes-landmannalaugar","tag-photolocus-islandia-2016","tag-torfajokull","tag-trekking-islandia","tag-viajar-a-islandia-verano","tag-viaje-foto-islandia-2016","tag-viaje-fotografico-islandia","tag-viaje-fotografico-islandia-2016","tag-viaje-islandia-2016","tag-viaje-verano-2016-islandia","tag-viajes-fotograficos","column","threecol","has-thumbnail"],"_links":{"self":[{"href":"https:\/\/www.chavinandez.com\/blog\/wp-json\/wp\/v2\/posts\/5936","targetHints":{"allow":["GET"]}}],"collection":[{"href":"https:\/\/www.chavinandez.com\/blog\/wp-json\/wp\/v2\/posts"}],"about":[{"href":"https:\/\/www.chavinandez.com\/blog\/wp-json\/wp\/v2\/types\/post"}],"author":[{"embeddable":true,"href":"https:\/\/www.chavinandez.com\/blog\/wp-json\/wp\/v2\/users\/1"}],"replies":[{"embeddable":true,"href":"https:\/\/www.chavinandez.com\/blog\/wp-json\/wp\/v2\/comments?post=5936"}],"version-history":[{"count":6,"href":"https:\/\/www.chavinandez.com\/blog\/wp-json\/wp\/v2\/posts\/5936\/revisions"}],"predecessor-version":[{"id":6364,"href":"https:\/\/www.chavinandez.com\/blog\/wp-json\/wp\/v2\/posts\/5936\/revisions\/6364"}],"wp:featuredmedia":[{"embeddable":true,"href":"https:\/\/www.chavinandez.com\/blog\/wp-json\/wp\/v2\/media\/5945"}],"wp:attachment":[{"href":"https:\/\/www.chavinandez.com\/blog\/wp-json\/wp\/v2\/media?parent=5936"}],"wp:term":[{"taxonomy":"category","embeddable":true,"href":"https:\/\/www.chavinandez.com\/blog\/wp-json\/wp\/v2\/categories?post=5936"},{"taxonomy":"post_tag","embeddable":true,"href":"https:\/\/www.chavinandez.com\/blog\/wp-json\/wp\/v2\/tags?post=5936"}],"curies":[{"name":"wp","href":"https:\/\/api.w.org\/{rel}","templated":true}]}}