{"id":5895,"date":"2015-11-04T16:34:56","date_gmt":"2015-11-04T15:34:56","guid":{"rendered":"http:\/\/www.chavinandez.com\/blog\/?p=5895"},"modified":"2015-11-12T23:52:09","modified_gmt":"2015-11-12T22:52:09","slug":"el-compromiso-de-la-fotografia","status":"publish","type":"post","link":"https:\/\/www.chavinandez.com\/blog\/el-compromiso-de-la-fotografia\/","title":{"rendered":"El compromiso de la fotograf\u00eda, y de cada cual."},"content":{"rendered":"<figure id=\"attachment_5897\" aria-describedby=\"caption-attachment-5897\" style=\"width: 799px\" class=\"wp-caption alignnone\"><a href=\"https:\/\/www.chavinandez.com\/blog\/wp-content\/uploads\/2015\/11\/compromisodelafotografia-4.jpg\"><img loading=\"lazy\" decoding=\"async\" class=\"wp-image-5897 size-full\" src=\"https:\/\/www.chavinandez.com\/blog\/wp-content\/uploads\/2015\/11\/compromisodelafotografia-4.jpg\" alt=\"Greyhound abandoned in the way. Arag\u00f3n\" width=\"799\" height=\"531\" srcset=\"https:\/\/www.chavinandez.com\/blog\/wp-content\/uploads\/2015\/11\/compromisodelafotografia-4.jpg 799w, https:\/\/www.chavinandez.com\/blog\/wp-content\/uploads\/2015\/11\/compromisodelafotografia-4-200x133.jpg 200w, https:\/\/www.chavinandez.com\/blog\/wp-content\/uploads\/2015\/11\/compromisodelafotografia-4-451x300.jpg 451w, https:\/\/www.chavinandez.com\/blog\/wp-content\/uploads\/2015\/11\/compromisodelafotografia-4-700x465.jpg 700w, https:\/\/www.chavinandez.com\/blog\/wp-content\/uploads\/2015\/11\/compromisodelafotografia-4-332x221.jpg 332w\" sizes=\"auto, (max-width: 799px) 100vw, 799px\" \/><\/a><figcaption id=\"caption-attachment-5897\" class=\"wp-caption-text\">Greyhound abandoned in the way. Arag\u00f3n<\/figcaption><\/figure>\n<p style=\"text-align: justify;\">No hace mucho, tuvimos ocasi\u00f3n de charlar largo y tendido acerca de los beneficios de la pr\u00e1ctica fotogr\u00e1fica. As\u00ed como motivaciones. Aunque cada uno lo hace por cuestiones muy diversas. Hay para todos los gustos y colores&#8230;.Quienes buscaban reconocimiento, viajeros, voyeur, curiosos,\u00a0los competidores incansables, experimentadores de nuevas t\u00e9cnicas&#8230;y un largo etc&#8230;<\/p>\n<p style=\"text-align: justify;\">Y aunque\u00a0a cada uno debe servirle la pr\u00e1ctica fotogr\u00e1fica para lo que quiera o desee, coincidimos una gran mayor\u00eda de los que est\u00e1bamos de tertulia, que probablemente infravaloramos, las posibilidades que ofrece en conjunto dicha\u00a0pr\u00e1ctica, tanto terap\u00e9uticas y a nivel personal, fomentando la generosidad, autoestima, seguridad o creatividad,\u00a0como las resultantes o de fin que pueden tomar, como por ejemplo de compromiso social, defensa de los derechos, de denuncia o puesta en valor de espacios naturales o patrimoniales, lo que obliga a conocer mejor nuestro entorno y culturizarnos o\u00a0simplemente de excusa para compartir momentos que fomenten entre otras las virtudes y valores humanos, que algo\u00a0escasean en una\u00a0sociedad trivial, llevada al l\u00edmite por la situaci\u00f3n que nos rodea y adem\u00e1s plagada de intolerancia, competitividad, indiferencia&#8230;incluso falta de respeto o la envidia. De cualquier forma, un arte debe ayudar, enriquecer, pero no apartar, individualizar, introvertir&#8230;.o llegar a pensar que somos el number one&#8230;.!<\/p>\n<figure id=\"attachment_5898\" aria-describedby=\"caption-attachment-5898\" style=\"width: 800px\" class=\"wp-caption alignnone\"><a href=\"https:\/\/www.chavinandez.com\/blog\/wp-content\/uploads\/2015\/11\/compromisodelafotografia-12.jpg\"><img loading=\"lazy\" decoding=\"async\" class=\"size-full wp-image-5898\" src=\"https:\/\/www.chavinandez.com\/blog\/wp-content\/uploads\/2015\/11\/compromisodelafotografia-12.jpg\" alt=\"Protesters during 15th May protest in Madrid, under the social movement Spanish revolution, Spain\" width=\"800\" height=\"530\" srcset=\"https:\/\/www.chavinandez.com\/blog\/wp-content\/uploads\/2015\/11\/compromisodelafotografia-12.jpg 800w, https:\/\/www.chavinandez.com\/blog\/wp-content\/uploads\/2015\/11\/compromisodelafotografia-12-200x133.jpg 200w, https:\/\/www.chavinandez.com\/blog\/wp-content\/uploads\/2015\/11\/compromisodelafotografia-12-453x300.jpg 453w, https:\/\/www.chavinandez.com\/blog\/wp-content\/uploads\/2015\/11\/compromisodelafotografia-12-700x464.jpg 700w, https:\/\/www.chavinandez.com\/blog\/wp-content\/uploads\/2015\/11\/compromisodelafotografia-12-332x220.jpg 332w\" sizes=\"auto, (max-width: 800px) 100vw, 800px\" \/><\/a><figcaption id=\"caption-attachment-5898\" class=\"wp-caption-text\">Protesters during 15th May protest in Madrid, under the social movement Spanish revolution, Spain<\/figcaption><\/figure>\n<p style=\"text-align: justify;\">Al hilo de ello trat\u00e1bamos en la sobremesa\u00a0entre risas y caf\u00e9s, que para todos estos males, nada mejor, coment\u00e1bamos, que buscar en la fotograf\u00eda un aliado, un ejercicio peri\u00f3dico, que nos permita a trav\u00e9s de su pr\u00e1ctica, mejorar como personas, aprender, llenarnos de conocimientos, ser menos individualistas y m\u00e1s sociables, menos sabelotodo y m\u00e1s receptivos y humildes, menos coleccionistas de instantes, de fotones y m\u00e1s vividores de experiencias que nos enriquezcan como personas y que nos permitan ver realmente que no somos el ombligo del mundo. El viaje y la fotograf\u00eda tienen mucho de eso. Y es que en la actualidad se le da m\u00e1s importancia en algunos \u00e1mbitos, a\u00a0saber convertir\u00a0durante una hora una fotograf\u00eda RAW, en un cuadro hiperrealista con muchas m\u00e1scaras de luminosidad y otras acciones, y como hobby es m\u00e1s que respetable, pero quiz\u00e1 eso\u00a0nos aparta de lo que es la fotograf\u00eda, escribir con luz&#8230;descubrir,conocer y transmitir lo que tenemos delante, m\u00e1s cuando cualquier ni\u00f1o de 10\u00a0a\u00f1os hace mejores fotos que nosotros con un simple m\u00f3vil, por ser m\u00e1s original, espont\u00e1neo y con un objetivo seguramente diferente al que nosotros buscamos a veces, m\u00e1s sincero y aunque &#8220;falto de t\u00e9cnica o equipo y procesado&#8221; para muchos jurados, mucho mejor comunicador de la historia que tiene delante. Pero ah\u00ed no acaba todo&#8230;.<\/p>\n<figure id=\"attachment_5899\" aria-describedby=\"caption-attachment-5899\" style=\"width: 800px\" class=\"wp-caption alignnone\"><a href=\"https:\/\/www.chavinandez.com\/blog\/wp-content\/uploads\/2015\/11\/compromisodelafotografia.jpg\"><img loading=\"lazy\" decoding=\"async\" class=\"size-full wp-image-5899\" src=\"https:\/\/www.chavinandez.com\/blog\/wp-content\/uploads\/2015\/11\/compromisodelafotografia.jpg\" alt=\"Seated retired people at Local market last sunday of month with traditional local fair. Durango, Biscay, Basque Country, Spain\" width=\"800\" height=\"534\" srcset=\"https:\/\/www.chavinandez.com\/blog\/wp-content\/uploads\/2015\/11\/compromisodelafotografia.jpg 800w, https:\/\/www.chavinandez.com\/blog\/wp-content\/uploads\/2015\/11\/compromisodelafotografia-200x134.jpg 200w, https:\/\/www.chavinandez.com\/blog\/wp-content\/uploads\/2015\/11\/compromisodelafotografia-449x300.jpg 449w, https:\/\/www.chavinandez.com\/blog\/wp-content\/uploads\/2015\/11\/compromisodelafotografia-700x467.jpg 700w, https:\/\/www.chavinandez.com\/blog\/wp-content\/uploads\/2015\/11\/compromisodelafotografia-332x222.jpg 332w\" sizes=\"auto, (max-width: 800px) 100vw, 800px\" \/><\/a><figcaption id=\"caption-attachment-5899\" class=\"wp-caption-text\">Seated retired people at Local market last sunday of month with traditional local fair. Durango, Biscay, Basque Country, Spain<\/figcaption><\/figure>\n<p style=\"text-align: justify;\">\u00bfY si al mismo tiempo podemos cambiar en la medida de lo posible el mundo que nos rodea o a nosotros mismos con esa afici\u00f3n o profesi\u00f3n?. Todos conocemos muchos\u00a0fot\u00f3grafos que lo hacen, comprometidos con <a href=\"http:\/\/www.yannarthusbertrand.org\/es\" target=\"_blank\">la defensa de la naturaleza<\/a> o del <a href=\"http:\/\/blog.paisajesdemar.com\/\" target=\"_blank\">paisaje de las costas<\/a>, de la <a href=\"http:\/\/www.michaelnicknichols.com\/\" target=\"_blank\">fauna en peligro de extinci\u00f3n<\/a>, o\u00a0de la <a href=\"http:\/\/www.samuelaranda.net\/\" target=\"_blank\">denuncia de\u00a0los derechos humanos<\/a>, pero tambi\u00e9n con las <a href=\"http:\/\/www.antonioaragonrenuncio.com\/\" target=\"_blank\">desigualdades sociales<\/a>, <a href=\"https:\/\/es.wikipedia.org\/wiki\/Gervasio_S%C3%A1nchez\" target=\"_blank\">conflictos b\u00e9licos<\/a> o\u00a0de <a href=\"http:\/\/www.drkrm.com\/developing_change.html\" target=\"_blank\">colectivos sociales m\u00e1s desfavorecidos<\/a>.<\/p>\n<p style=\"text-align: justify;\">A todos nos gustar\u00eda seguir su ejemplo&#8230;.coincidimos la mayor\u00eda. Yo compart\u00eda mi experiencia, en mi peque\u00f1o mundo cercano, y a otro nivel por supuesto, con medios extranjeros y durante la crisis reciente, de Espa\u00f1a y Portugal, y explicaba qu\u00e9 me llev\u00f3 en su momento a ello.\u00a0El convencimiento personal de dejar testimonio, a trav\u00e9s de la fotograf\u00eda, para documentar y difundir lo que aqu\u00ed, cerca, estaba pasando de cara a otros pa\u00edses, otras opiniones\u00a0y culturas. Y aunque esto se sal\u00eda del \u00e1mbito de mi\u00a0trabajo habitual de\u00a0defensa y puesta en valor del mundo rural que llevo desarrollando desde hace a\u00f1os, era tambi\u00e9n un compromiso que aportaba una visi\u00f3n m\u00e1s, convertida en una necesidad y apoyada de la fotograf\u00eda. Cada uno de los contertulios, contaba igualmente algunas vivencias similares, que le hab\u00edan llenado a nivel personal gracias a la fotograf\u00eda, y su compromiso, por peque\u00f1o que fuera. Todos tenemos peque\u00f1as an\u00e9cdotas e historias que contar entorno a una afici\u00f3n as\u00ed&#8230;pero tambi\u00e9n ocasiones en las que la fotograf\u00eda y el compromiso con uno mismo pueden ser m\u00e1s \u00fatiles para todos los part\u00edcipes.<\/p>\n<figure id=\"attachment_5900\" aria-describedby=\"caption-attachment-5900\" style=\"width: 800px\" class=\"wp-caption alignnone\"><a href=\"https:\/\/www.chavinandez.com\/blog\/wp-content\/uploads\/2015\/11\/compromisodelafotografia-7.jpg\"><img loading=\"lazy\" decoding=\"async\" class=\"size-full wp-image-5900\" src=\"https:\/\/www.chavinandez.com\/blog\/wp-content\/uploads\/2015\/11\/compromisodelafotografia-7.jpg\" alt=\"Portuguesse citizens protest by politics reforms during 16th february Demostration in Lisboa city centre. Portugal, Europe\" width=\"800\" height=\"534\" srcset=\"https:\/\/www.chavinandez.com\/blog\/wp-content\/uploads\/2015\/11\/compromisodelafotografia-7.jpg 800w, https:\/\/www.chavinandez.com\/blog\/wp-content\/uploads\/2015\/11\/compromisodelafotografia-7-200x134.jpg 200w, https:\/\/www.chavinandez.com\/blog\/wp-content\/uploads\/2015\/11\/compromisodelafotografia-7-449x300.jpg 449w, https:\/\/www.chavinandez.com\/blog\/wp-content\/uploads\/2015\/11\/compromisodelafotografia-7-700x467.jpg 700w, https:\/\/www.chavinandez.com\/blog\/wp-content\/uploads\/2015\/11\/compromisodelafotografia-7-332x222.jpg 332w\" sizes=\"auto, (max-width: 800px) 100vw, 800px\" \/><\/a><figcaption id=\"caption-attachment-5900\" class=\"wp-caption-text\">Portuguese citizens protest by politics reforms during 16th february Demonstration in Lisbon city centre. Portugal, Europe<\/figcaption><\/figure>\n<p style=\"text-align: justify;\">Versamos mucho acerca de que nos\u00a0sirve hacer &#8220;fotones&#8221;&#8230;\u00bfC\u00f3mo utilizamos la fotograf\u00eda para cambiar el mundo que te rodea o\u00a0aunque sea para intentar conocernos mejor?. Una de las preguntas que se planteaba por parte del abogado del diablo, necesario para toda\u00a0tertulia\u00a0era; \u00bfQu\u00e9 consigues con tus instantes capturados? \u00bfTe ense\u00f1an algo? \u00bfte hacen mejor persona? Si la respuesta es, &#8220;Fotograf\u00edo porque me gusta,\u00a0es un hobby y a mi me basta&#8221;, de acuerdo. Todos y cada cual somos libres de hacerlo, pero es posible, que s\u00f3lo estemos\u00a0usando una peque\u00f1a parte de nuestro\u00a0potencial como creadores, artistas y personas. Podemos\u00a0utilizar al mismo tiempo, esos instantes para aprender, conocer, investigar, pero tambi\u00e9n para contar historias, sencillas, cotidianas, cercanas, y quiz\u00e1 estremecedoras..pero que ayuden a otros a verlo a trav\u00e9s de la propia\u00a0mirada, a transmitir algo m\u00e1s que una fotograf\u00eda espectacular &#8220;t\u00e9cnicamente hablando&#8221; y lo m\u00e1s importante a comprometerte a trav\u00e9s de la fotograf\u00eda con aquello que te preocupa&#8230;sin temer a nada ni a nadie. \u00bfQu\u00e9 mejor manera de comunicar tus inquietudes y experiencias que con tus fotograf\u00edas si adem\u00e1s \u00e9stas pueden ser \u00fatiles a otros, sus protagonistas ?<\/p>\n<figure id=\"attachment_5901\" aria-describedby=\"caption-attachment-5901\" style=\"width: 800px\" class=\"wp-caption alignnone\"><a href=\"https:\/\/www.chavinandez.com\/blog\/wp-content\/uploads\/2015\/11\/compromisodelafotografia-3.jpg\"><img loading=\"lazy\" decoding=\"async\" class=\"size-full wp-image-5901\" src=\"https:\/\/www.chavinandez.com\/blog\/wp-content\/uploads\/2015\/11\/compromisodelafotografia-3.jpg\" alt=\"Arrieta village, Valle de Arce, Navarre, Spain\" width=\"800\" height=\"530\" srcset=\"https:\/\/www.chavinandez.com\/blog\/wp-content\/uploads\/2015\/11\/compromisodelafotografia-3.jpg 800w, https:\/\/www.chavinandez.com\/blog\/wp-content\/uploads\/2015\/11\/compromisodelafotografia-3-200x133.jpg 200w, https:\/\/www.chavinandez.com\/blog\/wp-content\/uploads\/2015\/11\/compromisodelafotografia-3-453x300.jpg 453w, https:\/\/www.chavinandez.com\/blog\/wp-content\/uploads\/2015\/11\/compromisodelafotografia-3-700x464.jpg 700w, https:\/\/www.chavinandez.com\/blog\/wp-content\/uploads\/2015\/11\/compromisodelafotografia-3-332x220.jpg 332w\" sizes=\"auto, (max-width: 800px) 100vw, 800px\" \/><\/a><figcaption id=\"caption-attachment-5901\" class=\"wp-caption-text\">Arrieta village, Valle de Arce, Navarre, Spain<\/figcaption><\/figure>\n<p style=\"text-align: justify;\">En fin&#8230;.estas fueron algunas de las preguntas y respuestas, de aquella tarde de tertulia, entre amigos, aficionados, profesionales de la fotograf\u00eda\u00a0y un servidor,\u00a0y que tan solo son una peque\u00f1a parte, de todas las inc\u00f3gnitas que puedan surgir, en torno al compromiso de la fotograf\u00eda que cada uno podemos tener. Algo\u00a0que ten\u00eda ganas de poder compartir en mi blog pues creo un tema interesante y con muchas vertientes. Todo un dilema apasionante, pero lleno de experiencias que demuestran si buscamos bien, que la fotograf\u00eda ha conseguido cambiar en m\u00e1s de una ocasi\u00f3n el mundo y a las personas a trav\u00e9s de las im\u00e1genes, de las historias, del compromiso de cada uno&#8230;confiere. Algo que va mucho m\u00e1s all\u00e1, que la b\u00fasqueda del propio ego que s\u00f3lo genera envidias\u00a0por ligarse estrechamente a la\u00a0ignorancia y que ofrece mucho m\u00e1s por lo mismo.<\/p>\n","protected":false},"excerpt":{"rendered":"<p>No hace mucho, tuvimos ocasi\u00f3n de charlar largo y tendido acerca de los beneficios de la pr\u00e1ctica fotogr\u00e1fica. As\u00ed como motivaciones. Aunque cada uno lo hace por cuestiones muy diversas. Hay para todos los gustos y colores&#8230;.Quienes buscaban reconocimiento, viajeros, voyeur, curiosos,\u00a0los competidores incansables, experimentadores de nuevas t\u00e9cnicas&#8230;y un largo &#8230;<\/p>\n","protected":false},"author":1,"featured_media":5897,"comment_status":"closed","ping_status":"closed","sticky":false,"template":"","format":"standard","meta":{"footnotes":""},"categories":[7,36],"tags":[192,48,2170,203,2117],"class_list":["post-5895","post","type-post","status-publish","format-standard","has-post-thumbnail","hentry","category-experiencias","category-fotografia","tag-aprender-fotografia","tag-aprendiendo-fotografia","tag-compromiso","tag-fotoreportaje","tag-reportajes","column","threecol","has-thumbnail"],"_links":{"self":[{"href":"https:\/\/www.chavinandez.com\/blog\/wp-json\/wp\/v2\/posts\/5895","targetHints":{"allow":["GET"]}}],"collection":[{"href":"https:\/\/www.chavinandez.com\/blog\/wp-json\/wp\/v2\/posts"}],"about":[{"href":"https:\/\/www.chavinandez.com\/blog\/wp-json\/wp\/v2\/types\/post"}],"author":[{"embeddable":true,"href":"https:\/\/www.chavinandez.com\/blog\/wp-json\/wp\/v2\/users\/1"}],"replies":[{"embeddable":true,"href":"https:\/\/www.chavinandez.com\/blog\/wp-json\/wp\/v2\/comments?post=5895"}],"version-history":[{"count":13,"href":"https:\/\/www.chavinandez.com\/blog\/wp-json\/wp\/v2\/posts\/5895\/revisions"}],"predecessor-version":[{"id":5914,"href":"https:\/\/www.chavinandez.com\/blog\/wp-json\/wp\/v2\/posts\/5895\/revisions\/5914"}],"wp:featuredmedia":[{"embeddable":true,"href":"https:\/\/www.chavinandez.com\/blog\/wp-json\/wp\/v2\/media\/5897"}],"wp:attachment":[{"href":"https:\/\/www.chavinandez.com\/blog\/wp-json\/wp\/v2\/media?parent=5895"}],"wp:term":[{"taxonomy":"category","embeddable":true,"href":"https:\/\/www.chavinandez.com\/blog\/wp-json\/wp\/v2\/categories?post=5895"},{"taxonomy":"post_tag","embeddable":true,"href":"https:\/\/www.chavinandez.com\/blog\/wp-json\/wp\/v2\/tags?post=5895"}],"curies":[{"name":"wp","href":"https:\/\/api.w.org\/{rel}","templated":true}]}}