{"id":5782,"date":"2015-07-31T15:00:52","date_gmt":"2015-07-31T14:00:52","guid":{"rendered":"http:\/\/www.chavinandez.com\/blog\/?p=5782"},"modified":"2015-07-31T23:26:25","modified_gmt":"2015-07-31T22:26:25","slug":"ya-disponible-las-reservas-del-viaje-fotografico-a-islandia-en-invierno-de-2016","status":"publish","type":"post","link":"https:\/\/www.chavinandez.com\/blog\/ya-disponible-las-reservas-del-viaje-fotografico-a-islandia-en-invierno-de-2016\/","title":{"rendered":"Ya disponible las reservas del Viaje Fotogr\u00e1fico a Islandia en invierno de 2016"},"content":{"rendered":"<figure id=\"attachment_5792\" aria-describedby=\"caption-attachment-5792\" style=\"width: 800px\" class=\"wp-caption alignnone\"><a href=\"https:\/\/www.chavinandez.com\/blog\/wp-content\/uploads\/2015\/07\/ViajeFotograficoIslandia2016-7.jpg\"><img loading=\"lazy\" decoding=\"async\" class=\"size-full wp-image-5792\" src=\"https:\/\/www.chavinandez.com\/blog\/wp-content\/uploads\/2015\/07\/ViajeFotograficoIslandia2016-7.jpg\" alt=\"Panoramic views from La Perla top floor view point, Reykjavik, Iceland\" width=\"800\" height=\"533\" srcset=\"https:\/\/www.chavinandez.com\/blog\/wp-content\/uploads\/2015\/07\/ViajeFotograficoIslandia2016-7.jpg 800w, https:\/\/www.chavinandez.com\/blog\/wp-content\/uploads\/2015\/07\/ViajeFotograficoIslandia2016-7-200x133.jpg 200w, https:\/\/www.chavinandez.com\/blog\/wp-content\/uploads\/2015\/07\/ViajeFotograficoIslandia2016-7-450x300.jpg 450w, https:\/\/www.chavinandez.com\/blog\/wp-content\/uploads\/2015\/07\/ViajeFotograficoIslandia2016-7-700x466.jpg 700w, https:\/\/www.chavinandez.com\/blog\/wp-content\/uploads\/2015\/07\/ViajeFotograficoIslandia2016-7-332x221.jpg 332w\" sizes=\"auto, (max-width: 800px) 100vw, 800px\" \/><\/a><figcaption id=\"caption-attachment-5792\" class=\"wp-caption-text\">Panoramic views from La Perla top floor view point, Reykjavik, Iceland<\/figcaption><\/figure>\n<p style=\"text-align: justify;\">A pocos d\u00edas de marchar este verano a Islandia, ya estamos anunciando la edici\u00f3n BIS de <strong>Febrero de 2016<\/strong>, al\u00a0estar completas tambi\u00e9n las dos ediciones de Octubre-oto\u00f1o de este mismo a\u00f1o.\u00a0Cada vez tenemos que anticiparnos m\u00e1s para abrir las reservas de los viajes fotogr\u00e1ficos a Islandia, ya que al ser siempre para grupos reducidos de ocho personas llevamos varias ediciones (5) \u00a0teniendo\u00a0que adosar una edici\u00f3n BIS, antes o despu\u00e9s de cada edici\u00f3n para que no se quede nadie sin poder venir.<\/p>\n<figure id=\"attachment_5786\" aria-describedby=\"caption-attachment-5786\" style=\"width: 800px\" class=\"wp-caption alignnone\"><a href=\"https:\/\/www.chavinandez.com\/blog\/wp-content\/uploads\/2015\/07\/ViajeFotograficoIslandia2016-2.jpg\"><img loading=\"lazy\" decoding=\"async\" class=\"size-full wp-image-5786\" src=\"https:\/\/www.chavinandez.com\/blog\/wp-content\/uploads\/2015\/07\/ViajeFotograficoIslandia2016-2.jpg\" alt=\"Dyrholaey coastline, Iceland\" width=\"800\" height=\"533\" srcset=\"https:\/\/www.chavinandez.com\/blog\/wp-content\/uploads\/2015\/07\/ViajeFotograficoIslandia2016-2.jpg 800w, https:\/\/www.chavinandez.com\/blog\/wp-content\/uploads\/2015\/07\/ViajeFotograficoIslandia2016-2-200x133.jpg 200w, https:\/\/www.chavinandez.com\/blog\/wp-content\/uploads\/2015\/07\/ViajeFotograficoIslandia2016-2-450x300.jpg 450w, https:\/\/www.chavinandez.com\/blog\/wp-content\/uploads\/2015\/07\/ViajeFotograficoIslandia2016-2-700x466.jpg 700w, https:\/\/www.chavinandez.com\/blog\/wp-content\/uploads\/2015\/07\/ViajeFotograficoIslandia2016-2-332x221.jpg 332w\" sizes=\"auto, (max-width: 800px) 100vw, 800px\" \/><\/a><figcaption id=\"caption-attachment-5786\" class=\"wp-caption-text\">Dyrholaey coastline, Iceland<\/figcaption><\/figure>\n<p style=\"text-align: justify;\">El \u00e9xito de haber podido realizar 17 ediciones en 6 a\u00f1os, ademas en los peores a\u00f1os de la crisis, se puede deber a que los protagonistas no son los fot\u00f3grafos o gu\u00edas, sino los propios asistentes de cada aventura. El \u00fanico m\u00e9rito \u00a0de los organizadores solo es intentar compartir lo mejor de Islandia con todo tipo de publico, sin requisitos, ni equipos m\u00ednimos, solo con la premisa de ser amante de la naturaleza y disfrutar, de la fotograf\u00eda pero tambi\u00e9n de la aventura \u00a0de compartirlo con otros nuevos amigos.. La \u00fanica pretensi\u00f3n \u00a0ha sido y ser\u00e1 acercar algunos rincones de un pa\u00eds id\u00edlico y excitante en todas la \u00e9pocas del a\u00f1o, \u00a0al precio justo y con la prudencia y responsabilidad que este tipo de viaje requiere, y eso al final parece que funciona.<\/p>\n<figure id=\"attachment_5787\" aria-describedby=\"caption-attachment-5787\" style=\"width: 800px\" class=\"wp-caption alignnone\"><a href=\"https:\/\/www.chavinandez.com\/blog\/wp-content\/uploads\/2015\/07\/ViajeFotograficoIslandia2016-3.jpg\"><img loading=\"lazy\" decoding=\"async\" class=\"size-full wp-image-5787\" src=\"https:\/\/www.chavinandez.com\/blog\/wp-content\/uploads\/2015\/07\/ViajeFotograficoIslandia2016-3.jpg\" alt=\"Seljalandsfoss nature area, Iceland\" width=\"800\" height=\"533\" srcset=\"https:\/\/www.chavinandez.com\/blog\/wp-content\/uploads\/2015\/07\/ViajeFotograficoIslandia2016-3.jpg 800w, https:\/\/www.chavinandez.com\/blog\/wp-content\/uploads\/2015\/07\/ViajeFotograficoIslandia2016-3-200x133.jpg 200w, https:\/\/www.chavinandez.com\/blog\/wp-content\/uploads\/2015\/07\/ViajeFotograficoIslandia2016-3-450x300.jpg 450w, https:\/\/www.chavinandez.com\/blog\/wp-content\/uploads\/2015\/07\/ViajeFotograficoIslandia2016-3-700x466.jpg 700w, https:\/\/www.chavinandez.com\/blog\/wp-content\/uploads\/2015\/07\/ViajeFotograficoIslandia2016-3-332x221.jpg 332w\" sizes=\"auto, (max-width: 800px) 100vw, 800px\" \/><\/a><figcaption id=\"caption-attachment-5787\" class=\"wp-caption-text\">Seljalandsfoss nature area, Iceland<\/figcaption><\/figure>\n<p style=\"text-align: justify;\">Desde que empezamos en verano de 2010 a viajar\u00a0al pa\u00eds island\u00e9s, ha llovido bastante\u00a0y el cambio que hemos podido experimentar a\u00f1o a tras a\u00f1o ha sido considerable. Desde el incremento cada vez mayor de empresas locales dedicadas a servicios para el turismo, alquiler de veh\u00edculos, Tours, hoteles y campings, gu\u00edas tur\u00edsticos y atracciones, as\u00ed como infraestructuras que cada a\u00f1o van acercando, a veces casi demasiado, al visitante a su espectacular patrimonio natural.<\/p>\n<figure id=\"attachment_5790\" aria-describedby=\"caption-attachment-5790\" style=\"width: 800px\" class=\"wp-caption alignnone\"><a href=\"https:\/\/www.chavinandez.com\/blog\/wp-content\/uploads\/2015\/07\/ViajeFotograficoIslandia2016-5.jpg\"><img loading=\"lazy\" decoding=\"async\" class=\"size-full wp-image-5790\" src=\"https:\/\/www.chavinandez.com\/blog\/wp-content\/uploads\/2015\/07\/ViajeFotograficoIslandia2016-5.jpg\" alt=\"Small icebergs standed on the beach, Jokurlarlon, Iceland\" width=\"800\" height=\"533\" srcset=\"https:\/\/www.chavinandez.com\/blog\/wp-content\/uploads\/2015\/07\/ViajeFotograficoIslandia2016-5.jpg 800w, https:\/\/www.chavinandez.com\/blog\/wp-content\/uploads\/2015\/07\/ViajeFotograficoIslandia2016-5-200x133.jpg 200w, https:\/\/www.chavinandez.com\/blog\/wp-content\/uploads\/2015\/07\/ViajeFotograficoIslandia2016-5-450x300.jpg 450w, https:\/\/www.chavinandez.com\/blog\/wp-content\/uploads\/2015\/07\/ViajeFotograficoIslandia2016-5-700x466.jpg 700w, https:\/\/www.chavinandez.com\/blog\/wp-content\/uploads\/2015\/07\/ViajeFotograficoIslandia2016-5-332x221.jpg 332w\" sizes=\"auto, (max-width: 800px) 100vw, 800px\" \/><\/a><figcaption id=\"caption-attachment-5790\" class=\"wp-caption-text\">Small icebergs standed on the beach, Jokurlarlon, Iceland<\/figcaption><\/figure>\n<p style=\"text-align: justify;\">Una de las ventajas quiz\u00e1 de Islandia, es por ello, poder vivir de muy cerca lugares y rincones, accesibles para todo tipo de p\u00fablico que le guste la naturaleza. Ni\u00f1os, gente mayor o con problemas de movilidad, a los que el pa\u00eds ha intentado abrirles las ventanas de su naturaleza de forma cercana, pero\u00a0con la premisa de que deben admirar y respetar la naturaleza que all\u00ed se alberga.<\/p>\n<figure id=\"attachment_5788\" aria-describedby=\"caption-attachment-5788\" style=\"width: 800px\" class=\"wp-caption alignnone\"><a href=\"https:\/\/www.chavinandez.com\/blog\/wp-content\/uploads\/2015\/07\/ViajeFotograficoIslandia2016-4.jpg\"><img loading=\"lazy\" decoding=\"async\" class=\"size-full wp-image-5788\" src=\"https:\/\/www.chavinandez.com\/blog\/wp-content\/uploads\/2015\/07\/ViajeFotograficoIslandia2016-4.jpg\" alt=\"Myrdalsandur area, Southern Iceland\" width=\"800\" height=\"533\" srcset=\"https:\/\/www.chavinandez.com\/blog\/wp-content\/uploads\/2015\/07\/ViajeFotograficoIslandia2016-4.jpg 800w, https:\/\/www.chavinandez.com\/blog\/wp-content\/uploads\/2015\/07\/ViajeFotograficoIslandia2016-4-200x133.jpg 200w, https:\/\/www.chavinandez.com\/blog\/wp-content\/uploads\/2015\/07\/ViajeFotograficoIslandia2016-4-450x300.jpg 450w, https:\/\/www.chavinandez.com\/blog\/wp-content\/uploads\/2015\/07\/ViajeFotograficoIslandia2016-4-700x466.jpg 700w, https:\/\/www.chavinandez.com\/blog\/wp-content\/uploads\/2015\/07\/ViajeFotograficoIslandia2016-4-332x221.jpg 332w\" sizes=\"auto, (max-width: 800px) 100vw, 800px\" \/><\/a><figcaption id=\"caption-attachment-5788\" class=\"wp-caption-text\">Myrdalsandur area, Southern Iceland<\/figcaption><\/figure>\n<p style=\"text-align: justify;\">Los precios han evolucionado\u00a0y\u00a0se han incrementado, de hecho este mismo 2015 los impuestos han subido en el pa\u00eds. Sin embargo y desde el principio hemos podido viajar al mejor precio y lo m\u00e1s importante, con la mejor garant\u00eda y soporte, gracias a nuestro partner a quien con cari\u00f1o dedico este post por su colaboraci\u00f3n.\u00a0<strong><a href=\"http:\/\/www.borealtravel.com\" target=\"_blank\">Boreal Travel<\/a><\/strong>, agencia de viajes familiar afincada en Reykjavik, una de las agencias autorizadas por el <span style=\"text-decoration: underline;\"><a href=\"http:\/\/www.visiticeland.com\/plan-your-trip\/tour-operators\/spain\" target=\"_blank\"><strong>Gobierno de Islandia<\/strong>\u00a0para\u00a0<strong>operar en el pa\u00eds<\/strong><\/a><\/span>, es decir comprar, gestionar y ofrecer servicios de all\u00ed con total garant\u00eda (esto es importante a considerar cuando se viaja al pa\u00eds island\u00e9s, no solo para poder solucionar imprevistos gracias al apoyo local de una agencia afincada en el pa\u00eds, si no para que cualquier seguro pueda cubrir con toda seguridad cualquier accidente o servicio que\u00a0hemos contratado en el pa\u00eds).<\/p>\n<figure id=\"attachment_5796\" aria-describedby=\"caption-attachment-5796\" style=\"width: 800px\" class=\"wp-caption alignnone\"><a href=\"https:\/\/www.chavinandez.com\/blog\/wp-content\/uploads\/2015\/07\/ViajeFotograficoIslandia2016-9.jpg\"><img loading=\"lazy\" decoding=\"async\" class=\"size-full wp-image-5796\" src=\"https:\/\/www.chavinandez.com\/blog\/wp-content\/uploads\/2015\/07\/ViajeFotograficoIslandia2016-9.jpg\" alt=\"Reynisdrangar beach, Iceland\" width=\"800\" height=\"533\" srcset=\"https:\/\/www.chavinandez.com\/blog\/wp-content\/uploads\/2015\/07\/ViajeFotograficoIslandia2016-9.jpg 800w, https:\/\/www.chavinandez.com\/blog\/wp-content\/uploads\/2015\/07\/ViajeFotograficoIslandia2016-9-200x133.jpg 200w, https:\/\/www.chavinandez.com\/blog\/wp-content\/uploads\/2015\/07\/ViajeFotograficoIslandia2016-9-450x300.jpg 450w, https:\/\/www.chavinandez.com\/blog\/wp-content\/uploads\/2015\/07\/ViajeFotograficoIslandia2016-9-700x466.jpg 700w, https:\/\/www.chavinandez.com\/blog\/wp-content\/uploads\/2015\/07\/ViajeFotograficoIslandia2016-9-332x221.jpg 332w\" sizes=\"auto, (max-width: 800px) 100vw, 800px\" \/><\/a><figcaption id=\"caption-attachment-5796\" class=\"wp-caption-text\">Reynisdrangar beach, Iceland<\/figcaption><\/figure>\n<p style=\"text-align: justify;\">Con este viaje invernal de 2016 llegaremos ya\u00a0a las\u00a0<strong>19\u00a0ediciones<\/strong> del <strong><a href=\"http:\/\/www.photolocus.net\/shop\/23-viajes-fotograficos\" target=\"_blank\">viaje fotogr\u00e1fico a Islandia<\/a><\/strong> (contando las ediciones BIS) por lo que solo podemos agradecer a quienes nos han acompa\u00f1ado su confianza. \u00a0Estamos seguros que este invierno que viene, ser\u00e1 una nueva ocasi\u00f3n para poder compartir con todos, la\u00a0otra\u00a0Islandia que algunos \u00a0 Ya conoc\u00e9is, la invernal, de la que os dejo algunas im\u00e1genes en este post y que desde febrero-marzo de este a\u00f1o no hab\u00eda podido subir por ese ajetreo constante que el viaje nos depara. Espero que os gusten.<\/p>\n<figure id=\"attachment_5793\" aria-describedby=\"caption-attachment-5793\" style=\"width: 800px\" class=\"wp-caption alignnone\"><a href=\"https:\/\/www.chavinandez.com\/blog\/wp-content\/uploads\/2015\/07\/ViajeFotograficoIslandia2016-8.jpg\"><img loading=\"lazy\" decoding=\"async\" class=\"size-full wp-image-5793\" src=\"https:\/\/www.chavinandez.com\/blog\/wp-content\/uploads\/2015\/07\/ViajeFotograficoIslandia2016-8.jpg\" alt=\"Vogar cemetery and sky by Night, Iceland\" width=\"800\" height=\"541\" srcset=\"https:\/\/www.chavinandez.com\/blog\/wp-content\/uploads\/2015\/07\/ViajeFotograficoIslandia2016-8.jpg 800w, https:\/\/www.chavinandez.com\/blog\/wp-content\/uploads\/2015\/07\/ViajeFotograficoIslandia2016-8-200x135.jpg 200w, https:\/\/www.chavinandez.com\/blog\/wp-content\/uploads\/2015\/07\/ViajeFotograficoIslandia2016-8-444x300.jpg 444w, https:\/\/www.chavinandez.com\/blog\/wp-content\/uploads\/2015\/07\/ViajeFotograficoIslandia2016-8-700x473.jpg 700w, https:\/\/www.chavinandez.com\/blog\/wp-content\/uploads\/2015\/07\/ViajeFotograficoIslandia2016-8-332x225.jpg 332w\" sizes=\"auto, (max-width: 800px) 100vw, 800px\" \/><\/a><figcaption id=\"caption-attachment-5793\" class=\"wp-caption-text\">Vogar cemetery and sky by Night, Iceland<\/figcaption><\/figure>\n<p style=\"text-align: justify;\">La primera edici\u00f3n de Invierno de 2016 ya esta reservada y completada para nuestros amigos de <strong><a href=\"http:\/\/www.afocer.cat\/\" target=\"_blank\">Afocat<\/a><\/strong> de Cerdanyola-Ripollet, pero a continuaci\u00f3n tienes ya disponible la edici\u00f3n BIS del 20 al 27 de Febrero para poder unirte a la <strong><a href=\"http:\/\/www.photolocus.net\/shop\/viajes-fotograficos\/139-sur-de-islandia-invierno.html\" target=\"_blank\">aventura fotogr\u00e1fica a Islandia invernal de 2016<\/a><\/strong>. Cruzaremos lo dedos como siempre, para intentar encontrarnos con la Aurora Boreal&#8230;..!!!! y si no tenemos suerte, siempre podremos disfrutar de un paisaje \u00fanico en un recorrido como siempre diferente, como cada grupo de gente estupenda que nos acompa\u00f1a y a quienes lo que menos le importa, son las fotos perfectas de postal, para eso ya hay demasiados.<\/p>\n<p style=\"text-align: justify;\">Espero que nos veamos por all\u00e1&#8230;!!!<\/p>\n<figure id=\"attachment_5791\" aria-describedby=\"caption-attachment-5791\" style=\"width: 800px\" class=\"wp-caption alignnone\"><a href=\"https:\/\/www.chavinandez.com\/blog\/wp-content\/uploads\/2015\/07\/ViajeFotograficoIslandia2016-6.jpg\"><img loading=\"lazy\" decoding=\"async\" class=\"size-full wp-image-5791\" src=\"https:\/\/www.chavinandez.com\/blog\/wp-content\/uploads\/2015\/07\/ViajeFotograficoIslandia2016-6.jpg\" alt=\"Harpa Concert Hall building at Reykjavik Harbour in winter, Iceland\" width=\"800\" height=\"534\" srcset=\"https:\/\/www.chavinandez.com\/blog\/wp-content\/uploads\/2015\/07\/ViajeFotograficoIslandia2016-6.jpg 800w, https:\/\/www.chavinandez.com\/blog\/wp-content\/uploads\/2015\/07\/ViajeFotograficoIslandia2016-6-200x134.jpg 200w, https:\/\/www.chavinandez.com\/blog\/wp-content\/uploads\/2015\/07\/ViajeFotograficoIslandia2016-6-449x300.jpg 449w, https:\/\/www.chavinandez.com\/blog\/wp-content\/uploads\/2015\/07\/ViajeFotograficoIslandia2016-6-700x467.jpg 700w, https:\/\/www.chavinandez.com\/blog\/wp-content\/uploads\/2015\/07\/ViajeFotograficoIslandia2016-6-332x222.jpg 332w\" sizes=\"auto, (max-width: 800px) 100vw, 800px\" \/><\/a><figcaption id=\"caption-attachment-5791\" class=\"wp-caption-text\">Harpa Concert Hall building at Reykjavik Harbour in winter, Iceland<\/figcaption><\/figure>\n<p style=\"text-align: justify;\">Para m\u00e1s info sobre la edici\u00f3n de Febrero de 2016:<br \/>\n<a href=\"http:\/\/www.photolocus.net\/shop\/viajes-fotograficos\/139-sur-de-islandia-invierno.html\" target=\"_blank\">Reserva Viaje a trav\u00e9s de la p\u00e1gina de <strong>Photolocus.net<\/strong><br \/>\n<\/a>P\u00e1gina de<a href=\"http:\/\/www.photolocus.net\/shop\/viajes-fotograficos\/139-sur-de-islandia-invierno.html\" target=\"_blank\">\u00a0<\/a><strong><a href=\"http:\/\/www.borealtravel.com\" target=\"_blank\">Boreal Travel<\/a><\/strong><\/p>\n<p style=\"text-align: justify;\"><a href=\"https:\/\/www.facebook.com\/events\/1600227793570087\/\" target=\"_blank\">P\u00e1gina del evento en Facebook<\/a><br \/>\n<a href=\"https:\/\/vimeo.com\/122556905\" target=\"_blank\">V\u00eddeos de anteriores inviernos<\/a><\/p>\n<p><a href=\"https:\/\/www.chavinandez.com\/blog\/?s=islandia\" target=\"_blank\">Art\u00edculos sobre Islandia en este mismo blog<\/a><\/p>\n","protected":false},"excerpt":{"rendered":"<p>A pocos d\u00edas de marchar este verano a Islandia, ya estamos anunciando la edici\u00f3n BIS de Febrero de 2016, al\u00a0estar completas tambi\u00e9n las dos ediciones de Octubre-oto\u00f1o de este mismo a\u00f1o.\u00a0Cada vez tenemos que anticiparnos m\u00e1s para abrir las reservas de los viajes fotogr\u00e1ficos a Islandia, ya que al ser &#8230;<\/p>\n","protected":false},"author":1,"featured_media":5791,"comment_status":"closed","ping_status":"open","sticky":false,"template":"","format":"standard","meta":{"footnotes":""},"categories":[159,53,7,356,23,223,11,3],"tags":[2096,1192,917,1843,184,191,72,153,112,60,1792,1731,265,59,2094,2091,2095,2097,1435,2090,1184,1416,1489,2098,2092,2099,2093],"class_list":["post-5782","post","type-post","status-publish","format-standard","has-post-thumbnail","hentry","category-destinos","category-documental","category-experiencias","category-novedades","category-promocion","category-reportajes","category-httpwwwlabatiruralcomwordpress","category-videos","tag-2016-viaje-islandia","tag-auroras-boreales","tag-boreal-travel","tag-cuando-viajar-a-islandia","tag-cursos-de-fotografia","tag-escapadas-de-fotografia","tag-fotografia-de-naturaleza","tag-fotografia-de-paisaje","tag-fotografia-de-paisajes","tag-fotografia-de-viajes","tag-guia-viajes-islandia","tag-iceland-northern-lights","tag-islandia","tag-talleres-de-fotografia","tag-viajando-a-islandia-en-invierno","tag-viajar-a-islandia-febrero","tag-viajar-a-islandia-invierno","tag-viaje-2016-islandia","tag-viaje-a-islandia","tag-viaje-a-islandia-2016","tag-viaje-fotografico-a-islandia","tag-viaje-fotografico-islandia","tag-viaje-islandia","tag-viaje-photolocus-islandia","tag-viajes-a-islandia-2016","tag-viajes-boreal-travel","tag-viajes-fotograficos-a-islandia","column","threecol","has-thumbnail"],"_links":{"self":[{"href":"https:\/\/www.chavinandez.com\/blog\/wp-json\/wp\/v2\/posts\/5782","targetHints":{"allow":["GET"]}}],"collection":[{"href":"https:\/\/www.chavinandez.com\/blog\/wp-json\/wp\/v2\/posts"}],"about":[{"href":"https:\/\/www.chavinandez.com\/blog\/wp-json\/wp\/v2\/types\/post"}],"author":[{"embeddable":true,"href":"https:\/\/www.chavinandez.com\/blog\/wp-json\/wp\/v2\/users\/1"}],"replies":[{"embeddable":true,"href":"https:\/\/www.chavinandez.com\/blog\/wp-json\/wp\/v2\/comments?post=5782"}],"version-history":[{"count":16,"href":"https:\/\/www.chavinandez.com\/blog\/wp-json\/wp\/v2\/posts\/5782\/revisions"}],"predecessor-version":[{"id":5808,"href":"https:\/\/www.chavinandez.com\/blog\/wp-json\/wp\/v2\/posts\/5782\/revisions\/5808"}],"wp:featuredmedia":[{"embeddable":true,"href":"https:\/\/www.chavinandez.com\/blog\/wp-json\/wp\/v2\/media\/5791"}],"wp:attachment":[{"href":"https:\/\/www.chavinandez.com\/blog\/wp-json\/wp\/v2\/media?parent=5782"}],"wp:term":[{"taxonomy":"category","embeddable":true,"href":"https:\/\/www.chavinandez.com\/blog\/wp-json\/wp\/v2\/categories?post=5782"},{"taxonomy":"post_tag","embeddable":true,"href":"https:\/\/www.chavinandez.com\/blog\/wp-json\/wp\/v2\/tags?post=5782"}],"curies":[{"name":"wp","href":"https:\/\/api.w.org\/{rel}","templated":true}]}}