{"id":5635,"date":"2015-04-19T19:09:52","date_gmt":"2015-04-19T18:09:52","guid":{"rendered":"http:\/\/www.chavinandez.com\/blog\/?p=5635"},"modified":"2015-04-25T11:07:29","modified_gmt":"2015-04-25T10:07:29","slug":"el-movil-su-camara-y-el-viajero-de-hoy","status":"publish","type":"post","link":"https:\/\/www.chavinandez.com\/blog\/el-movil-su-camara-y-el-viajero-de-hoy\/","title":{"rendered":"El m\u00f3vil, su c\u00e1mara y el viajero de hoy"},"content":{"rendered":"<p style=\"text-align: justify;\"><a href=\"https:\/\/www.chavinandez.com\/blog\/wp-content\/uploads\/2015\/04\/curso-fotografia-con-movil.jpg\"><img loading=\"lazy\" decoding=\"async\" class=\"alignnone size-full wp-image-5637\" src=\"https:\/\/www.chavinandez.com\/blog\/wp-content\/uploads\/2015\/04\/curso-fotografia-con-movil.jpg\" alt=\"Barcelona, Monjuic\" width=\"800\" height=\"800\" srcset=\"https:\/\/www.chavinandez.com\/blog\/wp-content\/uploads\/2015\/04\/curso-fotografia-con-movil.jpg 800w, https:\/\/www.chavinandez.com\/blog\/wp-content\/uploads\/2015\/04\/curso-fotografia-con-movil-150x150.jpg 150w, https:\/\/www.chavinandez.com\/blog\/wp-content\/uploads\/2015\/04\/curso-fotografia-con-movil-300x300.jpg 300w, https:\/\/www.chavinandez.com\/blog\/wp-content\/uploads\/2015\/04\/curso-fotografia-con-movil-144x144.jpg 144w, https:\/\/www.chavinandez.com\/blog\/wp-content\/uploads\/2015\/04\/curso-fotografia-con-movil-700x700.jpg 700w, https:\/\/www.chavinandez.com\/blog\/wp-content\/uploads\/2015\/04\/curso-fotografia-con-movil-332x332.jpg 332w, https:\/\/www.chavinandez.com\/blog\/wp-content\/uploads\/2015\/04\/curso-fotografia-con-movil-432x432.jpg 432w, https:\/\/www.chavinandez.com\/blog\/wp-content\/uploads\/2015\/04\/curso-fotografia-con-movil-268x268.jpg 268w\" sizes=\"auto, (max-width: 800px) 100vw, 800px\" \/><\/a><\/p>\n<p style=\"text-align: justify;\">Ya hace bastante tiempo que muchos de los asistentes a los <strong><a href=\"http:\/\/www.photolocus.net\" target=\"_blank\">Cursos y Actividades de Photolocus.net<\/a><\/strong> nos ven\u00edan contando situaciones concretas de sus viajes, en las que, por no cargar con la c\u00e1mara, mochila y dem\u00e1s aparatejos, perd\u00edan la oportunidad de capturar muchos instantes. A pesar de que cada vez el tama\u00f1o de las c\u00e1maras r\u00e9flex tienden a ser m\u00e1s ligeras, los objetivos y dem\u00e1s \u00fatiles obligan a llevar un sinf\u00edn de equipo, que en la mayor\u00eda de ocasiones ni utilizamos en el viaje.<\/p>\n<p style=\"text-align: justify;\">Curiosamente ya hace tiempo el mercado tecnol\u00f3gico de la telefon\u00eda m\u00f3vil, nos invitaba a descubrir las bondades en software con nuevas APPs para fotografiar desde nuestro diminuto &#8220;hardware&#8221; integrado en la mayor\u00eda de &#8220;smartphones&#8221; con excelentes c\u00e1maras, de mayor resoluci\u00f3n, ajustes ISO, Balance de blancos y adem\u00e1s con un extra, de plataformas ilimitadas para volcar ese contenido de manera instant\u00e1nea con tan s\u00f3lo acceder a una red WI-FI de la cafeter\u00eda u hotel. (iCloud, Flickr, Instagram, Facebook, Twiter&#8230;.y un largo etc&#8230;)<\/p>\n<p style=\"text-align: justify;\"><a href=\"https:\/\/www.chavinandez.com\/blog\/wp-content\/uploads\/2015\/04\/curso-fotografia-con-movil-2.jpg\"><img loading=\"lazy\" decoding=\"async\" class=\"alignnone size-full wp-image-5638\" src=\"https:\/\/www.chavinandez.com\/blog\/wp-content\/uploads\/2015\/04\/curso-fotografia-con-movil-2.jpg\" alt=\"Albarracin, Teruel\" width=\"800\" height=\"800\" srcset=\"https:\/\/www.chavinandez.com\/blog\/wp-content\/uploads\/2015\/04\/curso-fotografia-con-movil-2.jpg 800w, https:\/\/www.chavinandez.com\/blog\/wp-content\/uploads\/2015\/04\/curso-fotografia-con-movil-2-150x150.jpg 150w, https:\/\/www.chavinandez.com\/blog\/wp-content\/uploads\/2015\/04\/curso-fotografia-con-movil-2-300x300.jpg 300w, https:\/\/www.chavinandez.com\/blog\/wp-content\/uploads\/2015\/04\/curso-fotografia-con-movil-2-144x144.jpg 144w, https:\/\/www.chavinandez.com\/blog\/wp-content\/uploads\/2015\/04\/curso-fotografia-con-movil-2-700x700.jpg 700w, https:\/\/www.chavinandez.com\/blog\/wp-content\/uploads\/2015\/04\/curso-fotografia-con-movil-2-332x332.jpg 332w, https:\/\/www.chavinandez.com\/blog\/wp-content\/uploads\/2015\/04\/curso-fotografia-con-movil-2-432x432.jpg 432w, https:\/\/www.chavinandez.com\/blog\/wp-content\/uploads\/2015\/04\/curso-fotografia-con-movil-2-268x268.jpg 268w\" sizes=\"auto, (max-width: 800px) 100vw, 800px\" \/><\/a><\/p>\n<p style=\"text-align: justify;\">El problema para unos, cada vez menos&#8230; por otro lado, era ver que la calidad de dichas im\u00e1genes sacadas con el m\u00f3vil no les permit\u00edan hacer grandes ampliaciones para empapelar la habitaci\u00f3n o el sal\u00f3n, es decir, fuera del tama\u00f1o de una pantalla de ordenador, pero&#8230;realmente \u00bf Cu\u00e1ntas de las fotograf\u00edas que realizamos en nuestros viajes son impresas a mayor tama\u00f1o ? \u00bf Es suficiente la calidad que ofrece mi m\u00f3vil para guardar un buen recuerdo del viaje ? \u00bf Hasta d\u00f3nde puedo llegar para sacar el m\u00e1ximo partido al m\u00f3vil en mis viajes ? o \u00bf Qu\u00e9 ajustes del m\u00f3vil y aplicaciones gratuitas me ayudan a realizar excelentes fotos desde el m\u00f3vil a una calidad superior ?<\/p>\n<p style=\"text-align: justify;\"><a href=\"https:\/\/www.chavinandez.com\/blog\/wp-content\/uploads\/2015\/04\/curso-fotografia-con-movil-3.jpg\"><img loading=\"lazy\" decoding=\"async\" class=\"alignnone size-full wp-image-5639\" src=\"https:\/\/www.chavinandez.com\/blog\/wp-content\/uploads\/2015\/04\/curso-fotografia-con-movil-3.jpg\" alt=\"Valencia, Ciudad de las Artes y de las Ciencias. Spain\" width=\"800\" height=\"800\" srcset=\"https:\/\/www.chavinandez.com\/blog\/wp-content\/uploads\/2015\/04\/curso-fotografia-con-movil-3.jpg 800w, https:\/\/www.chavinandez.com\/blog\/wp-content\/uploads\/2015\/04\/curso-fotografia-con-movil-3-150x150.jpg 150w, https:\/\/www.chavinandez.com\/blog\/wp-content\/uploads\/2015\/04\/curso-fotografia-con-movil-3-300x300.jpg 300w, https:\/\/www.chavinandez.com\/blog\/wp-content\/uploads\/2015\/04\/curso-fotografia-con-movil-3-144x144.jpg 144w, https:\/\/www.chavinandez.com\/blog\/wp-content\/uploads\/2015\/04\/curso-fotografia-con-movil-3-700x700.jpg 700w, https:\/\/www.chavinandez.com\/blog\/wp-content\/uploads\/2015\/04\/curso-fotografia-con-movil-3-332x332.jpg 332w, https:\/\/www.chavinandez.com\/blog\/wp-content\/uploads\/2015\/04\/curso-fotografia-con-movil-3-432x432.jpg 432w, https:\/\/www.chavinandez.com\/blog\/wp-content\/uploads\/2015\/04\/curso-fotografia-con-movil-3-268x268.jpg 268w\" sizes=\"auto, (max-width: 800px) 100vw, 800px\" \/><\/a><\/p>\n<p style=\"text-align: justify;\">Muchas de estas inc\u00f3gnitas son las que hemos conseguido resolver y reunido para ofertar en <a href=\"http:\/\/www.photolocus.net\" target=\"_blank\">Photolocus.net<\/a> los nuevos &#8220;<strong><a href=\"http:\/\/www.photolocus.net\/shop\/intensivos-de-fotografia\/160-valencia-fotografia-viajes-con-movil.html\" target=\"_blank\">Cursos de fotograf\u00eda de viajes con m\u00f3vil<\/a><\/strong>&#8221; que se realizan cada mes en <strong>Valencia, Barcelona, Madrid, Zaragoza, Teruel, Pamplona o Bilbao<\/strong> y que tienen una duraci\u00f3n de <strong>4 horas intensivas<\/strong>, bien en turno de ma\u00f1ana (10-14h) o de tarde (16-20h) de forma pr\u00e1ctica y siguiendo la filosof\u00eda <strong>Photolocus<\/strong>, aprender a mirar y componer en la fotograf\u00eda sea la herramienta que sea la que tenemos, y como siempre en peque\u00f1os grupos de 5 personas m\u00e1ximo de paseo por tu ciudad. El precio de dicha actividad es de 50\u20ac + IVA y sin duda ha tenido una muy buena acogida en sus primeras convocatorias.<\/p>\n<p style=\"text-align: justify;\"><a href=\"http:\/\/store.blurb.es\/ebooks\/396515-componiendo-planos-y-encuadre-en-tus-viajes\"><img loading=\"lazy\" decoding=\"async\" class=\"alignleft wp-image-5640 size-full\" src=\"https:\/\/www.chavinandez.com\/blog\/wp-content\/uploads\/2015\/04\/componiendoplanosyencadreentusviajes.jpg\" alt=\"componiendoplanosyencadreentusviajes\" width=\"397\" height=\"640\" srcset=\"https:\/\/www.chavinandez.com\/blog\/wp-content\/uploads\/2015\/04\/componiendoplanosyencadreentusviajes.jpg 397w, https:\/\/www.chavinandez.com\/blog\/wp-content\/uploads\/2015\/04\/componiendoplanosyencadreentusviajes-93x150.jpg 93w, https:\/\/www.chavinandez.com\/blog\/wp-content\/uploads\/2015\/04\/componiendoplanosyencadreentusviajes-186x300.jpg 186w, https:\/\/www.chavinandez.com\/blog\/wp-content\/uploads\/2015\/04\/componiendoplanosyencadreentusviajes-332x535.jpg 332w\" sizes=\"auto, (max-width: 397px) 100vw, 397px\" \/><\/a>Las claves de la fotograf\u00eda de viajes con m\u00f3vil que ya eran explicadas hace dos a\u00f1os (Mayo de 2013) en este eBook para Mac, iPhone o iPad, titulado; <span style=\"text-decoration: underline;\"><a href=\"http:\/\/store.blurb.es\/ebooks\/396515-componiendo-planos-y-encuadre-en-tus-viajes\" target=\"_blank\">&#8220;<strong>Componiendo Planos y Encuadre en tus viajes<\/strong>&#8221; <\/a><\/span>disponible a trav\u00e9s de la <a href=\"https:\/\/itunes.apple.com\/es\/book\/componiendo-planos-y-encuadre\/id653575626?mt=11\" target=\"_blank\">iBookstore de Apple<\/a>, pero tambi\u00e9n en formato de <a href=\"http:\/\/www.blurb.es\/b\/4335661-componiendo-planos-y-encuadre-en-tus-viajes\" target=\"_blank\">libro impreso de bolsillo<\/a> desde <a href=\"http:\/\/www.blurb.es\/b\/4335661-componiendo-planos-y-encuadre-en-tus-viajes\" target=\"_blank\">Blurb<\/a>, avalan que para la fotograf\u00eda de viajes&#8230;de hoy&#8230;.s\u00f3lo necesitas, aprender a mirar y disfrutar del viaje con la curiosidad del viajero y la discreci\u00f3n del turista con m\u00f3vil, ya que lo de la calidad de las fotos, est\u00e1 demostrado desde hace tiempo que es m\u00e1s que suficiente, y la fotograf\u00eda no depende de la herramienta sino de sencillos trucos y ajustes para sacar el m\u00e1ximo partido a tu creatividad.<\/p>\n<p style=\"text-align: justify;\">Estas invitado a comprobarlo por t\u00ed mismo si decides asistir a cualquiera de los <a href=\"http:\/\/www.photolocus.net\/shop\/\" target=\"_blank\">Cursos intensivos de la fotograf\u00eda con m\u00f3vil<\/a> de <a href=\"http:\/\/www.photolocus.net\/shop\/\" target=\"_blank\">Photolocus.net<\/a><\/p>\n<p style=\"text-align: justify;\">M\u00e1s informaci\u00f3n y convocatorias <a href=\"http:\/\/www.photolocus.net\/shop\/\" target=\"_blank\">aqu\u00ed<\/a><\/p>\n<p style=\"text-align: justify;\">\n<p style=\"text-align: justify;\"><strong>Poe cierto aqu\u00ed tienes algunos accesorios recomendados para la fotograf\u00eda de viajes con m\u00f3vil<\/strong>:<\/p>\n<p style=\"text-align: justify;\"><strong>Soporte para tr\u00edpode de m\u00f3vil:<\/strong> Muy \u00fatil para la fotograf\u00eda nocturna de ciudades<\/p>\n<p><iframe loading=\"lazy\" style=\"width: 120px; height: 240px;\" src=\"http:\/\/rcm-eu.amazon-adsystem.com\/e\/cm?lt1=_blank&amp;bc1=FFFFFF&amp;IS2=1&amp;bg1=FFFFFF&amp;fc1=000000&amp;lc1=0000FF&amp;t=photolocus-21&amp;o=30&amp;p=8&amp;l=as4&amp;m=amazon&amp;f=ifr&amp;ref=ss_til&amp;asins=B00AY1QE7I\" width=\"300\" height=\"150\" frameborder=\"0\" marginwidth=\"0\" marginheight=\"0\" scrolling=\"no\"><\/iframe><\/p>\n<p><strong>Soporte y mini tr\u00edpode:<\/strong> Esencial para viajar ligero y conseguir tomas en situaciones de poca luz.<br \/>\n<iframe loading=\"lazy\" style=\"width: 120px; height: 240px;\" src=\"http:\/\/rcm-eu.amazon-adsystem.com\/e\/cm?lt1=_blank&amp;bc1=FFFFFF&amp;IS2=1&amp;bg1=FFFFFF&amp;fc1=000000&amp;lc1=0000FF&amp;t=photolocus-21&amp;o=30&amp;p=8&amp;l=as4&amp;m=amazon&amp;f=ifr&amp;ref=ss_til&amp;asins=B00AFSLE1G\" width=\"300\" height=\"150\" frameborder=\"0\" marginwidth=\"0\" marginheight=\"0\" scrolling=\"no\"><\/iframe><\/p>\n<p><strong>Tarjeta Micro SD Sandisk 32Gb:<\/strong> Entre todas las opciones esta tarjeta Micro SD es de las mejores para realizar v\u00eddeo de alta calidad con telefon\u00eda m\u00f3vil. Aqu\u00ed en AMAZON la encuentras siempre al mejor precio.<br \/>\n<iframe loading=\"lazy\" style=\"width: 120px; height: 240px;\" src=\"http:\/\/rcm-eu.amazon-adsystem.com\/e\/cm?lt1=_blank&amp;bc1=FFFFFF&amp;IS2=1&amp;bg1=FFFFFF&amp;fc1=000000&amp;lc1=0000FF&amp;t=photolocus-21&amp;o=30&amp;p=8&amp;l=as4&amp;m=amazon&amp;f=ifr&amp;ref=ss_til&amp;asins=B00NMD4QWU\" width=\"300\" height=\"150\" frameborder=\"0\" marginwidth=\"0\" marginheight=\"0\" scrolling=\"no\"><\/iframe><\/p>\n","protected":false},"excerpt":{"rendered":"<p>Ya hace bastante tiempo que muchos de los asistentes a los Cursos y Actividades de Photolocus.net nos ven\u00edan contando situaciones concretas de sus viajes, en las que, por no cargar con la c\u00e1mara, mochila y dem\u00e1s aparatejos, perd\u00edan la oportunidad de capturar muchos instantes. A pesar de que cada vez &#8230;<\/p>\n","protected":false},"author":1,"featured_media":5637,"comment_status":"closed","ping_status":"open","sticky":false,"template":"","format":"standard","meta":{"footnotes":""},"categories":[164,7,36,2022,46,356,23,223,2021,178,11],"tags":[2030,1944,2028,2032,2031,2025,2024,2023,1645,2026,2029,2027,852,407],"class_list":["post-5635","post","type-post","status-publish","format-standard","has-post-thumbnail","hentry","category-comparativas","category-experiencias","category-fotografia","category-fotografia-con-movil","category-libros","category-novedades","category-promocion","category-reportajes","category-smartphone","category-trucos","category-httpwwwlabatiruralcomwordpress","tag-cursos-con-movil","tag-cursos-de-fotografia-2015","tag-cursos-foto-con-movil","tag-cursos-fotografia-ciudades","tag-cursos-para-movil","tag-fotografia-con-ipad","tag-fotografia-con-iphone","tag-fotografia-con-movil","tag-fotografia-con-smartphone","tag-fotografia-de-viajes-con-movil","tag-fotografia-urbana-con-movil","tag-fotografia-viajes-con-smartphone","tag-libros-fotografia","tag-photolocus","column","threecol","has-thumbnail"],"_links":{"self":[{"href":"https:\/\/www.chavinandez.com\/blog\/wp-json\/wp\/v2\/posts\/5635","targetHints":{"allow":["GET"]}}],"collection":[{"href":"https:\/\/www.chavinandez.com\/blog\/wp-json\/wp\/v2\/posts"}],"about":[{"href":"https:\/\/www.chavinandez.com\/blog\/wp-json\/wp\/v2\/types\/post"}],"author":[{"embeddable":true,"href":"https:\/\/www.chavinandez.com\/blog\/wp-json\/wp\/v2\/users\/1"}],"replies":[{"embeddable":true,"href":"https:\/\/www.chavinandez.com\/blog\/wp-json\/wp\/v2\/comments?post=5635"}],"version-history":[{"count":9,"href":"https:\/\/www.chavinandez.com\/blog\/wp-json\/wp\/v2\/posts\/5635\/revisions"}],"predecessor-version":[{"id":5650,"href":"https:\/\/www.chavinandez.com\/blog\/wp-json\/wp\/v2\/posts\/5635\/revisions\/5650"}],"wp:featuredmedia":[{"embeddable":true,"href":"https:\/\/www.chavinandez.com\/blog\/wp-json\/wp\/v2\/media\/5637"}],"wp:attachment":[{"href":"https:\/\/www.chavinandez.com\/blog\/wp-json\/wp\/v2\/media?parent=5635"}],"wp:term":[{"taxonomy":"category","embeddable":true,"href":"https:\/\/www.chavinandez.com\/blog\/wp-json\/wp\/v2\/categories?post=5635"},{"taxonomy":"post_tag","embeddable":true,"href":"https:\/\/www.chavinandez.com\/blog\/wp-json\/wp\/v2\/tags?post=5635"}],"curies":[{"name":"wp","href":"https:\/\/api.w.org\/{rel}","templated":true}]}}