{"id":5550,"date":"2015-02-26T00:05:56","date_gmt":"2015-02-25T23:05:56","guid":{"rendered":"http:\/\/www.chavinandez.com\/blog\/?p=5550"},"modified":"2015-02-26T00:07:11","modified_gmt":"2015-02-25T23:07:11","slug":"la-buena-estrella","status":"publish","type":"post","link":"https:\/\/www.chavinandez.com\/blog\/la-buena-estrella\/","title":{"rendered":"La buena estrella"},"content":{"rendered":"<p><a href=\"http:\/\/Www.photolocus.net\"><img loading=\"lazy\" decoding=\"async\" class=\"alignnone wp-image-5555 size-large\" src=\"https:\/\/www.chavinandez.com\/blog\/wp-content\/uploads\/2015\/02\/image1-1024x532.jpg\" alt=\"image\" width=\"660\" height=\"343\" srcset=\"https:\/\/www.chavinandez.com\/blog\/wp-content\/uploads\/2015\/02\/image1-1024x532.jpg 1024w, https:\/\/www.chavinandez.com\/blog\/wp-content\/uploads\/2015\/02\/image1-200x104.jpg 200w, https:\/\/www.chavinandez.com\/blog\/wp-content\/uploads\/2015\/02\/image1-480x249.jpg 480w, https:\/\/www.chavinandez.com\/blog\/wp-content\/uploads\/2015\/02\/image1-700x363.jpg 700w, https:\/\/www.chavinandez.com\/blog\/wp-content\/uploads\/2015\/02\/image1-332x172.jpg 332w, https:\/\/www.chavinandez.com\/blog\/wp-content\/uploads\/2015\/02\/image1-900x467.jpg 900w, https:\/\/www.chavinandez.com\/blog\/wp-content\/uploads\/2015\/02\/image1.jpg 1770w\" sizes=\"auto, (max-width: 660px) 100vw, 660px\" \/><\/a><\/p>\n<p style=\"text-align: justify;\">Cada a\u00f1o en febrero, durante la edici\u00f3n invernal recorremos el sur de Islandia en busca de la luz que nos permite presenciar ese espect\u00e1culo natural del paisaje inh\u00f3spito y salvaje island\u00e9s.<\/p>\n<p style=\"text-align: justify;\"><a href=\"http:\/\/Www.photolocus.net\"><img loading=\"lazy\" decoding=\"async\" class=\"alignnone wp-image-5557 size-large\" src=\"https:\/\/www.chavinandez.com\/blog\/wp-content\/uploads\/2015\/02\/image3-1024x683.jpg\" alt=\"image\" width=\"660\" height=\"440\" srcset=\"https:\/\/www.chavinandez.com\/blog\/wp-content\/uploads\/2015\/02\/image3-1024x683.jpg 1024w, https:\/\/www.chavinandez.com\/blog\/wp-content\/uploads\/2015\/02\/image3-200x133.jpg 200w, https:\/\/www.chavinandez.com\/blog\/wp-content\/uploads\/2015\/02\/image3-450x300.jpg 450w, https:\/\/www.chavinandez.com\/blog\/wp-content\/uploads\/2015\/02\/image3-700x467.jpg 700w, https:\/\/www.chavinandez.com\/blog\/wp-content\/uploads\/2015\/02\/image3-332x221.jpg 332w, https:\/\/www.chavinandez.com\/blog\/wp-content\/uploads\/2015\/02\/image3-900x600.jpg 900w, https:\/\/www.chavinandez.com\/blog\/wp-content\/uploads\/2015\/02\/image3.jpg 1776w\" sizes=\"auto, (max-width: 660px) 100vw, 660px\" \/><\/a><\/p>\n<p style=\"text-align: justify;\">Una vez mas y completamente diferente a cualquier otra edici\u00f3n de viaje fotogr\u00e1fico\u00a0\u00a0a Islandia en invierno, volvemos a enfrentarnos sin ning\u00fan tipo de pudor pero con mucha prudencia a la fuerza de la naturaleza, comprobando como las tormentas de viento, nieve y grava, pueden crear mares rectil\u00edneos en donde las olas son la nieve que cruza de un lado a otro de la carretera y forman un espect\u00e1culo visual desconocido y m\u00e1gico.<\/p>\n<p style=\"text-align: justify;\"><a href=\"http:\/\/Www.photolocus.net\"><img loading=\"lazy\" decoding=\"async\" class=\"alignnone wp-image-5556 size-large\" src=\"https:\/\/www.chavinandez.com\/blog\/wp-content\/uploads\/2015\/02\/image2-688x1024.jpg\" alt=\"image\" width=\"660\" height=\"982\" srcset=\"https:\/\/www.chavinandez.com\/blog\/wp-content\/uploads\/2015\/02\/image2-688x1024.jpg 688w, https:\/\/www.chavinandez.com\/blog\/wp-content\/uploads\/2015\/02\/image2-101x150.jpg 101w, https:\/\/www.chavinandez.com\/blog\/wp-content\/uploads\/2015\/02\/image2-202x300.jpg 202w, https:\/\/www.chavinandez.com\/blog\/wp-content\/uploads\/2015\/02\/image2-700x1042.jpg 700w, https:\/\/www.chavinandez.com\/blog\/wp-content\/uploads\/2015\/02\/image2-332x494.jpg 332w, https:\/\/www.chavinandez.com\/blog\/wp-content\/uploads\/2015\/02\/image2-900x1339.jpg 900w, https:\/\/www.chavinandez.com\/blog\/wp-content\/uploads\/2015\/02\/image2.jpg 1119w\" sizes=\"auto, (max-width: 660px) 100vw, 660px\" \/><\/a><\/p>\n<p style=\"text-align: justify;\">A pesar del granizo, las tormentas o el fr\u00edo , la buena estrella nos sigue acompa\u00f1ando con instantes de luz que marcar\u00e1n una vez mas en la vida de los asistentes, momentos incre\u00edbles, emocionantes, e irrepetibles, que con seguridad tardar\u00e1n en olvidar y que aunque siendo capturados a trav\u00e9s de la retina, quedan grabados en nuestro subconsciente para siempre.<\/p>\n<p style=\"text-align: justify;\"><a href=\"http:\/\/Www.photolocus.net\"><img loading=\"lazy\" decoding=\"async\" class=\"alignnone wp-image-5554 size-large\" src=\"https:\/\/www.chavinandez.com\/blog\/wp-content\/uploads\/2015\/02\/image-684x1024.jpg\" alt=\"image\" width=\"660\" height=\"988\" srcset=\"https:\/\/www.chavinandez.com\/blog\/wp-content\/uploads\/2015\/02\/image-684x1024.jpg 684w, https:\/\/www.chavinandez.com\/blog\/wp-content\/uploads\/2015\/02\/image-100x150.jpg 100w, https:\/\/www.chavinandez.com\/blog\/wp-content\/uploads\/2015\/02\/image-200x300.jpg 200w, https:\/\/www.chavinandez.com\/blog\/wp-content\/uploads\/2015\/02\/image-700x1049.jpg 700w, https:\/\/www.chavinandez.com\/blog\/wp-content\/uploads\/2015\/02\/image-332x497.jpg 332w, https:\/\/www.chavinandez.com\/blog\/wp-content\/uploads\/2015\/02\/image-900x1348.jpg 900w, https:\/\/www.chavinandez.com\/blog\/wp-content\/uploads\/2015\/02\/image.jpg 1080w\" sizes=\"auto, (max-width: 660px) 100vw, 660px\" \/><\/a><\/p>\n<p style=\"text-align: justify;\">Las vivencias de cada uno de ellos son y ser\u00e1n el mayor premio de cada viaje, pero tambi\u00e9n poder hablar con los caballos islandeses de tu a tu en la nieve o sorprenderse ante la grandeza de lugares remotos y no tur\u00edsticos de incre\u00edble belleza, que para invierno se llenan de mantos invernales y claros fugaces que en el firmamento nos acercan el baile de las auroras boreales.<\/p>\n<p style=\"text-align: justify;\"><a href=\"http:\/\/Www.photolocus.net\"><img loading=\"lazy\" decoding=\"async\" class=\"alignnone size-large wp-image-5558\" src=\"https:\/\/www.chavinandez.com\/blog\/wp-content\/uploads\/2015\/02\/image4-684x1024.jpg\" alt=\"image\" width=\"660\" height=\"988\" srcset=\"https:\/\/www.chavinandez.com\/blog\/wp-content\/uploads\/2015\/02\/image4-684x1024.jpg 684w, https:\/\/www.chavinandez.com\/blog\/wp-content\/uploads\/2015\/02\/image4-100x150.jpg 100w, https:\/\/www.chavinandez.com\/blog\/wp-content\/uploads\/2015\/02\/image4-200x300.jpg 200w, https:\/\/www.chavinandez.com\/blog\/wp-content\/uploads\/2015\/02\/image4-700x1049.jpg 700w, https:\/\/www.chavinandez.com\/blog\/wp-content\/uploads\/2015\/02\/image4-332x497.jpg 332w, https:\/\/www.chavinandez.com\/blog\/wp-content\/uploads\/2015\/02\/image4-900x1348.jpg 900w, https:\/\/www.chavinandez.com\/blog\/wp-content\/uploads\/2015\/02\/image4.jpg 1080w\" sizes=\"auto, (max-width: 660px) 100vw, 660px\" \/><\/a><\/p>\n<p style=\"text-align: justify;\">Aunque los que deben contar su propia historia ser\u00e1n cada uno de los ocho asistentes, de esta 13 edici\u00f3n , Carme, \u00a0Jos\u00e9 Mar\u00eda, Pilar, Sonia, Francesca, Angela, Pablo y Eduardo, a ellos les dedico con cari\u00f1o, alguno de los momentos vividos en estos primeros d\u00edas y que sirve de adelanto y cr\u00f3nica visual de lo que ellos compartir\u00e1n con gran emoci\u00f3n con todos sus amigos&#8230;.una vez vuelvan.<\/p>\n","protected":false},"excerpt":{"rendered":"<p>Cada a\u00f1o en febrero, durante la edici\u00f3n invernal recorremos el sur de Islandia en busca de la luz que nos permite presenciar ese espect\u00e1culo natural del paisaje inh\u00f3spito y salvaje island\u00e9s. Una vez mas y completamente diferente a cualquier otra edici\u00f3n de viaje fotogr\u00e1fico\u00a0\u00a0a Islandia en invierno, volvemos a enfrentarnos &#8230;<\/p>\n","protected":false},"author":1,"featured_media":5554,"comment_status":"closed","ping_status":"open","sticky":false,"template":"","format":"standard","meta":{"footnotes":""},"categories":[159,7,1,9,356,23,37,11],"tags":[1796,265,1416,1995],"class_list":["post-5550","post","type-post","status-publish","format-standard","has-post-thumbnail","hentry","category-destinos","category-experiencias","category-general","category-imagenes","category-novedades","category-promocion","category-talleres","category-httpwwwlabatiruralcomwordpress","tag-auroras-boreales-islandia","tag-islandia","tag-viaje-fotografico-islandia","tag-viaje-fotograficos-islandia","column","threecol","has-thumbnail"],"_links":{"self":[{"href":"https:\/\/www.chavinandez.com\/blog\/wp-json\/wp\/v2\/posts\/5550","targetHints":{"allow":["GET"]}}],"collection":[{"href":"https:\/\/www.chavinandez.com\/blog\/wp-json\/wp\/v2\/posts"}],"about":[{"href":"https:\/\/www.chavinandez.com\/blog\/wp-json\/wp\/v2\/types\/post"}],"author":[{"embeddable":true,"href":"https:\/\/www.chavinandez.com\/blog\/wp-json\/wp\/v2\/users\/1"}],"replies":[{"embeddable":true,"href":"https:\/\/www.chavinandez.com\/blog\/wp-json\/wp\/v2\/comments?post=5550"}],"version-history":[{"count":5,"href":"https:\/\/www.chavinandez.com\/blog\/wp-json\/wp\/v2\/posts\/5550\/revisions"}],"predecessor-version":[{"id":5560,"href":"https:\/\/www.chavinandez.com\/blog\/wp-json\/wp\/v2\/posts\/5550\/revisions\/5560"}],"wp:featuredmedia":[{"embeddable":true,"href":"https:\/\/www.chavinandez.com\/blog\/wp-json\/wp\/v2\/media\/5554"}],"wp:attachment":[{"href":"https:\/\/www.chavinandez.com\/blog\/wp-json\/wp\/v2\/media?parent=5550"}],"wp:term":[{"taxonomy":"category","embeddable":true,"href":"https:\/\/www.chavinandez.com\/blog\/wp-json\/wp\/v2\/categories?post=5550"},{"taxonomy":"post_tag","embeddable":true,"href":"https:\/\/www.chavinandez.com\/blog\/wp-json\/wp\/v2\/tags?post=5550"}],"curies":[{"name":"wp","href":"https:\/\/api.w.org\/{rel}","templated":true}]}}