{"id":5363,"date":"2014-11-05T22:58:23","date_gmt":"2014-11-05T21:58:23","guid":{"rendered":"http:\/\/www.chavinandez.com\/blog\/?p=5363"},"modified":"2014-11-05T23:06:20","modified_gmt":"2014-11-05T22:06:20","slug":"las-mil-y-una-caras-de-gallocanta","status":"publish","type":"post","link":"https:\/\/www.chavinandez.com\/blog\/las-mil-y-una-caras-de-gallocanta\/","title":{"rendered":"Las mil y una caras de Gallocanta"},"content":{"rendered":"<p style=\"text-align: justify;\"><a href=\"https:\/\/www.flickr.com\/photos\/chavinandez\/sets\/72157649087996676\/\" target=\"_blank\"><img loading=\"lazy\" decoding=\"async\" class=\"alignnone size-full wp-image-5364\" src=\"https:\/\/www.chavinandez.com\/blog\/wp-content\/uploads\/2014\/11\/GallocantaLagoon2014-14.jpg\" alt=\"GallocantaLagoon2014-14\" width=\"800\" height=\"533\" srcset=\"https:\/\/www.chavinandez.com\/blog\/wp-content\/uploads\/2014\/11\/GallocantaLagoon2014-14.jpg 800w, https:\/\/www.chavinandez.com\/blog\/wp-content\/uploads\/2014\/11\/GallocantaLagoon2014-14-200x133.jpg 200w, https:\/\/www.chavinandez.com\/blog\/wp-content\/uploads\/2014\/11\/GallocantaLagoon2014-14-450x300.jpg 450w, https:\/\/www.chavinandez.com\/blog\/wp-content\/uploads\/2014\/11\/GallocantaLagoon2014-14-700x466.jpg 700w, https:\/\/www.chavinandez.com\/blog\/wp-content\/uploads\/2014\/11\/GallocantaLagoon2014-14-332x221.jpg 332w\" sizes=\"auto, (max-width: 800px) 100vw, 800px\" \/><\/a><\/p>\n<p style=\"text-align: justify;\">Hay veces cuando empieza la temporada del birdwatching por nuestra tierra del fr\u00edo (Calamocha, Daroca, Gallocanta&#8230;) que unas pocas horas son suficiente para describir con muy diferentes im\u00e1genes, que Gallocanta, la laguna de las grullas, puede llegar a tener mil y una caras, a lo largo del d\u00eda, al menos para el amante del paisaje y las aves, en un entorno rural, y agr\u00edcola, ba\u00f1ado por la luz que cambia a cada momento, y movida a toda velocidad por el viento intenso que por all\u00ed pasa&#8230;.helador , cortante y sin ning\u00fan tipo de piedad&#8230;.<\/p>\n<p style=\"text-align: justify;\"><a href=\"https:\/\/www.flickr.com\/photos\/chavinandez\/sets\/72157649087996676\/\"><img loading=\"lazy\" decoding=\"async\" class=\"alignnone wp-image-5367 size-full\" src=\"https:\/\/www.chavinandez.com\/blog\/wp-content\/uploads\/2014\/11\/GallocantaLagoon2014-23.jpg\" alt=\"GallocantaLagoon2014-23\" width=\"800\" height=\"534\" srcset=\"https:\/\/www.chavinandez.com\/blog\/wp-content\/uploads\/2014\/11\/GallocantaLagoon2014-23.jpg 800w, https:\/\/www.chavinandez.com\/blog\/wp-content\/uploads\/2014\/11\/GallocantaLagoon2014-23-200x133.jpg 200w, https:\/\/www.chavinandez.com\/blog\/wp-content\/uploads\/2014\/11\/GallocantaLagoon2014-23-449x300.jpg 449w, https:\/\/www.chavinandez.com\/blog\/wp-content\/uploads\/2014\/11\/GallocantaLagoon2014-23-700x467.jpg 700w, https:\/\/www.chavinandez.com\/blog\/wp-content\/uploads\/2014\/11\/GallocantaLagoon2014-23-332x221.jpg 332w\" sizes=\"auto, (max-width: 800px) 100vw, 800px\" \/><\/a><\/p>\n<p style=\"text-align: justify;\">La laguna de Gallocanta durante el invierno es uno de esos lugares m\u00e1gicos que nos acerca al griterio de las bandadas de grulla, (Grus grus, cranes&#8230;.). Una laguna que como principal atractivo para muchos, reside durante los meses de octubre a febrero en los habitantes de patas largas que all\u00ed permanecen las fr\u00edas jornadas invernales. Con sus noches. Un espect\u00e1culo que a\u00f1o tras a\u00f1o tenemos la suerte de seguir muy de cerca desde <a href=\"http:\/\/www.photolocus.net\/shop\/intensivos-de-fotografia\/29-gallocanta.html\" target=\"_blank\">Photolocus.net<\/a> con diferentes <a href=\"http:\/\/www.photolocus.net\/shop\/intensivos-de-fotografia\/29-gallocanta.html\" target=\"_blank\">jornadas pr\u00e1cticas de fotograf\u00eda de paisaje, y avifauna, intensivas de un d\u00eda y a lo largo de los meses del invierno<\/a>, para compartir con quien no ha visto nunca en persona este entorno natural, las mil y una caras de Gallocanta, como las que hoy mismo hemos podido descubrir, adem\u00e1s de las grullas.<\/p>\n<p style=\"text-align: justify;\"><a href=\"https:\/\/www.flickr.com\/photos\/chavinandez\/sets\/72157649087996676\/\" target=\"_blank\"><img loading=\"lazy\" decoding=\"async\" class=\"alignnone wp-image-5366 size-full\" src=\"https:\/\/www.chavinandez.com\/blog\/wp-content\/uploads\/2014\/11\/GallocantaLagoon2014-21.jpg\" alt=\"GallocantaLagoon2014-21\" width=\"800\" height=\"534\" srcset=\"https:\/\/www.chavinandez.com\/blog\/wp-content\/uploads\/2014\/11\/GallocantaLagoon2014-21.jpg 800w, https:\/\/www.chavinandez.com\/blog\/wp-content\/uploads\/2014\/11\/GallocantaLagoon2014-21-200x133.jpg 200w, https:\/\/www.chavinandez.com\/blog\/wp-content\/uploads\/2014\/11\/GallocantaLagoon2014-21-449x300.jpg 449w, https:\/\/www.chavinandez.com\/blog\/wp-content\/uploads\/2014\/11\/GallocantaLagoon2014-21-700x467.jpg 700w, https:\/\/www.chavinandez.com\/blog\/wp-content\/uploads\/2014\/11\/GallocantaLagoon2014-21-332x221.jpg 332w\" sizes=\"auto, (max-width: 800px) 100vw, 800px\" \/><\/a><\/p>\n<p style=\"text-align: justify;\">Para ver alguna de esas mil caras, aqui tienes una <a href=\"https:\/\/www.flickr.com\/photos\/chavinandez\/sets\/72157649087996676\/\" target=\"_blank\">selecci\u00f3n im\u00e1genes de hoy mismo que demuestran que no solo de aves vive el hombre y que tambi\u00e9n los angulares en fotograf\u00eda nos muestran el encanto del paisaje.<\/a> Si te animas las pr\u00f3ximas jornadas intensivas para descubrir este entorno m\u00e1gico de Arag\u00f3n y los secretos de tu c\u00e1mara tienes ocasi\u00f3n el 26 de Noviembre, y 10 de Diciembre, el resto de convocatorias van saliendo en la web de <a href=\"http:\/\/www.photolocus.net\/shop\/intensivos-de-fotografia\/29-gallocanta.html\" target=\"_blank\">Photolocus.net<\/a>, no te las pierdas.<\/p>\n","protected":false},"excerpt":{"rendered":"<p>Hay veces cuando empieza la temporada del birdwatching por nuestra tierra del fr\u00edo (Calamocha, Daroca, Gallocanta&#8230;) que unas pocas horas son suficiente para describir con muy diferentes im\u00e1genes, que Gallocanta, la laguna de las grullas, puede llegar a tener mil y una caras, a lo largo del d\u00eda, al menos &#8230;<\/p>\n","protected":false},"author":1,"featured_media":5364,"comment_status":"open","ping_status":"open","sticky":false,"template":"","format":"standard","meta":{"footnotes":""},"categories":[159,7,36,9,356,23],"tags":[1908,1903,1906,1910,1909,150,1901,1907,1905,1904,1902],"class_list":["post-5363","post","type-post","status-publish","format-standard","has-post-thumbnail","hentry","category-destinos","category-experiencias","category-fotografia","category-imagenes","category-novedades","category-promocion","tag-curso-foto-laguna-gallocanta","tag-curso-fotografia-gallocanta","tag-curso-gallocanta","tag-cursos-fotografia-gallocanta","tag-fotogafia-de-paisaje-gallocanta","tag-gallocanta","tag-gallocanta-landscape","tag-laguna-gallocanta-cursos","tag-taller-foto-gallocanta","tag-talleres-de-fotografia-gallocanta","tag-tours-gallocanta","column","threecol","has-thumbnail"],"_links":{"self":[{"href":"https:\/\/www.chavinandez.com\/blog\/wp-json\/wp\/v2\/posts\/5363","targetHints":{"allow":["GET"]}}],"collection":[{"href":"https:\/\/www.chavinandez.com\/blog\/wp-json\/wp\/v2\/posts"}],"about":[{"href":"https:\/\/www.chavinandez.com\/blog\/wp-json\/wp\/v2\/types\/post"}],"author":[{"embeddable":true,"href":"https:\/\/www.chavinandez.com\/blog\/wp-json\/wp\/v2\/users\/1"}],"replies":[{"embeddable":true,"href":"https:\/\/www.chavinandez.com\/blog\/wp-json\/wp\/v2\/comments?post=5363"}],"version-history":[{"count":4,"href":"https:\/\/www.chavinandez.com\/blog\/wp-json\/wp\/v2\/posts\/5363\/revisions"}],"predecessor-version":[{"id":5371,"href":"https:\/\/www.chavinandez.com\/blog\/wp-json\/wp\/v2\/posts\/5363\/revisions\/5371"}],"wp:featuredmedia":[{"embeddable":true,"href":"https:\/\/www.chavinandez.com\/blog\/wp-json\/wp\/v2\/media\/5364"}],"wp:attachment":[{"href":"https:\/\/www.chavinandez.com\/blog\/wp-json\/wp\/v2\/media?parent=5363"}],"wp:term":[{"taxonomy":"category","embeddable":true,"href":"https:\/\/www.chavinandez.com\/blog\/wp-json\/wp\/v2\/categories?post=5363"},{"taxonomy":"post_tag","embeddable":true,"href":"https:\/\/www.chavinandez.com\/blog\/wp-json\/wp\/v2\/tags?post=5363"}],"curies":[{"name":"wp","href":"https:\/\/api.w.org\/{rel}","templated":true}]}}