{"id":5302,"date":"2014-09-05T22:51:41","date_gmt":"2014-09-05T21:51:41","guid":{"rendered":"http:\/\/www.chavinandez.com\/blog\/?p=5302"},"modified":"2014-09-06T22:20:46","modified_gmt":"2014-09-06T21:20:46","slug":"1a-edicion-afco-en-los-monegros","status":"publish","type":"post","link":"https:\/\/www.chavinandez.com\/blog\/1a-edicion-afco-en-los-monegros\/","title":{"rendered":"Taller de Fotograf\u00eda nocturna en los Monegros"},"content":{"rendered":"<p style=\"text-align: justify;\"><a href=\"https:\/\/www.chavinandez.com\/blog\/wp-content\/uploads\/2014\/09\/CARTELMONEGROSGENERICO.jpg\"><img loading=\"lazy\" decoding=\"async\" class=\"alignnone size-full wp-image-5314\" src=\"https:\/\/www.chavinandez.com\/blog\/wp-content\/uploads\/2014\/09\/CARTELMONEGROSGENERICO.jpg\" alt=\"CARTELMONEGROSGENERICO\" width=\"960\" height=\"640\" srcset=\"https:\/\/www.chavinandez.com\/blog\/wp-content\/uploads\/2014\/09\/CARTELMONEGROSGENERICO.jpg 960w, https:\/\/www.chavinandez.com\/blog\/wp-content\/uploads\/2014\/09\/CARTELMONEGROSGENERICO-200x133.jpg 200w, https:\/\/www.chavinandez.com\/blog\/wp-content\/uploads\/2014\/09\/CARTELMONEGROSGENERICO-450x300.jpg 450w, https:\/\/www.chavinandez.com\/blog\/wp-content\/uploads\/2014\/09\/CARTELMONEGROSGENERICO-700x466.jpg 700w, https:\/\/www.chavinandez.com\/blog\/wp-content\/uploads\/2014\/09\/CARTELMONEGROSGENERICO-332x221.jpg 332w, https:\/\/www.chavinandez.com\/blog\/wp-content\/uploads\/2014\/09\/CARTELMONEGROSGENERICO-900x600.jpg 900w\" sizes=\"auto, (max-width: 960px) 100vw, 960px\" \/><\/a><\/p>\n<p style=\"text-align: justify;\">A primeros de octubre tengo la suerte y el honor tambi\u00e9n de poder compartir con algunos amigos de la <strong>Asociaci\u00f3n de Fot\u00f3grafos de Cant\u00e1brico Oriental, (<a href=\"http:\/\/www.afcophoto.es\/\" target=\"_blank\">AFCO<\/a>)<\/strong>\u00a0y otros de\u00a0zonas crecanas del norte, un fin de semana\u00a0de fotograf\u00eda en entornos extremos y en concreto de fotograf\u00eda nocturna de paisaje. Con base en Leci\u00f1ena, en el <strong><a href=\"http:\/\/www.elserral.es\" target=\"_blank\">Serral<\/a><\/strong>, una vez m\u00e1s qu\u00e9 mejor entorno que la <strong>Comarca de los Monegros<\/strong> que nos permitir\u00e1 como siempre disfrutar de la que esperamos sea\u00a0la primera de futuras ediciones con nuestros vecinos del norte&#8230;.muy acostumbrados a ver mucho verde pero poca&#8230;\u00a0poca estepa&#8230;!!!!<\/p>\n<p style=\"text-align: justify;\">Reservas e info en: <a href=\"mailto:info@felipedavila.com\" target=\"_blank\">info@felipedavila.com<\/a> \/\u00a0chavinandez@gmail.com<\/p>\n","protected":false},"excerpt":{"rendered":"<p>A primeros de octubre tengo la suerte y el honor tambi\u00e9n de poder compartir con algunos amigos de la Asociaci\u00f3n de Fot\u00f3grafos de Cant\u00e1brico Oriental, (AFCO)\u00a0y otros de\u00a0zonas crecanas del norte, un fin de semana\u00a0de fotograf\u00eda en entornos extremos y en concreto de fotograf\u00eda nocturna de paisaje. Con base en &#8230;<\/p>\n","protected":false},"author":1,"featured_media":5314,"comment_status":"open","ping_status":"open","sticky":false,"template":"","format":"standard","meta":{"footnotes":""},"categories":[344,159,7,1,356,23,223,178,11],"tags":[192,48,229,1865,65,899,1833,1867,184,104,1866,2115,191,153,385,121,157,100,1864,1863,1870,1869,1868,59,180],"class_list":["post-5302","post","type-post","status-publish","format-standard","has-post-thumbnail","hentry","category-charlas","category-destinos","category-experiencias","category-general","category-novedades","category-promocion","category-reportajes","category-trucos","category-httpwwwlabatiruralcomwordpress","tag-aprender-fotografia","tag-aprendiendo-fotografia","tag-aragon","tag-charlas-nocturna","tag-composicion-fotografica","tag-curso-fotografia-monegros","tag-curso-fotografia-nocturna-monegros","tag-curso-fotografia-paisaje-nocturno","tag-cursos-de-fotografia","tag-cursos-fotografia","tag-cursos-fotografia-nocturna","tag-destinos","tag-escapadas-de-fotografia","tag-fotografia-de-paisaje","tag-fotografia-en-monegros","tag-fotografia-nocturna","tag-huesca","tag-monegros","tag-monegros-fotografia-nocturna","tag-monegros-nocturna","tag-taller-foto-monegros","tag-taller-fotografia-monegros","tag-taller-fotografia-nocturna","tag-talleres-de-fotografia","tag-zaragoza","column","threecol","has-thumbnail"],"_links":{"self":[{"href":"https:\/\/www.chavinandez.com\/blog\/wp-json\/wp\/v2\/posts\/5302","targetHints":{"allow":["GET"]}}],"collection":[{"href":"https:\/\/www.chavinandez.com\/blog\/wp-json\/wp\/v2\/posts"}],"about":[{"href":"https:\/\/www.chavinandez.com\/blog\/wp-json\/wp\/v2\/types\/post"}],"author":[{"embeddable":true,"href":"https:\/\/www.chavinandez.com\/blog\/wp-json\/wp\/v2\/users\/1"}],"replies":[{"embeddable":true,"href":"https:\/\/www.chavinandez.com\/blog\/wp-json\/wp\/v2\/comments?post=5302"}],"version-history":[{"count":8,"href":"https:\/\/www.chavinandez.com\/blog\/wp-json\/wp\/v2\/posts\/5302\/revisions"}],"predecessor-version":[{"id":5319,"href":"https:\/\/www.chavinandez.com\/blog\/wp-json\/wp\/v2\/posts\/5302\/revisions\/5319"}],"wp:featuredmedia":[{"embeddable":true,"href":"https:\/\/www.chavinandez.com\/blog\/wp-json\/wp\/v2\/media\/5314"}],"wp:attachment":[{"href":"https:\/\/www.chavinandez.com\/blog\/wp-json\/wp\/v2\/media?parent=5302"}],"wp:term":[{"taxonomy":"category","embeddable":true,"href":"https:\/\/www.chavinandez.com\/blog\/wp-json\/wp\/v2\/categories?post=5302"},{"taxonomy":"post_tag","embeddable":true,"href":"https:\/\/www.chavinandez.com\/blog\/wp-json\/wp\/v2\/tags?post=5302"}],"curies":[{"name":"wp","href":"https:\/\/api.w.org\/{rel}","templated":true}]}}