{"id":5187,"date":"2014-05-19T20:33:30","date_gmt":"2014-05-19T19:33:30","guid":{"rendered":"http:\/\/www.chavinandez.com\/blog\/?p=5187"},"modified":"2014-05-19T20:33:30","modified_gmt":"2014-05-19T19:33:30","slug":"charla-proyeccion-sobre-islandia-en-la-escuela-centro-diaporama-de-zaragoza","status":"publish","type":"post","link":"https:\/\/www.chavinandez.com\/blog\/charla-proyeccion-sobre-islandia-en-la-escuela-centro-diaporama-de-zaragoza\/","title":{"rendered":"Charla proyecci\u00f3n sobre Islandia en la Escuela Centro Diaporama de Zaragoza"},"content":{"rendered":"<p style=\"text-align: justify;\"><a href=\"https:\/\/www.chavinandez.com\/blog\/wp-content\/uploads\/2014\/05\/cartel_islandiaSep2014_blog.jpg\"><img loading=\"lazy\" decoding=\"async\" class=\"alignnone size-full wp-image-5188\" alt=\"cartel_islandiaSep2014_blog\" src=\"https:\/\/www.chavinandez.com\/blog\/wp-content\/uploads\/2014\/05\/cartel_islandiaSep2014_blog.jpg\" width=\"900\" height=\"596\" srcset=\"https:\/\/www.chavinandez.com\/blog\/wp-content\/uploads\/2014\/05\/cartel_islandiaSep2014_blog.jpg 900w, https:\/\/www.chavinandez.com\/blog\/wp-content\/uploads\/2014\/05\/cartel_islandiaSep2014_blog-200x132.jpg 200w, https:\/\/www.chavinandez.com\/blog\/wp-content\/uploads\/2014\/05\/cartel_islandiaSep2014_blog-453x300.jpg 453w, https:\/\/www.chavinandez.com\/blog\/wp-content\/uploads\/2014\/05\/cartel_islandiaSep2014_blog-700x463.jpg 700w, https:\/\/www.chavinandez.com\/blog\/wp-content\/uploads\/2014\/05\/cartel_islandiaSep2014_blog-332x219.jpg 332w\" sizes=\"auto, (max-width: 900px) 100vw, 900px\" \/><\/a><\/p>\n<p style=\"text-align: justify;\">El pr\u00f3ximo viernes\u00a0<strong>d\u00eda 30 de mayo a las 19,30h<\/strong> tengo la suerte de poder compartir con Javier Pardos, amigos y alumnos, una peque\u00f1a charla-proyecci\u00f3n con motivo de la <strong>11\u00aa edici\u00f3n del Viaje Fotogr\u00e1fico a Islandia de septiembre de 2014<\/strong> que realizamos este a\u00f1o para la escuela.<\/p>\n<p style=\"text-align: justify;\">Est\u00e1is todos invitados&#8230;!!!!<\/p>\n<p style=\"text-align: justify;\"><a href=\"http:\/\/www.centrodiaporama.es\/\" target=\"_blank\">Centro Diaporama<\/a>. Tom\u00e1s Higuera 8, Zaragoza<\/p>\n","protected":false},"excerpt":{"rendered":"<p>El pr\u00f3ximo viernes\u00a0d\u00eda 30 de mayo a las 19,30h tengo la suerte de poder compartir con Javier Pardos, amigos y alumnos, una peque\u00f1a charla-proyecci\u00f3n con motivo de la 11\u00aa edici\u00f3n del Viaje Fotogr\u00e1fico a Islandia de septiembre de 2014 que realizamos este a\u00f1o para la escuela. Est\u00e1is todos invitados&#8230;!!!! Centro &#8230;<\/p>\n","protected":false},"author":1,"featured_media":5188,"comment_status":"open","ping_status":"open","sticky":false,"template":"","format":"standard","meta":{"footnotes":""},"categories":[159,53,7,36,356,23,223,3],"tags":[1842,917,1834,1837,1835,1841,1701,1703,1802,908,1708,265,1838,888,1282,1722,1728,1183,1184,1416,1786,1836,641,1724,1283,1840,920,1839],"class_list":["post-5187","post","type-post","status-publish","format-standard","has-post-thumbnail","hentry","category-destinos","category-documental","category-experiencias","category-fotografia","category-novedades","category-promocion","category-reportajes","category-videos","tag-2014-viaje-a-islandia","tag-boreal-travel","tag-centro-diaporama","tag-charlas-islandia","tag-cuando-viajar-islandia","tag-curso-fotografico-islandia","tag-guia-en-islandia","tag-guia-fotografico-islandia","tag-guias-de-islandia","tag-iceland","tag-iceland-guides","tag-islandia","tag-proyeccion-islandia","tag-viajar-a-islandia","tag-viajar-islandia","tag-viajar-islandia-2014","tag-viaje-2014-islandia","tag-viaje-fotografia-islandia","tag-viaje-fotografico-a-islandia","tag-viaje-fotografico-islandia","tag-viaje-islandia-2014","tag-viaje-islandia-verano","tag-viajes-fotograficos","tag-viajes-fotograficos-islandia","tag-viajes-islandia","tag-video-fotografia-islandia","tag-video-islandia","tag-videos-islandia","column","threecol","has-thumbnail"],"_links":{"self":[{"href":"https:\/\/www.chavinandez.com\/blog\/wp-json\/wp\/v2\/posts\/5187","targetHints":{"allow":["GET"]}}],"collection":[{"href":"https:\/\/www.chavinandez.com\/blog\/wp-json\/wp\/v2\/posts"}],"about":[{"href":"https:\/\/www.chavinandez.com\/blog\/wp-json\/wp\/v2\/types\/post"}],"author":[{"embeddable":true,"href":"https:\/\/www.chavinandez.com\/blog\/wp-json\/wp\/v2\/users\/1"}],"replies":[{"embeddable":true,"href":"https:\/\/www.chavinandez.com\/blog\/wp-json\/wp\/v2\/comments?post=5187"}],"version-history":[{"count":1,"href":"https:\/\/www.chavinandez.com\/blog\/wp-json\/wp\/v2\/posts\/5187\/revisions"}],"predecessor-version":[{"id":5189,"href":"https:\/\/www.chavinandez.com\/blog\/wp-json\/wp\/v2\/posts\/5187\/revisions\/5189"}],"wp:featuredmedia":[{"embeddable":true,"href":"https:\/\/www.chavinandez.com\/blog\/wp-json\/wp\/v2\/media\/5188"}],"wp:attachment":[{"href":"https:\/\/www.chavinandez.com\/blog\/wp-json\/wp\/v2\/media?parent=5187"}],"wp:term":[{"taxonomy":"category","embeddable":true,"href":"https:\/\/www.chavinandez.com\/blog\/wp-json\/wp\/v2\/categories?post=5187"},{"taxonomy":"post_tag","embeddable":true,"href":"https:\/\/www.chavinandez.com\/blog\/wp-json\/wp\/v2\/tags?post=5187"}],"curies":[{"name":"wp","href":"https:\/\/api.w.org\/{rel}","templated":true}]}}