{"id":5156,"date":"2014-05-04T15:35:34","date_gmt":"2014-05-04T14:35:34","guid":{"rendered":"http:\/\/www.chavinandez.com\/blog\/?p=5156"},"modified":"2014-05-12T10:22:54","modified_gmt":"2014-05-12T09:22:54","slug":"la-longroute-de-islandia-a-solas-hombre-y-naturaleza","status":"publish","type":"post","link":"https:\/\/www.chavinandez.com\/blog\/la-longroute-de-islandia-a-solas-hombre-y-naturaleza\/","title":{"rendered":"La LongRoute de Islandia, a solas hombre y naturaleza"},"content":{"rendered":"<p style=\"text-align: justify;\"><a href=\"https:\/\/www.chavinandez.com\/blog\/wp-content\/uploads\/2014\/05\/viaje-fotografico-a-islandia-2014.jpg\"><img loading=\"lazy\" decoding=\"async\" class=\"alignnone size-full wp-image-5164\" alt=\"Landmannaleid. South Iceland\" src=\"https:\/\/www.chavinandez.com\/blog\/wp-content\/uploads\/2014\/05\/viaje-fotografico-a-islandia-2014.jpg\" width=\"800\" height=\"531\" srcset=\"https:\/\/www.chavinandez.com\/blog\/wp-content\/uploads\/2014\/05\/viaje-fotografico-a-islandia-2014.jpg 800w, https:\/\/www.chavinandez.com\/blog\/wp-content\/uploads\/2014\/05\/viaje-fotografico-a-islandia-2014-200x132.jpg 200w, https:\/\/www.chavinandez.com\/blog\/wp-content\/uploads\/2014\/05\/viaje-fotografico-a-islandia-2014-451x300.jpg 451w, https:\/\/www.chavinandez.com\/blog\/wp-content\/uploads\/2014\/05\/viaje-fotografico-a-islandia-2014-700x464.jpg 700w, https:\/\/www.chavinandez.com\/blog\/wp-content\/uploads\/2014\/05\/viaje-fotografico-a-islandia-2014-332x220.jpg 332w\" sizes=\"auto, (max-width: 800px) 100vw, 800px\" \/><\/a><\/p>\n<p style=\"text-align: justify;\">Por alguna raz\u00f3n que desconozco, pero intuyo, cada a\u00f1o cuando regreso de vivir junto al peque\u00f1o grupo de aventureros que deciden realizar el viaje fotogr\u00e1fico a Islandia durante el verano, llego molido, son muchos kil\u00f3metros y decenas de localizaciones en las que vivir algo \u00fanico&#8230;.que cada noche&#8230;parece que no llegue a su fin&#8230;.<\/p>\n<p style=\"text-align: justify;\">A pesar del cansancio acumulado, tambi\u00e9n es verdad que vuelves sobrecargado de energ\u00eda, toda ella positiva, por la cantidad de experiencias siempre \u00fanicas, acontecidas durante esos r\u00e1pidos 12 d\u00edas y 11 soles de medianoche que luego seguimos recordando durante mucho tiempo, pero sobre todo entiendo, viendo a\u00f1o tras a\u00f1o las reacciones de los fot\u00f3grafos y amantes de la natura con quienes comparto esta aventura, \u00a0la fuerza que tiene la naturaleza de este pa\u00eds, para actuar sobre nuestra propia mente, activando en nuestro ser, un sinf\u00edn de sensaciones, emociones y momentos que dejan latente en todo el grupo, im\u00e1genes clavadas de hielo y fuego en sus retinas que jam\u00e1s olvidar\u00e1n, pero tambi\u00e9n la necesidad de preservar cada uno a su manera, algo tan dichoso como es nuestra tierra, sus h\u00e1bitats y ecosistemas, y velar por la vulnerabilidad y fragilidad de la misma, a pesar de mostrarse agreste, inh\u00f3spita y llena de vida, como la vemos en nuestra aventura fotogr\u00e1fica de la LongRoute en verano.<\/p>\n<p style=\"text-align: justify;\"><img loading=\"lazy\" decoding=\"async\" class=\"alignnone\" alt=\"\" src=\"http:\/\/www.photolocus.net\/shop\/img\/p\/9\/8\/2\/982.jpg\" width=\"600\" height=\"382\" \/><\/p>\n<p style=\"text-align: justify;\">Cada a\u00f1o, la aventura fotogr\u00e1fica estival del pa\u00eds , recorre localizaciones muy diversas, (seis de sus ocho regiones)\u00a0en un itinerario, sin prisa pero sin pausa, en donde visitamos durante las horas diurnas de paso algunos puntos concretos de enorme belleza que est\u00e1n a cada rinc\u00f3n que te asomas, pero en donde sobre todo disfrutamos durante las horas mejores de luz ( de 9 de la noche a 2 de la madrugada ) de infinitos atardeceres y crep\u00fasculos que nos ofrece Islandia durante los meses de verano, ya sin espectadores y por supuesto, cerca de nuestro alojamiento diario.<\/p>\n<p style=\"text-align: justify;\"><a href=\"https:\/\/www.chavinandez.com\/blog\/wp-content\/uploads\/2014\/05\/viaje-fotografico-a-islandia-2014-2.jpg\"><img loading=\"lazy\" decoding=\"async\" class=\"alignnone size-full wp-image-5165\" alt=\"Hornafjordur. Hofn. Iceland east.\" src=\"https:\/\/www.chavinandez.com\/blog\/wp-content\/uploads\/2014\/05\/viaje-fotografico-a-islandia-2014-2.jpg\" width=\"800\" height=\"686\" srcset=\"https:\/\/www.chavinandez.com\/blog\/wp-content\/uploads\/2014\/05\/viaje-fotografico-a-islandia-2014-2.jpg 800w, https:\/\/www.chavinandez.com\/blog\/wp-content\/uploads\/2014\/05\/viaje-fotografico-a-islandia-2014-2-174x150.jpg 174w, https:\/\/www.chavinandez.com\/blog\/wp-content\/uploads\/2014\/05\/viaje-fotografico-a-islandia-2014-2-349x300.jpg 349w, https:\/\/www.chavinandez.com\/blog\/wp-content\/uploads\/2014\/05\/viaje-fotografico-a-islandia-2014-2-700x600.jpg 700w, https:\/\/www.chavinandez.com\/blog\/wp-content\/uploads\/2014\/05\/viaje-fotografico-a-islandia-2014-2-332x284.jpg 332w\" sizes=\"auto, (max-width: 800px) 100vw, 800px\" \/><\/a><\/p>\n<h2 style=\"text-align: justify;\"><strong>El itinerario, m\u00e1s de 2.000 km de emoci\u00f3n creciente<\/strong><\/h2>\n<p style=\"text-align: justify;\">Partiendo del suroeste del pa\u00eds, desde Keflavik a nuestra llegada, en la regi\u00f3n de Su\u00f0urnes, nos adentramos nuestro primer d\u00eda, por algunos de los m\u00e1s preciados puntos geol\u00f3gicos del sur del pa\u00eds, entre costa y acantilados de inigualable belleza, pueblos de pescadores y \u00e1reas como el lago de Kleifarvatn que siempre nos ofrecen al atardecer\u00a0su mejor cara, mostrando incre\u00edbles zonas volc\u00e1nicas como Selt\u00fan y Krisuvik e interminables campos de lava cubiertos de musgo.<\/p>\n<p style=\"text-align: justify;\"><a href=\"https:\/\/www.chavinandez.com\/blog\/wp-content\/uploads\/2014\/05\/viaje-fotografico-a-islandia-2014-3.jpg\"><img loading=\"lazy\" decoding=\"async\" class=\"alignnone size-full wp-image-5166\" alt=\"Kleifarvam. Nature Park. South west of Iceland\" src=\"https:\/\/www.chavinandez.com\/blog\/wp-content\/uploads\/2014\/05\/viaje-fotografico-a-islandia-2014-3.jpg\" width=\"800\" height=\"530\" srcset=\"https:\/\/www.chavinandez.com\/blog\/wp-content\/uploads\/2014\/05\/viaje-fotografico-a-islandia-2014-3.jpg 800w, https:\/\/www.chavinandez.com\/blog\/wp-content\/uploads\/2014\/05\/viaje-fotografico-a-islandia-2014-3-200x132.jpg 200w, https:\/\/www.chavinandez.com\/blog\/wp-content\/uploads\/2014\/05\/viaje-fotografico-a-islandia-2014-3-452x300.jpg 452w, https:\/\/www.chavinandez.com\/blog\/wp-content\/uploads\/2014\/05\/viaje-fotografico-a-islandia-2014-3-700x463.jpg 700w, https:\/\/www.chavinandez.com\/blog\/wp-content\/uploads\/2014\/05\/viaje-fotografico-a-islandia-2014-3-332x219.jpg 332w\" sizes=\"auto, (max-width: 800px) 100vw, 800px\" \/><\/a><\/p>\n<p style=\"text-align: justify;\">El segundo d\u00eda nuestra ruta nos lleva por el Circulo de oro en busca de lugares llenos de magia como Bruarfoss, Gulfoss o Geysir, para adentrarnos a continuaci\u00f3n cruzando en diagonal y hacia el norte entre medio de dos de sus glaciares de las tierras altas, Langjokull y \u00a0Hofsjokull, un vasto y extenso territorio a trav\u00e9s de la pista de KJolur (F35) para descubrir lugares de incre\u00edble belleza como Sk\u00e1lpanes o\u00a0Kerlingarfj\u00f6ll, y\u00a0Hveravellir, en donde el reposo entre aguas geotermales est\u00e1 garantizado despu\u00e9s de una agotadora jornada&#8230;.<\/p>\n<p style=\"text-align: justify;\"><a href=\"https:\/\/www.chavinandez.com\/blog\/wp-content\/uploads\/2014\/05\/viaje-fotografico-a-islandia-2014-4.jpg\"><img loading=\"lazy\" decoding=\"async\" class=\"alignnone size-full wp-image-5167\" alt=\"Sandvatn area, near of Langjokull glaciar. Iceland\" src=\"https:\/\/www.chavinandez.com\/blog\/wp-content\/uploads\/2014\/05\/viaje-fotografico-a-islandia-2014-4.jpg\" width=\"800\" height=\"530\" srcset=\"https:\/\/www.chavinandez.com\/blog\/wp-content\/uploads\/2014\/05\/viaje-fotografico-a-islandia-2014-4.jpg 800w, https:\/\/www.chavinandez.com\/blog\/wp-content\/uploads\/2014\/05\/viaje-fotografico-a-islandia-2014-4-200x132.jpg 200w, https:\/\/www.chavinandez.com\/blog\/wp-content\/uploads\/2014\/05\/viaje-fotografico-a-islandia-2014-4-452x300.jpg 452w, https:\/\/www.chavinandez.com\/blog\/wp-content\/uploads\/2014\/05\/viaje-fotografico-a-islandia-2014-4-700x463.jpg 700w, https:\/\/www.chavinandez.com\/blog\/wp-content\/uploads\/2014\/05\/viaje-fotografico-a-islandia-2014-4-332x219.jpg 332w\" sizes=\"auto, (max-width: 800px) 100vw, 800px\" \/><\/a><\/p>\n<p style=\"text-align: justify;\">Seguimos al d\u00eda siguiente por las orillas de\u00a0Vesturh\u00f3psvatn, cerca del cual se hallan las ruinas del pasado vikingo mejor conservadas, Borgarvirki y que son objetivo de nuestras c\u00e1maras junto con la m\u00edtica mole del agua\u00a0Hvitserkur, cuando la marea nos ayuda a disfrutar de su majestuosidad. Una de las claves de todas y cada una de las localizaciones est\u00e1 en saber cuando y a que hora visitarlas, por ello seguimos recorrido hacia uno de los fiordos m\u00e1s espectaculares del norte de Islandia, de gran belleza Eyjafj\u00f6r\u00f0ur, para dormir en Dalvik y recorrer as\u00ed durante las horas nocturnas con el sol de medianoche alguno de sus m\u00e1s bellos parajes naturales.<\/p>\n<p style=\"text-align: justify;\"><a href=\"https:\/\/www.chavinandez.com\/blog\/wp-content\/uploads\/2014\/05\/viaje-fotografico-a-islandia-2014-6.jpg\"><img loading=\"lazy\" decoding=\"async\" class=\"alignnone size-full wp-image-5169\" alt=\"Oxarfjordur bay. Northern Iceland\" src=\"https:\/\/www.chavinandez.com\/blog\/wp-content\/uploads\/2014\/05\/viaje-fotografico-a-islandia-2014-6.jpg\" width=\"800\" height=\"435\" srcset=\"https:\/\/www.chavinandez.com\/blog\/wp-content\/uploads\/2014\/05\/viaje-fotografico-a-islandia-2014-6.jpg 800w, https:\/\/www.chavinandez.com\/blog\/wp-content\/uploads\/2014\/05\/viaje-fotografico-a-islandia-2014-6-200x108.jpg 200w, https:\/\/www.chavinandez.com\/blog\/wp-content\/uploads\/2014\/05\/viaje-fotografico-a-islandia-2014-6-480x261.jpg 480w, https:\/\/www.chavinandez.com\/blog\/wp-content\/uploads\/2014\/05\/viaje-fotografico-a-islandia-2014-6-700x380.jpg 700w, https:\/\/www.chavinandez.com\/blog\/wp-content\/uploads\/2014\/05\/viaje-fotografico-a-islandia-2014-6-332x180.jpg 332w\" sizes=\"auto, (max-width: 800px) 100vw, 800px\" \/><\/a><\/p>\n<p style=\"text-align: justify;\">Nuestro recorrido nos lleva hoy hacia Husavik y despu\u00e9s hacia el lago Myvatn, en donde su riqueza de avifauna no deja a nadie indiferente, pero antes de llegar a nuestro alojamiento ser\u00e1 Godafoss (la cascada de los dioses) la que nos dibuje la mejor de las instant\u00e1neas del atardecer, as\u00ed como la zona de\u00a0Namafjall, cuyos colores son virtud ejemplar de la fuerza de la naturaleza y su poder volc\u00e1nico. Por la noche el entorno del lago Myvatn entre reflejos y violetas de crep\u00fasculo ser\u00e1n nuestra \u00faltima mirada al para\u00edso verde de cr\u00e1teres inundados,\u00a0antes\u00a0de acostarnos.<\/p>\n<p style=\"text-align: justify;\"><a href=\"https:\/\/www.chavinandez.com\/blog\/wp-content\/uploads\/2014\/05\/viaje-fotografico-a-islandia-2014-7.jpg\"><img loading=\"lazy\" decoding=\"async\" class=\"alignnone size-full wp-image-5170\" alt=\"Iceland2012-Photolocus.net\" src=\"https:\/\/www.chavinandez.com\/blog\/wp-content\/uploads\/2014\/05\/viaje-fotografico-a-islandia-2014-7.jpg\" width=\"800\" height=\"530\" srcset=\"https:\/\/www.chavinandez.com\/blog\/wp-content\/uploads\/2014\/05\/viaje-fotografico-a-islandia-2014-7.jpg 800w, https:\/\/www.chavinandez.com\/blog\/wp-content\/uploads\/2014\/05\/viaje-fotografico-a-islandia-2014-7-200x132.jpg 200w, https:\/\/www.chavinandez.com\/blog\/wp-content\/uploads\/2014\/05\/viaje-fotografico-a-islandia-2014-7-452x300.jpg 452w, https:\/\/www.chavinandez.com\/blog\/wp-content\/uploads\/2014\/05\/viaje-fotografico-a-islandia-2014-7-700x463.jpg 700w, https:\/\/www.chavinandez.com\/blog\/wp-content\/uploads\/2014\/05\/viaje-fotografico-a-islandia-2014-7-332x219.jpg 332w\" sizes=\"auto, (max-width: 800px) 100vw, 800px\" \/><\/a><\/p>\n<p style=\"text-align: justify;\">Empieza nuestra bajada por la costa este del pa\u00eds, recorriendo transversalmente lagos m\u00edticos como Lagarfjl\u00f3t, del que en a\u00f1os anteriores han podido filmar alg\u00fan que otro ser extra\u00f1o por sus profundas aguas turbias. Atravesamos despu\u00e9s puertos de incre\u00edble belleza con un 32% de desnivel como el de Oxi,\u00a0para finalmente hacer noche en\u00a0Dj\u00fapivogur, entre fiordos llenos de magia y antes de nuestra incursi\u00f3n al d\u00eda siguiente en la zona de Vatnajokull.<\/p>\n<p style=\"text-align: justify;\"><a href=\"https:\/\/www.chavinandez.com\/blog\/wp-content\/uploads\/2014\/05\/viaje-fotografico-a-islandia-2014-8.jpg\"><img loading=\"lazy\" decoding=\"async\" class=\"alignnone size-full wp-image-5171\" alt=\"Iceland2012-Photolocus.net\" src=\"https:\/\/www.chavinandez.com\/blog\/wp-content\/uploads\/2014\/05\/viaje-fotografico-a-islandia-2014-8.jpg\" width=\"800\" height=\"530\" srcset=\"https:\/\/www.chavinandez.com\/blog\/wp-content\/uploads\/2014\/05\/viaje-fotografico-a-islandia-2014-8.jpg 800w, https:\/\/www.chavinandez.com\/blog\/wp-content\/uploads\/2014\/05\/viaje-fotografico-a-islandia-2014-8-200x132.jpg 200w, https:\/\/www.chavinandez.com\/blog\/wp-content\/uploads\/2014\/05\/viaje-fotografico-a-islandia-2014-8-452x300.jpg 452w, https:\/\/www.chavinandez.com\/blog\/wp-content\/uploads\/2014\/05\/viaje-fotografico-a-islandia-2014-8-700x463.jpg 700w, https:\/\/www.chavinandez.com\/blog\/wp-content\/uploads\/2014\/05\/viaje-fotografico-a-islandia-2014-8-332x219.jpg 332w\" sizes=\"auto, (max-width: 800px) 100vw, 800px\" \/><\/a><\/p>\n<p style=\"text-align: justify;\">En todas las ediciones, esta parte de viaje en la que cruzamos lugares como Skalafellsjokull, Hofn y terminamos en \u00a0Jokulsarlon se repiten un elenco de sensaciones, de momentos con mucha emoci\u00f3n, y es que observar lugares como los que nos concede el glaciar m\u00e1s sorprendente del pa\u00eds como es Vatnajokull no deja a nadie indiferente. La geolog\u00eda, erosi\u00f3n latente y magnitud de dimensiones de las lenguas del glaciar, el cual vemos desde arriba en Skalafellsjokull y desde abajo durante cientos de kil\u00f3metros en los d\u00edas siguientes. hasta llegar al mar, al oc\u00e9ano imperante que deshace con crueldad los enormes bloques de hielo que quedar\u00e1n varados en sus negras arenas volc\u00e1nicas.<\/p>\n<p style=\"text-align: justify;\"><a href=\"https:\/\/www.chavinandez.com\/blog\/wp-content\/uploads\/2014\/05\/viaje-fotografico-a-islandia-2014-9.jpg\"><img loading=\"lazy\" decoding=\"async\" class=\"alignnone size-full wp-image-5172\" alt=\"J\u00f6kulsarl\u00f3n glacial lagoon. Iceland\" src=\"https:\/\/www.chavinandez.com\/blog\/wp-content\/uploads\/2014\/05\/viaje-fotografico-a-islandia-2014-9.jpg\" width=\"800\" height=\"502\" srcset=\"https:\/\/www.chavinandez.com\/blog\/wp-content\/uploads\/2014\/05\/viaje-fotografico-a-islandia-2014-9.jpg 800w, https:\/\/www.chavinandez.com\/blog\/wp-content\/uploads\/2014\/05\/viaje-fotografico-a-islandia-2014-9-200x125.jpg 200w, https:\/\/www.chavinandez.com\/blog\/wp-content\/uploads\/2014\/05\/viaje-fotografico-a-islandia-2014-9-478x300.jpg 478w, https:\/\/www.chavinandez.com\/blog\/wp-content\/uploads\/2014\/05\/viaje-fotografico-a-islandia-2014-9-700x439.jpg 700w, https:\/\/www.chavinandez.com\/blog\/wp-content\/uploads\/2014\/05\/viaje-fotografico-a-islandia-2014-9-332x208.jpg 332w\" sizes=\"auto, (max-width: 800px) 100vw, 800px\" \/><\/a><\/p>\n<p style=\"text-align: justify;\">Toca ya camino al d\u00eda siguiente y recuperados de la emociones anteriores, de partir hacia Skaftafell para descubrir una de las m\u00edticas cascadas, de este Parque Nacional, es Svartifoss, llena de paredes de basalto para seguir direcci\u00f3n sur hasta nuestro siguiente campo base, Vik, entre acantilados, avifauna diversa y cruzando grandes extensiones de lava cubierta de musgo.<\/p>\n<p style=\"text-align: justify;\"><a href=\"https:\/\/www.chavinandez.com\/blog\/wp-content\/uploads\/2014\/05\/viaje-fotografico-a-islandia-2014-10.jpg\"><img loading=\"lazy\" decoding=\"async\" class=\"alignnone size-full wp-image-5173\" alt=\"Skaftafell National Park, Iceland\" src=\"https:\/\/www.chavinandez.com\/blog\/wp-content\/uploads\/2014\/05\/viaje-fotografico-a-islandia-2014-10.jpg\" width=\"800\" height=\"379\" srcset=\"https:\/\/www.chavinandez.com\/blog\/wp-content\/uploads\/2014\/05\/viaje-fotografico-a-islandia-2014-10.jpg 800w, https:\/\/www.chavinandez.com\/blog\/wp-content\/uploads\/2014\/05\/viaje-fotografico-a-islandia-2014-10-200x94.jpg 200w, https:\/\/www.chavinandez.com\/blog\/wp-content\/uploads\/2014\/05\/viaje-fotografico-a-islandia-2014-10-480x227.jpg 480w, https:\/\/www.chavinandez.com\/blog\/wp-content\/uploads\/2014\/05\/viaje-fotografico-a-islandia-2014-10-700x331.jpg 700w, https:\/\/www.chavinandez.com\/blog\/wp-content\/uploads\/2014\/05\/viaje-fotografico-a-islandia-2014-10-332x157.jpg 332w\" sizes=\"auto, (max-width: 800px) 100vw, 800px\" \/><\/a><\/p>\n<p style=\"text-align: justify;\">Ser\u00e1n varias cascadas cercanas objetivo de nuestras c\u00e1maras por la zona, sin gente y sin pausa, antes de descansar, para acercarnos al d\u00eda siguiente a otro de los grandes instantes de nuestra aventura fotogr\u00e1fica por Islandia,\u00a0Landmannalaugar. All\u00ed no solo la natura rebelde, caprichosa y llena de espectacularidad nos espera, tambi\u00e9n un ba\u00f1o en esta zona termal de las tierras altas nos volver\u00e1 a llenar de energ\u00eda antes de regresar rumbo a Selfoss, nuestra pr\u00f3xima noche.<\/p>\n<p style=\"text-align: justify;\"><a href=\"https:\/\/www.chavinandez.com\/blog\/wp-content\/uploads\/2014\/05\/viaje-fotografico-a-islandia-2014-11.jpg\"><img loading=\"lazy\" decoding=\"async\" class=\"alignnone size-full wp-image-5174\" alt=\"Landmannaleid. South Iceland\" src=\"https:\/\/www.chavinandez.com\/blog\/wp-content\/uploads\/2014\/05\/viaje-fotografico-a-islandia-2014-11.jpg\" width=\"800\" height=\"530\" srcset=\"https:\/\/www.chavinandez.com\/blog\/wp-content\/uploads\/2014\/05\/viaje-fotografico-a-islandia-2014-11.jpg 800w, https:\/\/www.chavinandez.com\/blog\/wp-content\/uploads\/2014\/05\/viaje-fotografico-a-islandia-2014-11-200x132.jpg 200w, https:\/\/www.chavinandez.com\/blog\/wp-content\/uploads\/2014\/05\/viaje-fotografico-a-islandia-2014-11-452x300.jpg 452w, https:\/\/www.chavinandez.com\/blog\/wp-content\/uploads\/2014\/05\/viaje-fotografico-a-islandia-2014-11-700x463.jpg 700w, https:\/\/www.chavinandez.com\/blog\/wp-content\/uploads\/2014\/05\/viaje-fotografico-a-islandia-2014-11-332x219.jpg 332w\" sizes=\"auto, (max-width: 800px) 100vw, 800px\" \/><\/a><\/p>\n<p style=\"text-align: justify;\">Desde aqu\u00ed, terminamos recorriendo alguna de las pocas zonas boscosas del pa\u00eds, ya cerca de nuestro \u00faltima noche, en donde pasaremos todos juntos la \u00faltima cena en la ciudad de Reikiavik, la ciudad joven y llena de vida que nos soliviantar\u00e1 del intenso recorrido que durante m\u00e1s de 2.000 km nos ha acompa\u00f1ado durante estos d\u00edas y llenado las retinas, pero tambi\u00e9n tarjetas de memoria de instantes \u00fanicos que nunca olvidaremos.<\/p>\n<p style=\"text-align: justify;\"><a href=\"https:\/\/www.chavinandez.com\/blog\/wp-content\/uploads\/2014\/05\/viaje-fotografico-a-islandia-2014-12.jpg\"><img loading=\"lazy\" decoding=\"async\" class=\"alignnone size-full wp-image-5175\" alt=\"viaje-fotografico-a-islandia-2014-12\" src=\"https:\/\/www.chavinandez.com\/blog\/wp-content\/uploads\/2014\/05\/viaje-fotografico-a-islandia-2014-12.jpg\" width=\"800\" height=\"351\" srcset=\"https:\/\/www.chavinandez.com\/blog\/wp-content\/uploads\/2014\/05\/viaje-fotografico-a-islandia-2014-12.jpg 800w, https:\/\/www.chavinandez.com\/blog\/wp-content\/uploads\/2014\/05\/viaje-fotografico-a-islandia-2014-12-200x87.jpg 200w, https:\/\/www.chavinandez.com\/blog\/wp-content\/uploads\/2014\/05\/viaje-fotografico-a-islandia-2014-12-480x210.jpg 480w, https:\/\/www.chavinandez.com\/blog\/wp-content\/uploads\/2014\/05\/viaje-fotografico-a-islandia-2014-12-700x307.jpg 700w, https:\/\/www.chavinandez.com\/blog\/wp-content\/uploads\/2014\/05\/viaje-fotografico-a-islandia-2014-12-332x145.jpg 332w\" sizes=\"auto, (max-width: 800px) 100vw, 800px\" \/><\/a><\/p>\n<p style=\"text-align: justify;\">Si quieres vivir la aventura de este verano con nosotros, a\u00fan estas a tiempo, <a href=\"http:\/\/www.photolocus.net\/shop\/viajes-fotograficos\/145-islandia-gran-ruta-fotografica-.html\" target=\"_blank\">tienes dos ediciones, la primera en <strong>Julio del 14 al 25<\/strong> y la segunda del <strong>4 al 15 de agosto<\/strong><\/a>. No sue\u00f1es con ello, Islandia es mucho m\u00e1s alcanzable ahora que a\u00f1os atr\u00e1s&#8230;a pesar de que los precios suben y suben&#8230;nosotros ya somos perro viejo. \u00a0Las claves..?, la experiencia nos las han dado..con el tiempo..entre ellas elegir la mejor y m\u00e1s fiable compa\u00f1\u00eda de alquiler de veh\u00edculos, la \u00fanica agencia de viajes local, y por supuesto espa\u00f1ola autorizada por el consejo de Turismo de Islandia&#8230;y entender y demostrar que para descubrir Islandia, el viaje o paquete tur\u00edstico no tiene nada que ver&#8230;.con el fotogr\u00e1fico&#8230;ambos no son compatibles&#8230; Si te gusta la naturaleza y la fotograf\u00eda, has de sufrir un poco&#8230;.y esta es buena ocasi\u00f3n, v\u00edvelo, y te sorprender\u00e1&#8230;.aunque te aseguro, dormir\u00e1s poco durante esos d\u00edas&#8230;!!!! unas seis horas&#8230;aunque el cuerpo a todo se acostumbra cuando su esp\u00edritu irradia paz.<\/p>\n<p style=\"text-align: justify;\">Te esperamos&#8230;!!!<\/p>\n<p style=\"text-align: justify;\">M\u00e1s info: chavinandez@gmail.com<br \/>\nArchivo ediciones anteriores: <a href=\"http:\/\/chavinandez.photoshelter.com\/gallery\/Iceland\/G0000_LBclx1LDJk\/C0000Dq6.xhDzIB8\" target=\"_blank\">Ver archivo<br \/>\n<\/a>Pagina del <a href=\"https:\/\/www.facebook.com\/events\/576471279126462\/\" target=\"_blank\">evento en Facebook<\/a><br \/>\nOtras entradas con informaci\u00f3n sobre <a href=\"https:\/\/www.chavinandez.com\/blog\/\/?s=islandia\">Islandia en el blog<\/a>. (unas 30&#8230;.+-)<\/p>\n<p>&nbsp;<\/p>\n<p>&nbsp;<\/p>\n","protected":false},"excerpt":{"rendered":"<p>Por alguna raz\u00f3n que desconozco, pero intuyo, cada a\u00f1o cuando regreso de vivir junto al peque\u00f1o grupo de aventureros que deciden realizar el viaje fotogr\u00e1fico a Islandia durante el verano, llego molido, son muchos kil\u00f3metros y decenas de localizaciones en las que vivir algo \u00fanico&#8230;.que cada noche&#8230;parece que no llegue &#8230;<\/p>\n","protected":false},"author":1,"featured_media":5166,"comment_status":"open","ping_status":"open","sticky":false,"template":"","format":"standard","meta":{"footnotes":""},"categories":[159,7,1,356,23,223,37,11],"tags":[48,917,1822,184,104,2115,38,191,72,1827,153,112,60,265,407,59,1282,1826,1824,1184,1818,1416,1820,1819,1821,1786,641,1817,1823,1825],"class_list":["post-5156","post","type-post","status-publish","format-standard","has-post-thumbnail","hentry","category-destinos","category-experiencias","category-general","category-novedades","category-promocion","category-reportajes","category-talleres","category-httpwwwlabatiruralcomwordpress","tag-aprendiendo-fotografia","tag-boreal-travel","tag-chavinandez-viajes","tag-cursos-de-fotografia","tag-cursos-fotografia","tag-destinos","tag-escapadas","tag-escapadas-de-fotografia","tag-fotografia-de-naturaleza","tag-fotografia-de-naturaleza-islandia","tag-fotografia-de-paisaje","tag-fotografia-de-paisajes","tag-fotografia-de-viajes","tag-islandia","tag-photolocus","tag-talleres-de-fotografia","tag-viajar-islandia","tag-viaje-boreal-travel-islandia","tag-viaje-chavinandez-islandia","tag-viaje-fotografico-a-islandia","tag-viaje-fotografico-a-islandia-en-2014","tag-viaje-fotografico-islandia","tag-viaje-fotografico-islandia-agosto","tag-viaje-fotografico-islandia-julio","tag-viaje-fotografico-islandia-verano","tag-viaje-islandia-2014","tag-viajes-fotograficos","tag-viajes-islandia-2014","tag-viajes-islandia-chavinandez","tag-viajes-photolocus-islandia","column","threecol","has-thumbnail"],"_links":{"self":[{"href":"https:\/\/www.chavinandez.com\/blog\/wp-json\/wp\/v2\/posts\/5156","targetHints":{"allow":["GET"]}}],"collection":[{"href":"https:\/\/www.chavinandez.com\/blog\/wp-json\/wp\/v2\/posts"}],"about":[{"href":"https:\/\/www.chavinandez.com\/blog\/wp-json\/wp\/v2\/types\/post"}],"author":[{"embeddable":true,"href":"https:\/\/www.chavinandez.com\/blog\/wp-json\/wp\/v2\/users\/1"}],"replies":[{"embeddable":true,"href":"https:\/\/www.chavinandez.com\/blog\/wp-json\/wp\/v2\/comments?post=5156"}],"version-history":[{"count":13,"href":"https:\/\/www.chavinandez.com\/blog\/wp-json\/wp\/v2\/posts\/5156\/revisions"}],"predecessor-version":[{"id":5183,"href":"https:\/\/www.chavinandez.com\/blog\/wp-json\/wp\/v2\/posts\/5156\/revisions\/5183"}],"wp:featuredmedia":[{"embeddable":true,"href":"https:\/\/www.chavinandez.com\/blog\/wp-json\/wp\/v2\/media\/5166"}],"wp:attachment":[{"href":"https:\/\/www.chavinandez.com\/blog\/wp-json\/wp\/v2\/media?parent=5156"}],"wp:term":[{"taxonomy":"category","embeddable":true,"href":"https:\/\/www.chavinandez.com\/blog\/wp-json\/wp\/v2\/categories?post=5156"},{"taxonomy":"post_tag","embeddable":true,"href":"https:\/\/www.chavinandez.com\/blog\/wp-json\/wp\/v2\/tags?post=5156"}],"curies":[{"name":"wp","href":"https:\/\/api.w.org\/{rel}","templated":true}]}}