{"id":5141,"date":"2014-04-22T11:10:02","date_gmt":"2014-04-22T10:10:02","guid":{"rendered":"http:\/\/www.chavinandez.com\/blog\/?p=5141"},"modified":"2014-04-22T11:10:02","modified_gmt":"2014-04-22T10:10:02","slug":"comarca-del-matarrana-ese-paraiso-escondido","status":"publish","type":"post","link":"https:\/\/www.chavinandez.com\/blog\/comarca-del-matarrana-ese-paraiso-escondido\/","title":{"rendered":"Comarca del Matarra\u00f1a, ese para\u00edso escondido"},"content":{"rendered":"<p style=\"text-align: justify;\"><a href=\"https:\/\/www.chavinandez.com\/blog\/wp-content\/uploads\/2014\/04\/Matarranya2014Photolocus-3.jpg\"><img loading=\"lazy\" decoding=\"async\" class=\"alignnone size-full wp-image-5142\" alt=\"La Fresneda. Matarra\u00f1a, Teruel, Aragon. Spain\" src=\"https:\/\/www.chavinandez.com\/blog\/wp-content\/uploads\/2014\/04\/Matarranya2014Photolocus-3.jpg\" width=\"700\" height=\"464\" srcset=\"https:\/\/www.chavinandez.com\/blog\/wp-content\/uploads\/2014\/04\/Matarranya2014Photolocus-3.jpg 700w, https:\/\/www.chavinandez.com\/blog\/wp-content\/uploads\/2014\/04\/Matarranya2014Photolocus-3-200x132.jpg 200w, https:\/\/www.chavinandez.com\/blog\/wp-content\/uploads\/2014\/04\/Matarranya2014Photolocus-3-452x300.jpg 452w, https:\/\/www.chavinandez.com\/blog\/wp-content\/uploads\/2014\/04\/Matarranya2014Photolocus-3-332x220.jpg 332w\" sizes=\"auto, (max-width: 700px) 100vw, 700px\" \/><\/a><\/p>\n<p style=\"text-align: justify;\">A\u00f1o tras a\u00f1o en primavera volvemos a una de las comarcas aragonesas que m\u00e1s me sorprende y en la que siempre nos encontramos muy a gusto cada vez que la visitamos. Aunque son cientos o millares de rincones los id\u00f3neos para la pr\u00e1ctica fotogr\u00e1fica de paisaje, &#8220;la Toscana espa\u00f1ola&#8221; adem\u00e1s el Matarra\u00f1a guarda en su historia, mitos y leyendas una magia sublime que incita a todo amante de la natura y la etnograf\u00eda a observar con detenimiento cada uno de estos lugares. Una de las pr\u00e1cticas que m\u00e1s \u00e9xito tiene a\u00f1o tras a\u00f1o es la fotograf\u00eda nocturna del conjunto arquitect\u00f3nico de Valderrobres, escenario este mismo a\u00f1o de la campa\u00f1a de Ferrero Roch\u00e9 para Navidad, y es que pasear por sus calles, es sin duda una experiencia llena de paz en una \u00e9poca ya muy ben\u00e9vola de temperaturas y que adem\u00e1s permite al grupo a disfrutar con calma de esos bellos rincones medievales que posee este conjunto hist\u00f3rico de gran valor patrimonial.<\/p>\n<p style=\"text-align: justify;\"><a href=\"https:\/\/www.chavinandez.com\/blog\/wp-content\/uploads\/2014\/04\/Matarranya2014Photolocus-2.jpg\"><img loading=\"lazy\" decoding=\"async\" class=\"alignnone size-full wp-image-5143\" alt=\"Valderrobres. Matara\u00f1a, Teruel. Arag\u00f3n, Spain\" src=\"https:\/\/www.chavinandez.com\/blog\/wp-content\/uploads\/2014\/04\/Matarranya2014Photolocus-2.jpg\" width=\"700\" height=\"464\" srcset=\"https:\/\/www.chavinandez.com\/blog\/wp-content\/uploads\/2014\/04\/Matarranya2014Photolocus-2.jpg 700w, https:\/\/www.chavinandez.com\/blog\/wp-content\/uploads\/2014\/04\/Matarranya2014Photolocus-2-200x132.jpg 200w, https:\/\/www.chavinandez.com\/blog\/wp-content\/uploads\/2014\/04\/Matarranya2014Photolocus-2-452x300.jpg 452w, https:\/\/www.chavinandez.com\/blog\/wp-content\/uploads\/2014\/04\/Matarranya2014Photolocus-2-332x220.jpg 332w\" sizes=\"auto, (max-width: 700px) 100vw, 700px\" \/><\/a><\/p>\n<p style=\"text-align: justify;\">Nuestro recorrido del fin de semana no se para ah\u00ed, localidades como Calaceite, R\u00e1fales, La Fresneda o la Portellada, tambi\u00e9n nos abren un sinf\u00edn de posibilidades fotogr\u00e1ficas, entre arcos, soportales, fachadas encaladas, aldabas llenas de historia, pero tambi\u00e9n su entorno, m\u00e1gico durante esta \u00e9poca de cereal, de olivares, bosquetes de inigualable belleza y macizos de roca viva como el de los puertos de Beceite, que hacen de este Taller de fotograf\u00eda anual, una excusa perfecta para descubrir un poco m\u00e1s esta comarca llena de vida en primavera.<\/p>\n<p style=\"text-align: justify;\"><a href=\"https:\/\/www.chavinandez.com\/blog\/wp-content\/uploads\/2014\/04\/Matarranya2014Photolocus-7.jpg\"><img loading=\"lazy\" decoding=\"async\" class=\"alignnone size-full wp-image-5144\" alt=\"Olive tree fields in La Portellada. Matarra\u00f1a, Teruel. Aragon. Spain\" src=\"https:\/\/www.chavinandez.com\/blog\/wp-content\/uploads\/2014\/04\/Matarranya2014Photolocus-7.jpg\" width=\"700\" height=\"464\" srcset=\"https:\/\/www.chavinandez.com\/blog\/wp-content\/uploads\/2014\/04\/Matarranya2014Photolocus-7.jpg 700w, https:\/\/www.chavinandez.com\/blog\/wp-content\/uploads\/2014\/04\/Matarranya2014Photolocus-7-200x132.jpg 200w, https:\/\/www.chavinandez.com\/blog\/wp-content\/uploads\/2014\/04\/Matarranya2014Photolocus-7-452x300.jpg 452w, https:\/\/www.chavinandez.com\/blog\/wp-content\/uploads\/2014\/04\/Matarranya2014Photolocus-7-332x220.jpg 332w\" sizes=\"auto, (max-width: 700px) 100vw, 700px\" \/><\/a><\/p>\n<p style=\"text-align: justify;\">Si te apetece venirte del 10 y 11 de Mayo tienes oportunidad, a trav\u00e9s de <a href=\"http:\/\/www.photolocus.net\/shop\/talleres-de-fin-de-semana\/121-taller-fotografia-en-matarranya.html\" target=\"_blank\">Photolocus.net<\/a> para vivir en primera persona acompa\u00f1ado de ocho asistentes m\u00e1s, una aventura fotogr\u00e1fica que siempre nos deja muy buen sabor de boca. \u00daltimas plazas&#8230;.!!!!<\/p>\n","protected":false},"excerpt":{"rendered":"<p>A\u00f1o tras a\u00f1o en primavera volvemos a una de las comarcas aragonesas que m\u00e1s me sorprende y en la que siempre nos encontramos muy a gusto cada vez que la visitamos. Aunque son cientos o millares de rincones los id\u00f3neos para la pr\u00e1ctica fotogr\u00e1fica de paisaje, &#8220;la Toscana espa\u00f1ola&#8221; adem\u00e1s &#8230;<\/p>\n","protected":false},"author":1,"featured_media":5143,"comment_status":"open","ping_status":"open","sticky":false,"template":"","format":"standard","meta":{"footnotes":""},"categories":[159,7,356,23,37,11],"tags":[192,48,229,65,1382,1815,1814,184,104,1813,760,1816,191,279,72,153,112,60,353,1160,1812,208,59],"class_list":["post-5141","post","type-post","status-publish","format-standard","has-post-thumbnail","hentry","category-destinos","category-experiencias","category-novedades","category-promocion","category-talleres","category-httpwwwlabatiruralcomwordpress","tag-aprender-fotografia","tag-aprendiendo-fotografia","tag-aragon","tag-composicion-fotografica","tag-curso-fotografia-aragon","tag-curso-fotografia-matarrana","tag-curso-fotografia-teruel","tag-cursos-de-fotografia","tag-cursos-fotografia","tag-cursos-fotografia-matarrana","tag-cursos-fotografia-primavera","tag-cursos-photolocus-mayo","tag-escapadas-de-fotografia","tag-fotografia-de-bosques","tag-fotografia-de-naturaleza","tag-fotografia-de-paisaje","tag-fotografia-de-paisajes","tag-fotografia-de-viajes","tag-intensivos-de-fotografia","tag-matarrana","tag-matarranya","tag-spain-photography","tag-talleres-de-fotografia","column","threecol","has-thumbnail"],"_links":{"self":[{"href":"https:\/\/www.chavinandez.com\/blog\/wp-json\/wp\/v2\/posts\/5141","targetHints":{"allow":["GET"]}}],"collection":[{"href":"https:\/\/www.chavinandez.com\/blog\/wp-json\/wp\/v2\/posts"}],"about":[{"href":"https:\/\/www.chavinandez.com\/blog\/wp-json\/wp\/v2\/types\/post"}],"author":[{"embeddable":true,"href":"https:\/\/www.chavinandez.com\/blog\/wp-json\/wp\/v2\/users\/1"}],"replies":[{"embeddable":true,"href":"https:\/\/www.chavinandez.com\/blog\/wp-json\/wp\/v2\/comments?post=5141"}],"version-history":[{"count":1,"href":"https:\/\/www.chavinandez.com\/blog\/wp-json\/wp\/v2\/posts\/5141\/revisions"}],"predecessor-version":[{"id":5145,"href":"https:\/\/www.chavinandez.com\/blog\/wp-json\/wp\/v2\/posts\/5141\/revisions\/5145"}],"wp:featuredmedia":[{"embeddable":true,"href":"https:\/\/www.chavinandez.com\/blog\/wp-json\/wp\/v2\/media\/5143"}],"wp:attachment":[{"href":"https:\/\/www.chavinandez.com\/blog\/wp-json\/wp\/v2\/media?parent=5141"}],"wp:term":[{"taxonomy":"category","embeddable":true,"href":"https:\/\/www.chavinandez.com\/blog\/wp-json\/wp\/v2\/categories?post=5141"},{"taxonomy":"post_tag","embeddable":true,"href":"https:\/\/www.chavinandez.com\/blog\/wp-json\/wp\/v2\/tags?post=5141"}],"curies":[{"name":"wp","href":"https:\/\/api.w.org\/{rel}","templated":true}]}}