{"id":5071,"date":"2014-02-11T12:55:53","date_gmt":"2014-02-11T11:55:53","guid":{"rendered":"http:\/\/www.chavinandez.com\/blog\/?p=5071"},"modified":"2014-02-11T13:02:21","modified_gmt":"2014-02-11T12:02:21","slug":"ceguera-y-fotografia-dos-palabras-dificiles-de-asociar","status":"publish","type":"post","link":"https:\/\/www.chavinandez.com\/blog\/ceguera-y-fotografia-dos-palabras-dificiles-de-asociar\/","title":{"rendered":"Ceguera y fotograf\u00eda, dos palabras dif\u00edciles de asociar"},"content":{"rendered":"<figure id=\"attachment_5072\" aria-describedby=\"caption-attachment-5072\" style=\"width: 660px\" class=\"wp-caption alignnone\"><a href=\"https:\/\/www.chavinandez.com\/blog\/wp-content\/uploads\/2014\/02\/Donlyn-Alice-Rumba.jpg\"><img loading=\"lazy\" decoding=\"async\" class=\" wp-image-5072\" alt=\"Donlyn Alice Rumba\" src=\"https:\/\/www.chavinandez.com\/blog\/wp-content\/uploads\/2014\/02\/Donlyn-Alice-Rumba-1024x682.jpg\" width=\"660\" height=\"439\" srcset=\"https:\/\/www.chavinandez.com\/blog\/wp-content\/uploads\/2014\/02\/Donlyn-Alice-Rumba-1024x682.jpg 1024w, https:\/\/www.chavinandez.com\/blog\/wp-content\/uploads\/2014\/02\/Donlyn-Alice-Rumba-200x133.jpg 200w, https:\/\/www.chavinandez.com\/blog\/wp-content\/uploads\/2014\/02\/Donlyn-Alice-Rumba-450x300.jpg 450w, https:\/\/www.chavinandez.com\/blog\/wp-content\/uploads\/2014\/02\/Donlyn-Alice-Rumba-700x466.jpg 700w, https:\/\/www.chavinandez.com\/blog\/wp-content\/uploads\/2014\/02\/Donlyn-Alice-Rumba-332x221.jpg 332w, https:\/\/www.chavinandez.com\/blog\/wp-content\/uploads\/2014\/02\/Donlyn-Alice-Rumba.jpg 1200w\" sizes=\"auto, (max-width: 660px) 100vw, 660px\" \/><\/a><figcaption id=\"caption-attachment-5072\" class=\"wp-caption-text\">Alice Wingwall y su marido durante una de las sesiones de fotograf\u00eda con \u00c1ngela Farias<\/figcaption><\/figure>\n<p style=\"text-align: justify;\">Ha sido a trav\u00e9s de una buena amiga, <a href=\"https:\/\/www.facebook.com\/pages\/Angela-Farias\/210718922272510?ref=hl\" target=\"_blank\">\u00c1ngela Farias<\/a>, y de su invitaci\u00f3n a colaborar con un proyecto en el que ella llevaba desde 2007 trabajando acerca de la ceguera y la fotograf\u00eda, en donde he tenido la oportunidad de conocer y entender como trabajan algunos fot\u00f3grafos invidentes o ciegos y como usan esa capacidad extraordinaria de comunicaci\u00f3n a pesar de la falta del sentido de la vista, como instrumento para evitar la exclusi\u00f3n visual, a la que est\u00e1n sometidos, junto con la exclusi\u00f3n social.<\/p>\n<p style=\"text-align: justify;\">Aquellos que somos fot\u00f3grafos nos podemos preguntar c\u00f3mo es posible que un invidente pueda realizar fotograf\u00edas, \u00bfc\u00f3mo las visualiza?, \u00bfc\u00f3mo encuadra?, \u00bfc\u00f3mo enfoca?. Para conocer algo de ese entresijo de interrogantes, \u00c1ngela Farias ha realizado con un magistral proyecto documental, que pronto ver\u00e1 la luz en formato de libro, en donde narra su experiencia como fot\u00f3grafa realizando sesiones con 24 fot\u00f3grafos de diferentes pa\u00edses de los cuales ocho de ellos eran invidentes. El t\u00edtulo es;\u00a0 &#8220;<strong><a href=\"http:\/\/www.verkami.com\/locale\/es\/projects\/7854-prestame-tus-ojos\" target=\"_blank\">Pr\u00e9stame tus ojos<\/a><\/strong>&#8221; y\u00a0 a trav\u00e9s de Verkami (micro-mecenazgo), pide apoyo para difundir su reveladora historia en formato impreso.<\/p>\n<figure id=\"attachment_5073\" aria-describedby=\"caption-attachment-5073\" style=\"width: 1200px\" class=\"wp-caption alignnone\"><a href=\"https:\/\/www.chavinandez.com\/blog\/wp-content\/uploads\/2014\/02\/manuel-3-prestame-tus-ojos-1200-72-copia.jpg\"><img loading=\"lazy\" decoding=\"async\" class=\" wp-image-5073 \" alt=\"manuel 3 prestame tus ojos 1200 72 copia\" src=\"https:\/\/www.chavinandez.com\/blog\/wp-content\/uploads\/2014\/02\/manuel-3-prestame-tus-ojos-1200-72-copia.jpg\" width=\"1200\" height=\"870\" srcset=\"https:\/\/www.chavinandez.com\/blog\/wp-content\/uploads\/2014\/02\/manuel-3-prestame-tus-ojos-1200-72-copia.jpg 1200w, https:\/\/www.chavinandez.com\/blog\/wp-content\/uploads\/2014\/02\/manuel-3-prestame-tus-ojos-1200-72-copia-200x145.jpg 200w, https:\/\/www.chavinandez.com\/blog\/wp-content\/uploads\/2014\/02\/manuel-3-prestame-tus-ojos-1200-72-copia-413x300.jpg 413w, https:\/\/www.chavinandez.com\/blog\/wp-content\/uploads\/2014\/02\/manuel-3-prestame-tus-ojos-1200-72-copia-1024x742.jpg 1024w, https:\/\/www.chavinandez.com\/blog\/wp-content\/uploads\/2014\/02\/manuel-3-prestame-tus-ojos-1200-72-copia-700x507.jpg 700w, https:\/\/www.chavinandez.com\/blog\/wp-content\/uploads\/2014\/02\/manuel-3-prestame-tus-ojos-1200-72-copia-332x240.jpg 332w\" sizes=\"auto, (max-width: 1200px) 100vw, 1200px\" \/><\/a><figcaption id=\"caption-attachment-5073\" class=\"wp-caption-text\">Portada del proyecto &#8220;Pr\u00e9stame tus ojos&#8221; Fotograf\u00eda: Manuel de los Galanes<\/figcaption><\/figure>\n<p style=\"text-align: justify;\">Para mi, no s\u00f3lo ha sido un honor el poder haber colaborado con ella en su proyecto, sino una experiencia que me ha ense\u00f1ado que en ocasiones los fot\u00f3grafos nos convertimos en esclavos del visor, como explica Alice Wingwall en una de sus entrevistas con \u00c1ngela, y que provoca una ceguera mayor de la pueda tener un invidente.<\/p>\n<p style=\"text-align: justify;\">Invito a todos a que pod\u00e1is descubrir algo m\u00e1s de ese maravilloso proyecto, revelador de la ceguera y la fotograf\u00eda y os pod\u00e1is convertir en mecenas con una peque\u00f1a aportaci\u00f3n (desde 10\u20ac) para que el libro de \u00c1ngela Farias, pueda ver la luz, y con \u00e9l, ayudar a divulgar y difundir su mensaje y desterrar muchos de los prejuicios que dominan nuestra sociedad de los videntes.<\/p>\n<p style=\"text-align: justify;\">Para aportar al proyecto que termina en poco m\u00e1s de 30 d\u00edas, \u00e9sta es la web del proyecto,\u00a0&#8220;<strong><a href=\"http:\/\/www.verkami.com\/locale\/es\/projects\/7854-prestame-tus-ojos\" target=\"_blank\">Pr\u00e9stame tus ojos<\/a><\/strong>&#8221; en Verkami. An\u00edmate y descubre como en la fotograf\u00eda no hay reglas ni visores que valgan. Si quieres\u00a0 ver el v\u00eddeo de la campa\u00f1a en Verkami en 50 segundos puedes hacer click <a href=\"https:\/\/vimeo.com\/86344207\" target=\"_blank\">aqu\u00ed.<\/a><\/p>\n<p style=\"text-align: justify;\">\u00a1\u00a1\u00a1\u00a1\u00a1\u00a1\u00a1 \u00c1nimo..y apoya a \u00c1ngela Farias&#8230;y su proyecto&#8230;.!!!!!!<\/p>\n","protected":false},"excerpt":{"rendered":"<p>Ha sido a trav\u00e9s de una buena amiga, \u00c1ngela Farias, y de su invitaci\u00f3n a colaborar con un proyecto en el que ella llevaba desde 2007 trabajando acerca de la ceguera y la fotograf\u00eda, en donde he tenido la oportunidad de conocer y entender como trabajan algunos fot\u00f3grafos invidentes o &#8230;<\/p>\n","protected":false},"author":1,"featured_media":5072,"comment_status":"open","ping_status":"open","sticky":false,"template":"","format":"standard","meta":{"footnotes":""},"categories":[53,7,36,46,356,23,223,3,5],"tags":[1782,1784,2109,2112,852,1785,1783],"class_list":["post-5071","post","type-post","status-publish","format-standard","has-post-thumbnail","hentry","category-documental","category-experiencias","category-fotografia","category-libros","category-novedades","category-promocion","category-reportajes","category-videos","category-web-20","tag-angela-farias","tag-ceguera","tag-fotografia","tag-libros","tag-libros-fotografia","tag-prestame-tus-ojos","tag-verkami","column","threecol","has-thumbnail"],"_links":{"self":[{"href":"https:\/\/www.chavinandez.com\/blog\/wp-json\/wp\/v2\/posts\/5071","targetHints":{"allow":["GET"]}}],"collection":[{"href":"https:\/\/www.chavinandez.com\/blog\/wp-json\/wp\/v2\/posts"}],"about":[{"href":"https:\/\/www.chavinandez.com\/blog\/wp-json\/wp\/v2\/types\/post"}],"author":[{"embeddable":true,"href":"https:\/\/www.chavinandez.com\/blog\/wp-json\/wp\/v2\/users\/1"}],"replies":[{"embeddable":true,"href":"https:\/\/www.chavinandez.com\/blog\/wp-json\/wp\/v2\/comments?post=5071"}],"version-history":[{"count":3,"href":"https:\/\/www.chavinandez.com\/blog\/wp-json\/wp\/v2\/posts\/5071\/revisions"}],"predecessor-version":[{"id":5076,"href":"https:\/\/www.chavinandez.com\/blog\/wp-json\/wp\/v2\/posts\/5071\/revisions\/5076"}],"wp:featuredmedia":[{"embeddable":true,"href":"https:\/\/www.chavinandez.com\/blog\/wp-json\/wp\/v2\/media\/5072"}],"wp:attachment":[{"href":"https:\/\/www.chavinandez.com\/blog\/wp-json\/wp\/v2\/media?parent=5071"}],"wp:term":[{"taxonomy":"category","embeddable":true,"href":"https:\/\/www.chavinandez.com\/blog\/wp-json\/wp\/v2\/categories?post=5071"},{"taxonomy":"post_tag","embeddable":true,"href":"https:\/\/www.chavinandez.com\/blog\/wp-json\/wp\/v2\/tags?post=5071"}],"curies":[{"name":"wp","href":"https:\/\/api.w.org\/{rel}","templated":true}]}}