{"id":5010,"date":"2013-12-19T23:38:39","date_gmt":"2013-12-19T22:38:39","guid":{"rendered":"http:\/\/www.chavinandez.com\/blog\/?p=5010"},"modified":"2013-12-19T23:55:44","modified_gmt":"2013-12-19T22:55:44","slug":"aragon-paisajes-de-vino","status":"publish","type":"post","link":"https:\/\/www.chavinandez.com\/blog\/aragon-paisajes-de-vino\/","title":{"rendered":"Arag\u00f3n, paisajes de vino"},"content":{"rendered":"<p style=\"text-align: center;\"><a href=\"https:\/\/www.chavinandez.com\/blog\/wp-content\/uploads\/2013\/12\/portada.jpg\"><img loading=\"lazy\" decoding=\"async\" class=\"size-full wp-image-5011 aligncenter\" alt=\"portada\" src=\"https:\/\/www.chavinandez.com\/blog\/wp-content\/uploads\/2013\/12\/portada.jpg\" width=\"399\" height=\"488\" srcset=\"https:\/\/www.chavinandez.com\/blog\/wp-content\/uploads\/2013\/12\/portada.jpg 399w, https:\/\/www.chavinandez.com\/blog\/wp-content\/uploads\/2013\/12\/portada-122x150.jpg 122w, https:\/\/www.chavinandez.com\/blog\/wp-content\/uploads\/2013\/12\/portada-245x300.jpg 245w, https:\/\/www.chavinandez.com\/blog\/wp-content\/uploads\/2013\/12\/portada-332x406.jpg 332w\" sizes=\"auto, (max-width: 399px) 100vw, 399px\" \/><\/a><\/p>\n<p style=\"text-align: justify;\">Repartidas entre las cuatro estaciones, la primavera, el verano, oto\u00f1o e invierno, quer\u00eda aunar en este proyecto en formato de publicaci\u00f3n impresa y eBook, algunos instantes del paisaje que he tenido el privilegio de presenciar entre los vi\u00f1edos de Arag\u00f3n. Paisajes que recorro en multitud de ocasiones en busca de nuevos rincones, localizaciones y atardeceres con luces diferentes que visten de color extensiones de vi\u00f1as en el horizonte.<\/p>\n<p style=\"text-align: justify;\"><a href=\"https:\/\/www.chavinandez.com\/blog\/wp-content\/uploads\/2013\/12\/pagina3.jpg\"><img loading=\"lazy\" decoding=\"async\" class=\"alignnone size-full wp-image-5014\" alt=\"pagina3\" src=\"https:\/\/www.chavinandez.com\/blog\/wp-content\/uploads\/2013\/12\/pagina3.jpg\" width=\"749\" height=\"473\" srcset=\"https:\/\/www.chavinandez.com\/blog\/wp-content\/uploads\/2013\/12\/pagina3.jpg 749w, https:\/\/www.chavinandez.com\/blog\/wp-content\/uploads\/2013\/12\/pagina3-200x126.jpg 200w, https:\/\/www.chavinandez.com\/blog\/wp-content\/uploads\/2013\/12\/pagina3-475x300.jpg 475w, https:\/\/www.chavinandez.com\/blog\/wp-content\/uploads\/2013\/12\/pagina3-700x442.jpg 700w, https:\/\/www.chavinandez.com\/blog\/wp-content\/uploads\/2013\/12\/pagina3-332x209.jpg 332w\" sizes=\"auto, (max-width: 749px) 100vw, 749px\" \/><\/a><\/p>\n<p style=\"text-align: justify;\">La agricultura siempre ha sido objetivo de mi c\u00e1mara y a pesar de tener un amplio archivo de bodegas, barricas, \u00fatiles y conceptos relacionados con su producci\u00f3n y embotellado o distribuci\u00f3n, ten\u00eda pendiente dedicar de manera monogr\u00e1fica una puesta en valor del territorio, su entorno y en especial del ciclo de desarrollo del vi\u00f1edo, para poder fusionar paisaje, naturaleza y agricultura con un trasfondo menos conceptual y m\u00e1s compositivo. El resultado es 110 p\u00e1ginas a todo color con panor\u00e1micas, macros, texturas, escarchas sobre vi\u00f1as viejas y paisajes tambi\u00e9n a doble p\u00e1gina (40cm).<\/p>\n<p style=\"text-align: justify;\"><a href=\"https:\/\/www.chavinandez.com\/blog\/wp-content\/uploads\/2013\/12\/pagina1.jpg\"><img loading=\"lazy\" decoding=\"async\" class=\"alignnone size-full wp-image-5012\" alt=\"pagina1\" src=\"https:\/\/www.chavinandez.com\/blog\/wp-content\/uploads\/2013\/12\/pagina1.jpg\" width=\"750\" height=\"474\" srcset=\"https:\/\/www.chavinandez.com\/blog\/wp-content\/uploads\/2013\/12\/pagina1.jpg 750w, https:\/\/www.chavinandez.com\/blog\/wp-content\/uploads\/2013\/12\/pagina1-200x126.jpg 200w, https:\/\/www.chavinandez.com\/blog\/wp-content\/uploads\/2013\/12\/pagina1-474x300.jpg 474w, https:\/\/www.chavinandez.com\/blog\/wp-content\/uploads\/2013\/12\/pagina1-700x442.jpg 700w, https:\/\/www.chavinandez.com\/blog\/wp-content\/uploads\/2013\/12\/pagina1-332x209.jpg 332w\" sizes=\"auto, (max-width: 750px) 100vw, 750px\" \/><\/a><\/p>\n<p style=\"text-align: justify;\">Muchas de esas im\u00e1genes que contiene el libro son documentales, otras creativas o art\u00edsticas, pero principalmente dedicadas a esa tradici\u00f3n ancestral del vino y por tanto a su cultivo, a la agricultura que se realiza desde hace tiempo en cuatro de las denominaciones que hoy est\u00e1n en boca de muchos, Cari\u00f1ena, Somontano, Campo de Borja y Calatayud.<\/p>\n<p style=\"text-align: justify;\"><a href=\"https:\/\/www.chavinandez.com\/blog\/wp-content\/uploads\/2013\/12\/pagina4.jpg\"><img loading=\"lazy\" decoding=\"async\" class=\"alignnone size-full wp-image-5013\" alt=\"pagina4\" src=\"https:\/\/www.chavinandez.com\/blog\/wp-content\/uploads\/2013\/12\/pagina4.jpg\" width=\"748\" height=\"472\" srcset=\"https:\/\/www.chavinandez.com\/blog\/wp-content\/uploads\/2013\/12\/pagina4.jpg 748w, https:\/\/www.chavinandez.com\/blog\/wp-content\/uploads\/2013\/12\/pagina4-200x126.jpg 200w, https:\/\/www.chavinandez.com\/blog\/wp-content\/uploads\/2013\/12\/pagina4-475x300.jpg 475w, https:\/\/www.chavinandez.com\/blog\/wp-content\/uploads\/2013\/12\/pagina4-700x441.jpg 700w, https:\/\/www.chavinandez.com\/blog\/wp-content\/uploads\/2013\/12\/pagina4-332x209.jpg 332w\" sizes=\"auto, (max-width: 748px) 100vw, 748px\" \/><\/a> Aportando como curioso observador, una visi\u00f3n m\u00e1s de esos paisajes de vino de Arag\u00f3n, espero y deseo que dichas im\u00e1genes sean dignas de acercar a los amantes del vino y del paisaje a los rincones de nuestro territorio en busca no s\u00f3lo de panor\u00e1micas y localizaciones singulares sino a ser tentados de probar los caldos que dichas tierras producen en forma de variedades tintas y blancas, que ya est\u00e1n ganando a nivel internacional un prestigio reconocido.<\/p>\n<p style=\"text-align: justify;\">Para previsualizar el libro y\/o eBook, como siempre en <a href=\"http:\/\/www.blurb.es\/b\/4949742-aragon-paisajes-de-vino\" target=\"_blank\">Blurb<\/a>.<\/p>\n","protected":false},"excerpt":{"rendered":"<p>Repartidas entre las cuatro estaciones, la primavera, el verano, oto\u00f1o e invierno, quer\u00eda aunar en este proyecto en formato de publicaci\u00f3n impresa y eBook, algunos instantes del paisaje que he tenido el privilegio de presenciar entre los vi\u00f1edos de Arag\u00f3n. Paisajes que recorro en multitud de ocasiones en busca de &#8230;<\/p>\n","protected":false},"author":1,"featured_media":5011,"comment_status":"open","ping_status":"open","sticky":false,"template":"","format":"standard","meta":{"footnotes":""},"categories":[46,356,23,5],"tags":[255,1776,1770,1769,456,1775,948,1772,1771,1774,1773,983],"class_list":["post-5010","post","type-post","status-publish","format-standard","has-post-thumbnail","hentry","category-libros","category-novedades","category-promocion","category-web-20","tag-agricultura","tag-aragon-paisajes-de-vino","tag-borja","tag-calatayud","tag-carinena","tag-paisajes-de-vino","tag-somontano","tag-vinas","tag-vinedos","tag-vino-de-aragon","tag-vinos-de-aragon","tag-winegrowing","column","threecol","has-thumbnail"],"_links":{"self":[{"href":"https:\/\/www.chavinandez.com\/blog\/wp-json\/wp\/v2\/posts\/5010","targetHints":{"allow":["GET"]}}],"collection":[{"href":"https:\/\/www.chavinandez.com\/blog\/wp-json\/wp\/v2\/posts"}],"about":[{"href":"https:\/\/www.chavinandez.com\/blog\/wp-json\/wp\/v2\/types\/post"}],"author":[{"embeddable":true,"href":"https:\/\/www.chavinandez.com\/blog\/wp-json\/wp\/v2\/users\/1"}],"replies":[{"embeddable":true,"href":"https:\/\/www.chavinandez.com\/blog\/wp-json\/wp\/v2\/comments?post=5010"}],"version-history":[{"count":6,"href":"https:\/\/www.chavinandez.com\/blog\/wp-json\/wp\/v2\/posts\/5010\/revisions"}],"predecessor-version":[{"id":5020,"href":"https:\/\/www.chavinandez.com\/blog\/wp-json\/wp\/v2\/posts\/5010\/revisions\/5020"}],"wp:featuredmedia":[{"embeddable":true,"href":"https:\/\/www.chavinandez.com\/blog\/wp-json\/wp\/v2\/media\/5011"}],"wp:attachment":[{"href":"https:\/\/www.chavinandez.com\/blog\/wp-json\/wp\/v2\/media?parent=5010"}],"wp:term":[{"taxonomy":"category","embeddable":true,"href":"https:\/\/www.chavinandez.com\/blog\/wp-json\/wp\/v2\/categories?post=5010"},{"taxonomy":"post_tag","embeddable":true,"href":"https:\/\/www.chavinandez.com\/blog\/wp-json\/wp\/v2\/tags?post=5010"}],"curies":[{"name":"wp","href":"https:\/\/api.w.org\/{rel}","templated":true}]}}