{"id":4932,"date":"2013-10-29T20:01:54","date_gmt":"2013-10-29T19:01:54","guid":{"rendered":"http:\/\/www.chavinandez.com\/blog\/?p=4932"},"modified":"2013-12-27T16:55:30","modified_gmt":"2013-12-27T15:55:30","slug":"ya-disponible-la-10a-edicion-del-viaje-fotografico-a-islandia-para-invierno-de-2014","status":"publish","type":"post","link":"https:\/\/www.chavinandez.com\/blog\/ya-disponible-la-10a-edicion-del-viaje-fotografico-a-islandia-para-invierno-de-2014\/","title":{"rendered":"Ya disponible la 10\u00aa edici\u00f3n del Viaje Fotogr\u00e1fico a Islandia para invierno de 2014"},"content":{"rendered":"<p style=\"text-align: justify;\"><a href=\"https:\/\/www.chavinandez.com\/blog\/wp-content\/uploads\/2013\/10\/Islandia-2014-9.jpg\"><img loading=\"lazy\" decoding=\"async\" class=\"alignleft size-full wp-image-4942\" alt=\"Islandia-2014-9\" src=\"https:\/\/www.chavinandez.com\/blog\/wp-content\/uploads\/2013\/10\/Islandia-2014-9.jpg\" width=\"800\" height=\"534\" srcset=\"https:\/\/www.chavinandez.com\/blog\/wp-content\/uploads\/2013\/10\/Islandia-2014-9.jpg 800w, https:\/\/www.chavinandez.com\/blog\/wp-content\/uploads\/2013\/10\/Islandia-2014-9-200x133.jpg 200w, https:\/\/www.chavinandez.com\/blog\/wp-content\/uploads\/2013\/10\/Islandia-2014-9-449x300.jpg 449w, https:\/\/www.chavinandez.com\/blog\/wp-content\/uploads\/2013\/10\/Islandia-2014-9-700x467.jpg 700w, https:\/\/www.chavinandez.com\/blog\/wp-content\/uploads\/2013\/10\/Islandia-2014-9-332x221.jpg 332w\" sizes=\"auto, (max-width: 800px) 100vw, 800px\" \/><\/a>El tiempo como siempre apremia, y tres meses no son nada, apenas 90 d\u00edas. Aunque reci\u00e9n llegados pr\u00e1cticamente a mediados de octubre de este a\u00f1o de la 8\u00aa y 9\u00aa edici\u00f3n del Viaje Fotogr\u00e1fico a Islandia con dos ediciones especialmente dise\u00f1adas, la primera para <strong>Artisal Travel Photography<\/strong> y la segunda para la <strong>Asociaci\u00f3n Aragonesa de Fot\u00f3grafos de Naturaleza (ASAFONA)<\/strong>, ambas bajo la log\u00edstica de mis compa\u00f1eros de Boreal Travel, las nuevas ediciones para invierno de 2014 ya est\u00e1n en marcha, ultimando detalles y lo m\u00e1s importante, ya con fecha de salida y precio la 10\u00aa edici\u00f3n; <strong>1.195\u20ac + vuelos<\/strong><\/p>\n<p style=\"text-align: justify;\"><strong><a href=\"https:\/\/www.chavinandez.com\/blog\/wp-content\/uploads\/2013\/10\/Islandia-2014-10.jpg\"><img loading=\"lazy\" decoding=\"async\" class=\"alignleft size-medium wp-image-4945\" alt=\"Islandia-2014-10\" src=\"https:\/\/www.chavinandez.com\/blog\/wp-content\/uploads\/2013\/10\/Islandia-2014-10-200x300.jpg\" width=\"200\" height=\"300\" srcset=\"https:\/\/www.chavinandez.com\/blog\/wp-content\/uploads\/2013\/10\/Islandia-2014-10-200x300.jpg 200w, https:\/\/www.chavinandez.com\/blog\/wp-content\/uploads\/2013\/10\/Islandia-2014-10-100x150.jpg 100w, https:\/\/www.chavinandez.com\/blog\/wp-content\/uploads\/2013\/10\/Islandia-2014-10-683x1024.jpg 683w, https:\/\/www.chavinandez.com\/blog\/wp-content\/uploads\/2013\/10\/Islandia-2014-10-700x1048.jpg 700w, https:\/\/www.chavinandez.com\/blog\/wp-content\/uploads\/2013\/10\/Islandia-2014-10-332x497.jpg 332w, https:\/\/www.chavinandez.com\/blog\/wp-content\/uploads\/2013\/10\/Islandia-2014-10.jpg 800w\" sizes=\"auto, (max-width: 200px) 100vw, 200px\" \/><\/a>La 10\u00aa edici\u00f3n del Viaje Fotogr\u00e1fico a Islandia<\/strong> que se realizar\u00e1 del <strong>22 de Febrero al 1 de Marzo de 2014<\/strong> y al igual que la 9\u00aa edici\u00f3n recorre alguno de los parajes naturales del sur de Islandia, pero en este caso, en su faceta invernal y en una \u00e9poca en que las horas de luz, son muy similares a las de Espa\u00f1a y la temperatura menos hostil que los crudos meses invernales del pa\u00eds island\u00e9s, como son diciembre y enero.<\/p>\n<p style=\"text-align: justify;\">Febrero y Marzo tienen menos precipitaciones que el oto\u00f1o y la posibilidad de tener cielos estrellados por la noche es mayor, si bien en febrero de 2013 hasta el 5\u00ba d\u00eda no pudimos ver la luz del sol, y es que Islandia es un pa\u00eds impredecible en cuanto a meteorolog\u00eda, y siempre es una loter\u00eda el tener un tiempo, al menos para nuestro objetivo nocturno, favorable. Sea como fuere, todas las ediciones que hemos ido celebrando en oto\u00f1o e invierno, con lo que nos hemos encontrado es con un paisaje siempre diferente y por supuesto sorprendente a cada paso. Sus cascadas, costas y acantilados, p\u00e1ramos infinitos, tienen tanto una luz singular, como un semblante cambiante por su vegetaci\u00f3n estacional en cada \u00e9poca. Si adem\u00e1s de ello, la noche nos brinda el poder contemplar las luces del norte en su m\u00e1ximo esplendor, podemos volver de nuestra expedici\u00f3n con un extra, que como siempre decimos, es una loter\u00eda.<\/p>\n<p style=\"text-align: justify;\"><a href=\"https:\/\/www.chavinandez.com\/blog\/wp-content\/uploads\/2013\/10\/Islandia-2014-2.jpg\"><img loading=\"lazy\" decoding=\"async\" class=\"alignnone size-full wp-image-4936\" alt=\"Islandia-2014-2\" src=\"https:\/\/www.chavinandez.com\/blog\/wp-content\/uploads\/2013\/10\/Islandia-2014-2.jpg\" width=\"800\" height=\"534\" srcset=\"https:\/\/www.chavinandez.com\/blog\/wp-content\/uploads\/2013\/10\/Islandia-2014-2.jpg 800w, https:\/\/www.chavinandez.com\/blog\/wp-content\/uploads\/2013\/10\/Islandia-2014-2-200x133.jpg 200w, https:\/\/www.chavinandez.com\/blog\/wp-content\/uploads\/2013\/10\/Islandia-2014-2-449x300.jpg 449w, https:\/\/www.chavinandez.com\/blog\/wp-content\/uploads\/2013\/10\/Islandia-2014-2-700x467.jpg 700w, https:\/\/www.chavinandez.com\/blog\/wp-content\/uploads\/2013\/10\/Islandia-2014-2-332x221.jpg 332w\" sizes=\"auto, (max-width: 800px) 100vw, 800px\" \/><\/a><\/p>\n<p style=\"text-align: justify;\">El itinerario de esta 10\u00aa edici\u00f3n al igual que en anteriores recorre algunos puntos \u00fanicos del sur de Islandia, que durante el invierno los hacen especiales, y es que la joya de Islandia, para muchos fot\u00f3grafos est\u00e1 concentrada en mayor medida en el sur y este del pa\u00eds.<\/p>\n<p style=\"text-align: justify;\"><strong>El Itinerario:<\/strong><\/p>\n<p style=\"text-align: justify;\">Con salida desde Keflavik, en la regi\u00f3n de Reykjanes, desde el principio de nuestra expedici\u00f3n recorremos alguna de las zonas de &#8220;hot springs&#8221; y geotermales como <strong>Selt\u00fan<\/strong> y en las que m\u00e1s latente es el poder de expansi\u00f3n de los volcanes del suroeste del pa\u00eds, con horizontes costeros llenos de lava cubierta de l\u00edquenes, pero tambi\u00e9n con escenas de costa y acantilados que quitan el hipo.<\/p>\n<p style=\"text-align: justify;\"><a href=\"https:\/\/www.chavinandez.com\/blog\/wp-content\/uploads\/2013\/10\/Islandia-2014-7.jpg\"><img loading=\"lazy\" decoding=\"async\" class=\"alignleft size-full wp-image-4940\" alt=\"Kleifarvam. Nature Park. South west of Iceland\" src=\"https:\/\/www.chavinandez.com\/blog\/wp-content\/uploads\/2013\/10\/Islandia-2014-7.jpg\" width=\"800\" height=\"584\" srcset=\"https:\/\/www.chavinandez.com\/blog\/wp-content\/uploads\/2013\/10\/Islandia-2014-7.jpg 800w, https:\/\/www.chavinandez.com\/blog\/wp-content\/uploads\/2013\/10\/Islandia-2014-7-200x146.jpg 200w, https:\/\/www.chavinandez.com\/blog\/wp-content\/uploads\/2013\/10\/Islandia-2014-7-410x300.jpg 410w, https:\/\/www.chavinandez.com\/blog\/wp-content\/uploads\/2013\/10\/Islandia-2014-7-700x511.jpg 700w, https:\/\/www.chavinandez.com\/blog\/wp-content\/uploads\/2013\/10\/Islandia-2014-7-332x242.jpg 332w\" sizes=\"auto, (max-width: 800px) 100vw, 800px\" \/><\/a><\/p>\n<p style=\"text-align: justify;\">Siguiendo por la costa recorremos el sur dejando el imponente volc\u00e1n <strong>Hekla<\/strong>, &#8220;la morada de los condenados&#8221; a nuestra izquierda, con direcci\u00f3n a <strong><a href=\"https:\/\/www.google.es\/search?safe=off&amp;client=firefox-beta&amp;hs=57P&amp;rls=org.mozilla:en-US:official&amp;q=Myrdalsjokull&amp;spell=1&amp;sa=X&amp;ei=vi9uUp7xOYPJ0AX58oDQCQ&amp;ved=0CCsQvwUoAA\"><i>Myrdalsjokull<\/i><\/a><\/strong> el glaciar que corona un paisaje de tundra, pastos y p\u00e1ramos pantanosos que suaviza hasta la costa sin duda el glaciar con mayor actividad volc\u00e1nica del sur del pa\u00eds, con volcanes como en m\u00edtico <strong>Katla<\/strong>, cuya \u00faltima erupci\u00f3n fue en el a\u00f1o 1918 y muchos vulcan\u00f3logos prev\u00e9n su pronta actividad, de la cual ya pudimos ser testigos en el verano de 2011, cuando un amago de erupci\u00f3n cort\u00f3 de manera implacable en pocas horas el acceso principal de la carretera que une este y oeste por el sur de la &#8220;Ring road&#8221;.<\/p>\n<p style=\"text-align: justify;\"><a href=\"https:\/\/www.chavinandez.com\/blog\/wp-content\/uploads\/2013\/10\/Islandia-2014-3.jpg\"><img loading=\"lazy\" decoding=\"async\" class=\"alignnone size-full wp-image-4937\" alt=\"Hdfdabrekka. Vik, Iceland\" src=\"https:\/\/www.chavinandez.com\/blog\/wp-content\/uploads\/2013\/10\/Islandia-2014-3.jpg\" width=\"800\" height=\"476\" srcset=\"https:\/\/www.chavinandez.com\/blog\/wp-content\/uploads\/2013\/10\/Islandia-2014-3.jpg 800w, https:\/\/www.chavinandez.com\/blog\/wp-content\/uploads\/2013\/10\/Islandia-2014-3-200x119.jpg 200w, https:\/\/www.chavinandez.com\/blog\/wp-content\/uploads\/2013\/10\/Islandia-2014-3-480x285.jpg 480w, https:\/\/www.chavinandez.com\/blog\/wp-content\/uploads\/2013\/10\/Islandia-2014-3-700x416.jpg 700w, https:\/\/www.chavinandez.com\/blog\/wp-content\/uploads\/2013\/10\/Islandia-2014-3-332x197.jpg 332w\" sizes=\"auto, (max-width: 800px) 100vw, 800px\" \/><\/a><\/p>\n<p style=\"text-align: justify;\">Pasamos tambi\u00e9n muy cerca de lugares bien conocidos como el volc\u00e1n <b><i>Eyjafjallajokull, que tuvo durante un mes en 2010, debido a <\/i><i><b>su erupci\u00f3n de cenizas, paralizado <i><b>todo el tr\u00e1fico <i><b>a\u00e9reo<\/b><\/i> de<\/b><\/i> <i><b>la mayor parte de<\/b><\/i> <i><b>Europa. Aunque las joyas de este \u00e1rea del sur, no s\u00f3lo miran hacia el interior, si no que residen en su costa, negra de arena, bas<i><b>altos y acantilados llenos de magi<i><b>a.<\/b><\/i><\/b><\/i><\/b><\/i><\/b><\/i><\/b><\/p>\n<p style=\"text-align: justify;\"><a href=\"https:\/\/www.chavinandez.com\/blog\/wp-content\/uploads\/2013\/10\/Islandia-2014-5.jpg\"><img loading=\"lazy\" decoding=\"async\" class=\"alignleft size-medium wp-image-4938\" alt=\"Vik. Iceland\" src=\"https:\/\/www.chavinandez.com\/blog\/wp-content\/uploads\/2013\/10\/Islandia-2014-5-198x300.jpg\" width=\"198\" height=\"300\" srcset=\"https:\/\/www.chavinandez.com\/blog\/wp-content\/uploads\/2013\/10\/Islandia-2014-5-198x300.jpg 198w, https:\/\/www.chavinandez.com\/blog\/wp-content\/uploads\/2013\/10\/Islandia-2014-5-99x150.jpg 99w, https:\/\/www.chavinandez.com\/blog\/wp-content\/uploads\/2013\/10\/Islandia-2014-5-678x1024.jpg 678w, https:\/\/www.chavinandez.com\/blog\/wp-content\/uploads\/2013\/10\/Islandia-2014-5-700x1057.jpg 700w, https:\/\/www.chavinandez.com\/blog\/wp-content\/uploads\/2013\/10\/Islandia-2014-5-332x501.jpg 332w, https:\/\/www.chavinandez.com\/blog\/wp-content\/uploads\/2013\/10\/Islandia-2014-5.jpg 800w\" sizes=\"auto, (max-width: 198px) 100vw, 198px\" \/><\/a>De la zona de <strong>Vik<\/strong> y <strong><a href=\"https:\/\/www.google.es\/search?safe=off&amp;client=firefox-beta&amp;hs=57P&amp;rls=org.mozilla:en-US:official&amp;q=Myrdalsjokull&amp;spell=1&amp;sa=X&amp;ei=vi9uUp7xOYPJ0AX58oDQCQ&amp;ved=0CCsQvwUoAA\"><i>Myrdalsjokull<\/i><\/a><\/strong> nos dirigimos hacia el noreste entre paisajes de cuento, interminables deltas de arena negra y ceniza, lava y musgo nevado, moles de roca volc\u00e1nica entre reflejos, para visitar rincones m\u00e1gicos como Svartifoss en el Parque Nacional de Skaftafel o lagunas como la de Fjalls\u00e1rl\u00f3n y J\u00f6kuls\u00e1rl\u00f3n que nos conceden alguno de los momentos m\u00e1s emocionantes de todo viaje a Islandia a\u00f1o tras a\u00f1o, por la diferencia y posicionamiento de sus icebergs.<\/p>\n<p style=\"text-align: justify;\">De vuelta, cascadas como Skogafoss o paisajes de barrancos de ceniza negra petrificada nos vuelven a transportar a otro mundo, probablemente a otro planeta, en el que el fot\u00f3grafo de naturaleza y amante del paisaje se sorprende a cada paso. Visitamos en los \u00faltimos d\u00edas cr\u00e1teres y lugares ins\u00f3litos del Circulo de oro, cascadas azules que nos devuelven de nuevo al mundo real y nos conceden una vez m\u00e1s la belleza de un gran pa\u00eds.<\/p>\n<p style=\"text-align: justify;\"><a href=\"https:\/\/www.chavinandez.com\/blog\/wp-content\/uploads\/2013\/10\/Islandia-2014-6.jpg\"><img loading=\"lazy\" decoding=\"async\" class=\"alignleft size-full wp-image-4939\" alt=\"Bruarfoss waterfall. Bruar\u00e0 river. Iceland\" src=\"https:\/\/www.chavinandez.com\/blog\/wp-content\/uploads\/2013\/10\/Islandia-2014-6.jpg\" width=\"800\" height=\"470\" srcset=\"https:\/\/www.chavinandez.com\/blog\/wp-content\/uploads\/2013\/10\/Islandia-2014-6.jpg 800w, https:\/\/www.chavinandez.com\/blog\/wp-content\/uploads\/2013\/10\/Islandia-2014-6-200x117.jpg 200w, https:\/\/www.chavinandez.com\/blog\/wp-content\/uploads\/2013\/10\/Islandia-2014-6-480x282.jpg 480w, https:\/\/www.chavinandez.com\/blog\/wp-content\/uploads\/2013\/10\/Islandia-2014-6-700x411.jpg 700w, https:\/\/www.chavinandez.com\/blog\/wp-content\/uploads\/2013\/10\/Islandia-2014-6-332x195.jpg 332w\" sizes=\"auto, (max-width: 800px) 100vw, 800px\" \/><\/a><\/p>\n<p style=\"text-align: justify;\">Como en cada edici\u00f3n, y a\u00fan habiendo alternativas siempre dependiendo de la meteorolog\u00eda, no sabemos si nos dejaremos alguna de las localizaciones anteriores o visitaremos alguna nueva, lo que si sabemos es que volveremos a vivir una experiencia \u00fanica, e irrepetible para todo aquel que nos acompa\u00f1e, y que tardar\u00e1 mucho tiempo en desvanecerse de nuestra mente.<\/p>\n<p style=\"text-align: justify;\">Si te animas, no lo dudes, v\u00edvelo, es un a\u00f1o de especial actividad solar, que tardar\u00e1 unos cuantos en repetirse.\u00a0 8 plazas para cada edici\u00f3n aunque son pocas, es la mejor manera de descubrir entre pocos y bien avenidos, los secretos de un gran pa\u00eds.<\/p>\n<p style=\"text-align: justify;\"><a href=\"https:\/\/www.chavinandez.com\/blog\/wp-content\/uploads\/2013\/10\/auroraBorealis-4.jpg\"><img loading=\"lazy\" decoding=\"async\" class=\"alignnone size-full wp-image-5023\" alt=\"auroraBorealis-4\" src=\"https:\/\/www.chavinandez.com\/blog\/wp-content\/uploads\/2013\/10\/auroraBorealis-4.jpg\" width=\"800\" height=\"534\" srcset=\"https:\/\/www.chavinandez.com\/blog\/wp-content\/uploads\/2013\/10\/auroraBorealis-4.jpg 800w, https:\/\/www.chavinandez.com\/blog\/wp-content\/uploads\/2013\/10\/auroraBorealis-4-200x133.jpg 200w, https:\/\/www.chavinandez.com\/blog\/wp-content\/uploads\/2013\/10\/auroraBorealis-4-449x300.jpg 449w, https:\/\/www.chavinandez.com\/blog\/wp-content\/uploads\/2013\/10\/auroraBorealis-4-700x467.jpg 700w, https:\/\/www.chavinandez.com\/blog\/wp-content\/uploads\/2013\/10\/auroraBorealis-4-332x221.jpg 332w\" sizes=\"auto, (max-width: 800px) 100vw, 800px\" \/><\/a><\/p>\n<p style=\"text-align: justify;\">Previa a esta edici\u00f3n 10\u00aa, se realiza un especial con un itinerario espec\u00edfico m\u00e1s duro, del 15 de febrero al 22 de febrero, si bien \u00e9sta es s\u00f3lo para un grupo de fot\u00f3grafos de naturaleza de varias asociaciones que no han podido asistir a la 9\u00aa edici\u00f3n a Islandia organizada para ASAFONA este octubre.<\/p>\n<p style=\"text-align: justify;\">Nos vemos all\u00e1 !!!!<\/p>\n<p style=\"text-align: justify;\">M\u00e1s info y reservas en <a href=\"http:\/\/www.borealtravel.com\" target=\"_blank\">www.borealtravel.com<\/a> y en <a href=\"mailto:chavinandez@yahoo.es\" target=\"_blank\">chavinandez@yahoo.es<\/a><\/p>\n<p style=\"text-align: justify;\">Post relacionados de anteriores ediciones:<\/p>\n<h2><a title=\"Galer\u00eda de la 9\u00aa edici\u00f3n a Islandia con ASAFONA\" href=\"https:\/\/www.chavinandez.com\/blog\/?p=4923\" rel=\"bookmark\">Galer\u00eda de la 9\u00aa edici\u00f3n a Islandia con ASAFONA<\/a><\/h2>\n<h2><a title=\"Gracias a la lluvia que me ha dado tanto\u2026\" href=\"https:\/\/www.chavinandez.com\/blog\/?p=4541\" rel=\"bookmark\">Gracias a la lluvia que me ha dado tanto<\/a><\/h2>\n<h2><a title=\"Rumbo a Islandia 5\u00aa edici\u00f3n\" href=\"https:\/\/www.chavinandez.com\/blog\/?p=4166\" rel=\"bookmark\">Rumbo a Islandia 5\u00aa edici\u00f3n<\/a><\/h2>\n","protected":false},"excerpt":{"rendered":"<p>El tiempo como siempre apremia, y tres meses no son nada, apenas 90 d\u00edas. Aunque reci\u00e9n llegados pr\u00e1cticamente a mediados de octubre de este a\u00f1o de la 8\u00aa y 9\u00aa edici\u00f3n del Viaje Fotogr\u00e1fico a Islandia con dos ediciones especialmente dise\u00f1adas, la primera para Artisal Travel Photography y la segunda &#8230;<\/p>\n","protected":false},"author":1,"featured_media":4942,"comment_status":"open","ping_status":"open","sticky":false,"template":"","format":"standard","meta":{"footnotes":""},"categories":[159,7,36,1,356,23,223,37,11],"tags":[1743,1192,917,1745,1723,72,60,1744,1194,1737,1726,1741,1722,1740,1738,1184,1416,1742,1739],"class_list":["post-4932","post","type-post","status-publish","format-standard","has-post-thumbnail","hentry","category-destinos","category-experiencias","category-fotografia","category-general","category-novedades","category-promocion","category-reportajes","category-talleres","category-httpwwwlabatiruralcomwordpress","tag-aurora-boreal-islandia","tag-auroras-boreales","tag-boreal-travel","tag-fotografia-aurora","tag-fotografia-aurora-boreal","tag-fotografia-de-naturaleza","tag-fotografia-de-viajes","tag-fotografiar-aurora-boreal","tag-iceland-trips","tag-islandia-2014","tag-islandia-boreal-travel","tag-taller-fotografico-islandia","tag-viajar-islandia-2014","tag-viajar-islandia-febrero","tag-viaje-a-islandia-2014","tag-viaje-fotografico-a-islandia","tag-viaje-fotografico-islandia","tag-viaje-iceland-2014","tag-viaje-invierno-2014-islandia","column","threecol","has-thumbnail"],"_links":{"self":[{"href":"https:\/\/www.chavinandez.com\/blog\/wp-json\/wp\/v2\/posts\/4932","targetHints":{"allow":["GET"]}}],"collection":[{"href":"https:\/\/www.chavinandez.com\/blog\/wp-json\/wp\/v2\/posts"}],"about":[{"href":"https:\/\/www.chavinandez.com\/blog\/wp-json\/wp\/v2\/types\/post"}],"author":[{"embeddable":true,"href":"https:\/\/www.chavinandez.com\/blog\/wp-json\/wp\/v2\/users\/1"}],"replies":[{"embeddable":true,"href":"https:\/\/www.chavinandez.com\/blog\/wp-json\/wp\/v2\/comments?post=4932"}],"version-history":[{"count":8,"href":"https:\/\/www.chavinandez.com\/blog\/wp-json\/wp\/v2\/posts\/4932\/revisions"}],"predecessor-version":[{"id":4944,"href":"https:\/\/www.chavinandez.com\/blog\/wp-json\/wp\/v2\/posts\/4932\/revisions\/4944"}],"wp:featuredmedia":[{"embeddable":true,"href":"https:\/\/www.chavinandez.com\/blog\/wp-json\/wp\/v2\/media\/4942"}],"wp:attachment":[{"href":"https:\/\/www.chavinandez.com\/blog\/wp-json\/wp\/v2\/media?parent=4932"}],"wp:term":[{"taxonomy":"category","embeddable":true,"href":"https:\/\/www.chavinandez.com\/blog\/wp-json\/wp\/v2\/categories?post=4932"},{"taxonomy":"post_tag","embeddable":true,"href":"https:\/\/www.chavinandez.com\/blog\/wp-json\/wp\/v2\/tags?post=4932"}],"curies":[{"name":"wp","href":"https:\/\/api.w.org\/{rel}","templated":true}]}}