{"id":4923,"date":"2013-10-18T09:53:54","date_gmt":"2013-10-18T08:53:54","guid":{"rendered":"http:\/\/www.chavinandez.com\/blog\/?p=4923"},"modified":"2013-12-28T12:57:27","modified_gmt":"2013-12-28T11:57:27","slug":"galeria-de-la-9a-edicion-a-islandia-con-asafona","status":"publish","type":"post","link":"https:\/\/www.chavinandez.com\/blog\/galeria-de-la-9a-edicion-a-islandia-con-asafona\/","title":{"rendered":"Galer\u00eda de la 9\u00aa edici\u00f3n a Islandia con ASAFONA"},"content":{"rendered":"<p style=\"text-align: justify;\"><a href=\"https:\/\/www.chavinandez.com\/blog\/wp-content\/uploads\/2013\/10\/9edicionAsafona-100.jpg\"><img loading=\"lazy\" decoding=\"async\" class=\"alignnone size-full wp-image-4924\" alt=\"9edicionAsafona-100\" src=\"https:\/\/www.chavinandez.com\/blog\/wp-content\/uploads\/2013\/10\/9edicionAsafona-100.jpg\" width=\"500\" height=\"334\" srcset=\"https:\/\/www.chavinandez.com\/blog\/wp-content\/uploads\/2013\/10\/9edicionAsafona-100.jpg 500w, https:\/\/www.chavinandez.com\/blog\/wp-content\/uploads\/2013\/10\/9edicionAsafona-100-200x133.jpg 200w, https:\/\/www.chavinandez.com\/blog\/wp-content\/uploads\/2013\/10\/9edicionAsafona-100-449x300.jpg 449w, https:\/\/www.chavinandez.com\/blog\/wp-content\/uploads\/2013\/10\/9edicionAsafona-100-332x221.jpg 332w\" sizes=\"auto, (max-width: 500px) 100vw, 500px\" \/><\/a><\/p>\n<p style=\"text-align: justify;\">Aunque muchos puedan pensar que recorrer el sur de Islandia son habas contadas, eso solo ocurre en los viajes organizados, de \u00edndole tur\u00edstico o simplemente aquellos que se organizan a la aventura, a ver que pasa&#8230;.fi\u00e1ndose de mapas, recorridos y localizaciones tur\u00edsticas y poco m\u00e1s&#8230;.Islandia tienes muchos rincones, que sin ser tur\u00edsticos nos dejan helados contemplando su belleza.<\/p>\n<p style=\"text-align: justify;\"><a href=\"https:\/\/www.chavinandez.com\/blog\/wp-content\/uploads\/2013\/10\/9edicionAsafona-67.jpg\"><img loading=\"lazy\" decoding=\"async\" class=\"alignnone size-full wp-image-4925\" alt=\"9edicionAsafona-67\" src=\"https:\/\/www.chavinandez.com\/blog\/wp-content\/uploads\/2013\/10\/9edicionAsafona-67.jpg\" width=\"500\" height=\"334\" srcset=\"https:\/\/www.chavinandez.com\/blog\/wp-content\/uploads\/2013\/10\/9edicionAsafona-67.jpg 500w, https:\/\/www.chavinandez.com\/blog\/wp-content\/uploads\/2013\/10\/9edicionAsafona-67-200x133.jpg 200w, https:\/\/www.chavinandez.com\/blog\/wp-content\/uploads\/2013\/10\/9edicionAsafona-67-449x300.jpg 449w, https:\/\/www.chavinandez.com\/blog\/wp-content\/uploads\/2013\/10\/9edicionAsafona-67-332x221.jpg 332w\" sizes=\"auto, (max-width: 500px) 100vw, 500px\" \/><\/a><\/p>\n<p style=\"text-align: justify;\">Desde hace ya cinco a\u00f1os con <a href=\"http:\/\/www.borealtravel.com\" target=\"_blank\">Boreal Travel<\/a>, y <a href=\"http:\/\/www.photolocus.net\">Photolocus<\/a>, cada viaje a Islandia a pesar de que alguna de las rutas que se repiten, siempre hay un programa con un recorrido diferente, alternativo y lleno de sorpresas, bas\u00e1ndonos en la meteorolog\u00eda primero, y con ello las horas id\u00f3neas en que cada localizaci\u00f3n debe visitarse, los alojamientos que nos permiten disfrutar de cada lugar cuando la luz es la m\u00e1s id\u00f3nea y el estado de la naturaleza y el paisaje dependiendo de la estaci\u00f3n en que visitamos el pa\u00eds (primavera, verano, oto\u00f1o o invierno).<\/p>\n<p style=\"text-align: justify;\"><a href=\"https:\/\/www.chavinandez.com\/blog\/wp-content\/uploads\/2013\/10\/9edicionAsafona-50.jpg\"><img loading=\"lazy\" decoding=\"async\" class=\"size-full wp-image-4926 alignleft\" style=\"margin-left: 10px; margin-right: 10px;\" alt=\"9edicionAsafona-50\" src=\"https:\/\/www.chavinandez.com\/blog\/wp-content\/uploads\/2013\/10\/9edicionAsafona-50.jpg\" width=\"334\" height=\"500\" srcset=\"https:\/\/www.chavinandez.com\/blog\/wp-content\/uploads\/2013\/10\/9edicionAsafona-50.jpg 334w, https:\/\/www.chavinandez.com\/blog\/wp-content\/uploads\/2013\/10\/9edicionAsafona-50-100x150.jpg 100w, https:\/\/www.chavinandez.com\/blog\/wp-content\/uploads\/2013\/10\/9edicionAsafona-50-200x300.jpg 200w, https:\/\/www.chavinandez.com\/blog\/wp-content\/uploads\/2013\/10\/9edicionAsafona-50-332x497.jpg 332w\" sizes=\"auto, (max-width: 334px) 100vw, 334px\" \/><\/a>Mi luz preferida es la de verano y el oto\u00f1o, la primera por tener una puesta de sol interminable y un crep\u00fasculo que quita el sue\u00f1o&#8230;.pudiendo estar hasta las 3 de la madrugada fotografiando en diferentes localizaciones con una luz especial.\u00a0 El oto\u00f1o adem\u00e1s del color m\u00e1s c\u00e1lido, y una temperatura todav\u00eda aceptable (2\u00ba a 10\u00ba) es especial por su \u00e1ngulo suave de luz a 45\u00ba durante todo el d\u00eda, por eso son un lujo ambas para el fot\u00f3grafo de naturaleza.<\/p>\n<p style=\"text-align: justify;\">En esta \u00faltima edici\u00f3n, la 9\u00ba que realizo al pa\u00eds con grupos organizados, no solo el tiempo nos ha acompa\u00f1ado, sino que la luz y los cielos estrellados nos han permitido ver en m\u00e1s de una noche, las luces del norte en todo su esplendor, teniendo en cuenta que la posibilidad de ver las auroras es una loter\u00eda y hasta ahora de cada siete noches solamente hemos tenido suerte una de ellas&#8230;en ediciones anteriores.<\/p>\n<p style=\"text-align: justify;\">Oto\u00f1o guarda una textura de colores inigualable, en hielos, playas, y p\u00e1ramos, debido a la calidad de su luz, aunque por otro lado es una de las \u00e9pocas en las que m\u00e1s precipitaciones hay, a diferencia con febrero a finales,\u00a0 que es cuando siempre volvemos al pa\u00eds y contamos con las mismas horas de luz que en Espa\u00f1a, adem\u00e1s de una de las \u00e9pocas con cielos m\u00e1s estrellados. El verano es una estaci\u00f3n privilegiada tambi\u00e9n para los ornit\u00f3logos, y este a\u00f1o pr\u00f3ximo para 2014 ya esta en preparaci\u00f3n una nueva edici\u00f3n especial para fot\u00f3grafos de naturaleza que da la vuelta al pa\u00eds y que Boreal Travel y yo estamos dise\u00f1ando en lugares de especial concentraci\u00f3n de avifauna y m\u00e1gicos como Mivath y el norte y este del pa\u00eds.<\/p>\n<p style=\"text-align: justify;\"><a href=\"https:\/\/www.chavinandez.com\/blog\/wp-content\/uploads\/2013\/10\/9edicionAsafona-80.jpg\"><img loading=\"lazy\" decoding=\"async\" class=\"alignnone size-full wp-image-4927\" alt=\"9edicionAsafona-80\" src=\"https:\/\/www.chavinandez.com\/blog\/wp-content\/uploads\/2013\/10\/9edicionAsafona-80.jpg\" width=\"500\" height=\"334\" srcset=\"https:\/\/www.chavinandez.com\/blog\/wp-content\/uploads\/2013\/10\/9edicionAsafona-80.jpg 500w, https:\/\/www.chavinandez.com\/blog\/wp-content\/uploads\/2013\/10\/9edicionAsafona-80-200x133.jpg 200w, https:\/\/www.chavinandez.com\/blog\/wp-content\/uploads\/2013\/10\/9edicionAsafona-80-449x300.jpg 449w, https:\/\/www.chavinandez.com\/blog\/wp-content\/uploads\/2013\/10\/9edicionAsafona-80-332x221.jpg 332w\" sizes=\"auto, (max-width: 500px) 100vw, 500px\" \/><\/a><\/p>\n<p style=\"text-align: justify;\">Sea como fuere, Islandia es uno de esos lugares que merece la pena conocer y perderse entre sus confines, no s\u00f3lo una vez y sino varias para conocer en todo su esplendor un paisaje y natura dif\u00edcil de encontrar en otro lugar del planeta&#8230;.y diferente completamente dependiendo de la estaci\u00f3n en que se visita.<\/p>\n<p style=\"text-align: justify;\"><a href=\"https:\/\/www.chavinandez.com\/blog\/wp-content\/uploads\/2013\/10\/9edicionAsafona-14.jpg\"><img loading=\"lazy\" decoding=\"async\" class=\"alignnone size-full wp-image-4928\" alt=\"9edicionAsafona-14\" src=\"https:\/\/www.chavinandez.com\/blog\/wp-content\/uploads\/2013\/10\/9edicionAsafona-14.jpg\" width=\"500\" height=\"334\" srcset=\"https:\/\/www.chavinandez.com\/blog\/wp-content\/uploads\/2013\/10\/9edicionAsafona-14.jpg 500w, https:\/\/www.chavinandez.com\/blog\/wp-content\/uploads\/2013\/10\/9edicionAsafona-14-200x133.jpg 200w, https:\/\/www.chavinandez.com\/blog\/wp-content\/uploads\/2013\/10\/9edicionAsafona-14-449x300.jpg 449w, https:\/\/www.chavinandez.com\/blog\/wp-content\/uploads\/2013\/10\/9edicionAsafona-14-332x221.jpg 332w\" sizes=\"auto, (max-width: 500px) 100vw, 500px\" \/><\/a><\/p>\n<p style=\"text-align: justify;\">De momento os dejo con esta <a href=\"http:\/\/chavinandez.photoshelter.com\/gallery\/Iceland-Photo-Trip-autumn-2013-ASAFONA\/G0000xEe4pD83Y9U\" target=\"_blank\">galer\u00eda<\/a> de esta \u00faltima edici\u00f3n de oto\u00f1o con los fot\u00f3grafos de naturaleza de ASAFONA, y el <a href=\"https:\/\/vimeo.com\/77169802\" target=\"_blank\">v\u00eddeo<\/a> de la misma, para que te animes cuando quieras a visitar este pa\u00eds, s\u00f3lo tienes que contactar con <a href=\"http:\/\/www.borealtravel.com\" target=\"_blank\">Boreal Travel<\/a> y apuntarte a la pr\u00f3xima aventura fotogr\u00e1fica, seguro que lo pasamos fenomenal.<\/p>\n<h2><a title=\"Ya disponible la 10\u00aa edici\u00f3n del Viaje Fotogr\u00e1fico a Islandia para invierno de 2014\" href=\"https:\/\/www.chavinandez.com\/blog\/?p=4932\" rel=\"bookmark\">Ya disponible la 10\u00aa edici\u00f3n del Viaje Fotogr\u00e1fico a Islandia para invierno de 2014<\/a><\/h2>\n<p style=\"text-align: justify;\">Si no puedes escaparte entonces, aqu\u00ed tienes &#8220;<a href=\"https:\/\/www.chavinandez.com\/blog\/?p=4561\" target=\"_blank\">Sur de Islandia para fot\u00f3grafos<\/a>&#8221; <a href=\"https:\/\/www.chavinandez.com\/blog\/?p=4561\" target=\"_blank\">un libro que publiqu\u00e9<\/a> este a\u00f1o y que me ha sorprendido el \u00e9xito que ha tenido, con alguno de esos lugares m\u00e1gicos y sus coordenadas GPS, recomendaciones de equipo, rutas y dem\u00e1s.<\/p>\n<p style=\"text-align: justify;\">M\u00e1s info y reservas en: <a href=\"http:\/\/www.borealtravel.com\" target=\"_blank\">Boreal Travel<\/a> y en www.chavinandez.com<\/p>\n","protected":false},"excerpt":{"rendered":"<p>Aunque muchos puedan pensar que recorrer el sur de Islandia son habas contadas, eso solo ocurre en los viajes organizados, de \u00edndole tur\u00edstico o simplemente aquellos que se organizan a la aventura, a ver que pasa&#8230;.fi\u00e1ndose de mapas, recorridos y localizaciones tur\u00edsticas y poco m\u00e1s&#8230;.Islandia tienes muchos rincones, que sin &#8230;<\/p>\n","protected":false},"author":1,"featured_media":4926,"comment_status":"open","ping_status":"open","sticky":false,"template":"","format":"standard","meta":{"footnotes":""},"categories":[159,7,356,23,223,11,3],"tags":[1460,1734,104,38,191,1723,72,153,112,60,1182,1731,1669,1732,265,1737,1733,1560,1722,1416,1735,1736,1186,641],"class_list":["post-4923","post","type-post","status-publish","format-standard","has-post-thumbnail","hentry","category-destinos","category-experiencias","category-novedades","category-promocion","category-reportajes","category-httpwwwlabatiruralcomwordpress","category-videos","tag-aurora-boreal","tag-curso-fotografia-islandia","tag-cursos-fotografia","tag-escapadas","tag-escapadas-de-fotografia","tag-fotografia-aurora-boreal","tag-fotografia-de-naturaleza","tag-fotografia-de-paisaje","tag-fotografia-de-paisajes","tag-fotografia-de-viajes","tag-fotografia-en-islandia","tag-iceland-northern-lights","tag-iceland-photo-trips","tag-iceland-winter","tag-islandia","tag-islandia-2014","tag-islandia-viajes","tag-northern-lights","tag-viajar-islandia-2014","tag-viaje-fotografico-islandia","tag-viaje-fotografico-islandia-2013","tag-viaje-fotografico-islandia-2014","tag-viajes-a-islandia","tag-viajes-fotograficos","column","threecol","has-thumbnail"],"_links":{"self":[{"href":"https:\/\/www.chavinandez.com\/blog\/wp-json\/wp\/v2\/posts\/4923","targetHints":{"allow":["GET"]}}],"collection":[{"href":"https:\/\/www.chavinandez.com\/blog\/wp-json\/wp\/v2\/posts"}],"about":[{"href":"https:\/\/www.chavinandez.com\/blog\/wp-json\/wp\/v2\/types\/post"}],"author":[{"embeddable":true,"href":"https:\/\/www.chavinandez.com\/blog\/wp-json\/wp\/v2\/users\/1"}],"replies":[{"embeddable":true,"href":"https:\/\/www.chavinandez.com\/blog\/wp-json\/wp\/v2\/comments?post=4923"}],"version-history":[{"count":3,"href":"https:\/\/www.chavinandez.com\/blog\/wp-json\/wp\/v2\/posts\/4923\/revisions"}],"predecessor-version":[{"id":5026,"href":"https:\/\/www.chavinandez.com\/blog\/wp-json\/wp\/v2\/posts\/4923\/revisions\/5026"}],"wp:featuredmedia":[{"embeddable":true,"href":"https:\/\/www.chavinandez.com\/blog\/wp-json\/wp\/v2\/media\/4926"}],"wp:attachment":[{"href":"https:\/\/www.chavinandez.com\/blog\/wp-json\/wp\/v2\/media?parent=4923"}],"wp:term":[{"taxonomy":"category","embeddable":true,"href":"https:\/\/www.chavinandez.com\/blog\/wp-json\/wp\/v2\/categories?post=4923"},{"taxonomy":"post_tag","embeddable":true,"href":"https:\/\/www.chavinandez.com\/blog\/wp-json\/wp\/v2\/tags?post=4923"}],"curies":[{"name":"wp","href":"https:\/\/api.w.org\/{rel}","templated":true}]}}