{"id":4816,"date":"2013-07-07T00:23:45","date_gmt":"2013-07-06T23:23:45","guid":{"rendered":"http:\/\/www.chavinandez.com\/blog\/?p=4816"},"modified":"2013-07-07T17:34:46","modified_gmt":"2013-07-07T16:34:46","slug":"el-chupinazo-y-la-bandera-de-la-discordia","status":"publish","type":"post","link":"https:\/\/www.chavinandez.com\/blog\/el-chupinazo-y-la-bandera-de-la-discordia\/","title":{"rendered":"El chupinazo y la bandera de la discordia"},"content":{"rendered":"<p><a href=\"http:\/\/www.alamy.com\/news\/#BHM=foo%3Dbar%26qt%3D%26pn%3D1%26ps%3D120%26aoa%3D1%26news%3D%26sports%3D%26entmt%3D%26Videos%3D%26bb%3D1%26md%3DOL2030828%26dt%3D%26gid%3D{685E70D6-C774-435E-A04E-205C8708D07F}%26destxml%3D%26imglst%3D%26orderby%3DDT%26newsseq%3D%26userid%3D%257B816CD4A2%252DC7F6%252D41F6%252DBFE9%252D51239B207F08%257D%26rand%3D1373149674666\" target=\"_blank\"><img loading=\"lazy\" decoding=\"async\" class=\"alignnone size-full wp-image-4817\" alt=\"DA7NC2\" src=\"https:\/\/www.chavinandez.com\/blog\/wp-content\/uploads\/2013\/07\/DA7NC2.jpg\" width=\"640\" height=\"444\" srcset=\"https:\/\/www.chavinandez.com\/blog\/wp-content\/uploads\/2013\/07\/DA7NC2.jpg 640w, https:\/\/www.chavinandez.com\/blog\/wp-content\/uploads\/2013\/07\/DA7NC2-200x138.jpg 200w, https:\/\/www.chavinandez.com\/blog\/wp-content\/uploads\/2013\/07\/DA7NC2-432x300.jpg 432w, https:\/\/www.chavinandez.com\/blog\/wp-content\/uploads\/2013\/07\/DA7NC2-332x230.jpg 332w\" sizes=\"auto, (max-width: 640px) 100vw, 640px\" \/><\/a><\/p>\n<p style=\"text-align: justify;\">El retraso hist\u00f3rico del chupinazo del 6 de julio de 2013 se ha debido a un boicot de unos desconocidos seg\u00fan han declarado en algunos medios. Para mi la irresponsabilidad de quienes han cabreado al personal presente en la plaza esperando su chupinazo es inconcebible. En otros t\u00e9rminos, o pa\u00edses civilizados, quiz\u00e1 hubiera sido m\u00e1s sencillo que dicha bandera estuviera junto a las otras en el palco del ayuntamiento y seguramente esto no hubiera ocurrido. Como nuestros pol\u00edticos y sus partidos son as\u00ed, dicha bandera, se ha convertido en la de la discordia (sin serlo) en el d\u00eda m\u00e1s se\u00f1alado de Pamplona. En este caso las consecuencias pod\u00edan haber sido tr\u00e1gicas. Solo quienes lo hemos vivido en directo (no por la tele&#8230;!!!) podemos atestiguarlo. Han sido unos veinte minutos bastante tensos, ya que hab\u00eda mucha gente muy enfadada en una plaza consistorial, aguantando la irresponsabilidad de algunos, en espera a la tradici\u00f3n bajo el sol de justicia de mediod\u00eda y en la que adem\u00e1s han sido bombardeados&#8230;con un cohete dejando a varias personas conmocionadas por el suelo.<\/p>\n<p style=\"text-align: justify;\"><a href=\"https:\/\/www.chavinandez.com\/blog\/wp-content\/uploads\/2013\/07\/SANFERMIN-SPAIN2013.jpg\"><img loading=\"lazy\" decoding=\"async\" class=\"alignnone size-full wp-image-4823\" alt=\"SANFERMIN-SPAIN2013\" src=\"https:\/\/www.chavinandez.com\/blog\/wp-content\/uploads\/2013\/07\/SANFERMIN-SPAIN2013.jpg\" width=\"1000\" height=\"662\" srcset=\"https:\/\/www.chavinandez.com\/blog\/wp-content\/uploads\/2013\/07\/SANFERMIN-SPAIN2013.jpg 1000w, https:\/\/www.chavinandez.com\/blog\/wp-content\/uploads\/2013\/07\/SANFERMIN-SPAIN2013-200x132.jpg 200w, https:\/\/www.chavinandez.com\/blog\/wp-content\/uploads\/2013\/07\/SANFERMIN-SPAIN2013-453x300.jpg 453w, https:\/\/www.chavinandez.com\/blog\/wp-content\/uploads\/2013\/07\/SANFERMIN-SPAIN2013-700x463.jpg 700w, https:\/\/www.chavinandez.com\/blog\/wp-content\/uploads\/2013\/07\/SANFERMIN-SPAIN2013-332x219.jpg 332w\" sizes=\"auto, (max-width: 1000px) 100vw, 1000px\" \/><\/a><\/p>\n<p style=\"text-align: justify;\">Un gesto irresponsable, que durante un cuarto de hora ha dado m\u00e1s protagonismo a la ikurri\u00f1a en medio de la plaza m\u00e1s televisada del mundo, en ese preciso momento que los cientos de medios internacionales miraban hacia all\u00ed. En fin, una vez m\u00e1s pol\u00edticos, los partidos y sus ideales vuelven a dejarnos a la marca Espa\u00f1a, y en concreto de nuestras tradiciones m\u00e1s llamativas a lo largo del globo, en otro incidente que como siempre hacen &#8220;Spain different&#8221;. Menos mal que los Pamploneses, que est\u00e1n curados de espanto han venido a pasarlo bien y lo han tomado como un incidente sin importancia y han vivido el comienzo de la fiesta con la misma ilusi\u00f3n que siempre. Por todos ellos &#8230;\u00a1\u00a1\u00a1 Viva San Ferm\u00edn&#8230;!!!!<\/p>\n<p style=\"text-align: justify;\"><a href=\"http:\/\/www.alamy.com\/news\/#BHM=foo%3Dbar%26qt%3D%26pn%3D1%26ps%3D120%26aoa%3D1%26news%3D%26sports%3D%26entmt%3D%26Videos%3D%26bb%3D1%26md%3DOL2030828%26dt%3D%26gid%3D{685E70D6-C774-435E-A04E-205C8708D07F}%26destxml%3D%26imglst%3D%26orderby%3DDT%26newsseq%3D%26userid%3D%257B816CD4A2%252DC7F6%252D41F6%252DBFE9%252D51239B207F08%257D%26rand%3D1373149674666\" target=\"_blank\">Ves m\u00e1s Im\u00e1genes del Chupinazo <\/a><\/p>\n","protected":false},"excerpt":{"rendered":"<p>El retraso hist\u00f3rico del chupinazo del 6 de julio de 2013 se ha debido a un boicot de unos desconocidos seg\u00fan han declarado en algunos medios. Para mi la irresponsabilidad de quienes han cabreado al personal presente en la plaza esperando su chupinazo es inconcebible. En otros t\u00e9rminos, o pa\u00edses &#8230;<\/p>\n","protected":false},"author":1,"featured_media":4817,"comment_status":"open","ping_status":"open","sticky":false,"template":"","format":"standard","meta":{"footnotes":""},"categories":[7],"tags":[1677,1670,1678,295,867,574,1679,1672,1680,1674,1673,1676,1671,784,1675],"class_list":["post-4816","post","type-post","status-publish","format-standard","has-post-thumbnail","hentry","category-experiencias","tag-banner-ikurrina","tag-chupinazo-2013","tag-ikurrina","tag-navarra","tag-navarre","tag-pamplona","tag-plaza-consistorial-pamplona","tag-san-fermin","tag-san-fermin-2013","tag-san-fermin-festival","tag-san-fermin-news","tag-san-fermines-banner","tag-sanfermines","tag-spain","tag-spain-san-fermin","column","threecol","has-thumbnail"],"_links":{"self":[{"href":"https:\/\/www.chavinandez.com\/blog\/wp-json\/wp\/v2\/posts\/4816","targetHints":{"allow":["GET"]}}],"collection":[{"href":"https:\/\/www.chavinandez.com\/blog\/wp-json\/wp\/v2\/posts"}],"about":[{"href":"https:\/\/www.chavinandez.com\/blog\/wp-json\/wp\/v2\/types\/post"}],"author":[{"embeddable":true,"href":"https:\/\/www.chavinandez.com\/blog\/wp-json\/wp\/v2\/users\/1"}],"replies":[{"embeddable":true,"href":"https:\/\/www.chavinandez.com\/blog\/wp-json\/wp\/v2\/comments?post=4816"}],"version-history":[{"count":8,"href":"https:\/\/www.chavinandez.com\/blog\/wp-json\/wp\/v2\/posts\/4816\/revisions"}],"predecessor-version":[{"id":4819,"href":"https:\/\/www.chavinandez.com\/blog\/wp-json\/wp\/v2\/posts\/4816\/revisions\/4819"}],"wp:featuredmedia":[{"embeddable":true,"href":"https:\/\/www.chavinandez.com\/blog\/wp-json\/wp\/v2\/media\/4817"}],"wp:attachment":[{"href":"https:\/\/www.chavinandez.com\/blog\/wp-json\/wp\/v2\/media?parent=4816"}],"wp:term":[{"taxonomy":"category","embeddable":true,"href":"https:\/\/www.chavinandez.com\/blog\/wp-json\/wp\/v2\/categories?post=4816"},{"taxonomy":"post_tag","embeddable":true,"href":"https:\/\/www.chavinandez.com\/blog\/wp-json\/wp\/v2\/tags?post=4816"}],"curies":[{"name":"wp","href":"https:\/\/api.w.org\/{rel}","templated":true}]}}