{"id":4662,"date":"2013-04-18T18:20:48","date_gmt":"2013-04-18T17:20:48","guid":{"rendered":"http:\/\/www.chavinandez.com\/blog\/?p=4662"},"modified":"2013-04-25T15:43:28","modified_gmt":"2013-04-25T14:43:28","slug":"el-fin-de-la-europa-unida","status":"publish","type":"post","link":"https:\/\/www.chavinandez.com\/blog\/el-fin-de-la-europa-unida\/","title":{"rendered":"El fin de la Europa unida"},"content":{"rendered":"<p><a href=\"http:\/\/www.alamy.com\/stock-photography\/816CD4A2-C7F6-41F6-BFE9-51239B207F08\/demonstration\/7\/0\/0\/1\/Francisco%20Javier%20Fern%C3%A1ndez%20Bordonada.html\" target=\"_blank\"><img loading=\"lazy\" decoding=\"async\" class=\"alignnone size-full wp-image-4663\" alt=\"Portuguese citizens protest by politics reforms during 16th February Demonstration in Lisboa city centre. Portugal, Europe\" src=\"https:\/\/www.chavinandez.com\/blog\/wp-content\/uploads\/2013\/04\/D5PX4H.jpg\" width=\"640\" height=\"447\" srcset=\"https:\/\/www.chavinandez.com\/blog\/wp-content\/uploads\/2013\/04\/D5PX4H.jpg 640w, https:\/\/www.chavinandez.com\/blog\/wp-content\/uploads\/2013\/04\/D5PX4H-200x139.jpg 200w, https:\/\/www.chavinandez.com\/blog\/wp-content\/uploads\/2013\/04\/D5PX4H-429x300.jpg 429w, https:\/\/www.chavinandez.com\/blog\/wp-content\/uploads\/2013\/04\/D5PX4H-332x231.jpg 332w\" sizes=\"auto, (max-width: 640px) 100vw, 640px\" \/><\/a><\/p>\n<p style=\"text-align: justify;\">Desde el 5 de abril de 2011 en que Jos\u00e9 S\u00f3crates, anterior ministro en funciones del pa\u00eds luso pidiera la activaci\u00f3n de un plan de rescate a la UE y el FMI de 78.000 mill. de euros que ser\u00edan devueltos en tres a\u00f1os y que no exigir\u00edan grandes sacrificios sociales, muchos acontecimientos en tan solo dos a\u00f1os se han sucedido, no s\u00f3lo en Portugal, sino en otros pa\u00edses, entre ellos el nuestro, Espa\u00f1a. Lo com\u00fan a todos, es que han dejado latente, que en las estrategias de la pol\u00edtica europea, los calificadores de deuda y los mercados, no s\u00f3lo hay movimientos de especulaci\u00f3n financiera a todos los niveles, sido un fraude encubierto.<\/p>\n<p style=\"text-align: justify;\"><a href=\"http:\/\/www.alamy.com\/stock-photography\/816CD4A2-C7F6-41F6-BFE9-51239B207F08\/demonstration\/7\/0\/0\/1\/Francisco%20Javier%20Fern%C3%A1ndez%20Bordonada.html\"><img loading=\"lazy\" decoding=\"async\" class=\"alignnone size-full wp-image-4666\" alt=\"May 15, 2012 - Madrid. Spain. Protesters during 15th May protest at Puerta del Sol in Madrid, under the social movement Spanish\" src=\"https:\/\/www.chavinandez.com\/blog\/wp-content\/uploads\/2013\/04\/CB0PEH.jpg\" width=\"640\" height=\"445\" srcset=\"https:\/\/www.chavinandez.com\/blog\/wp-content\/uploads\/2013\/04\/CB0PEH.jpg 640w, https:\/\/www.chavinandez.com\/blog\/wp-content\/uploads\/2013\/04\/CB0PEH-200x139.jpg 200w, https:\/\/www.chavinandez.com\/blog\/wp-content\/uploads\/2013\/04\/CB0PEH-431x300.jpg 431w, https:\/\/www.chavinandez.com\/blog\/wp-content\/uploads\/2013\/04\/CB0PEH-332x230.jpg 332w\" sizes=\"auto, (max-width: 640px) 100vw, 640px\" \/><\/a><\/p>\n<p style=\"text-align: justify;\">Algunos economistas, juristas o estudiosos de la pol\u00edtica lo describen como un conjunto de &#8220;acciones legalmente il\u00edcitas, inmorales, basadas en la usurpaci\u00f3n de los derechos y el poder adquisitivo de las clases sociales menos favorecidas&#8221; y que ha llevado al pa\u00eds portugu\u00e9s y otros tantos, a un punto sin retorno del cual es ya muy dif\u00edcil salir.<\/p>\n<p style=\"text-align: justify;\">Por proximidad e id\u00e9ntico sistema que nos gobierna, y con una clase pol\u00edtica que ha demostrado ser en su totalidad ineficiente y sin escr\u00fapulos, no tardar\u00e1 demasiado en cruzar a nuestras fr\u00e1giles fronteras, ya que igual que en Portugal, aqu\u00ed en Espa\u00f1a es y ser\u00e1 f\u00e1cil seguir sorteando las sentencias que los tribunales constitucionales dicten. Generando recortes in\u00fatiles y medidas contrarias a cualquier desarrollo l\u00f3gico de la econom\u00eda impidiendo el consumo, el progreso, el futuro de nuestros j\u00f3venes..<\/p>\n<p style=\"text-align: justify;\"><a href=\"http:\/\/www.alamy.com\/stock-photography\/816CD4A2-C7F6-41F6-BFE9-51239B207F08\/demonstration\/7\/0\/0\/1\/Francisco%20Javier%20Fern%C3%A1ndez%20Bordonada.html\"><img loading=\"lazy\" decoding=\"async\" class=\"alignnone size-full wp-image-4668\" alt=\"Protesters during a demonstration against cuts on public education services in central Saragossa, Spain\" src=\"https:\/\/www.chavinandez.com\/blog\/wp-content\/uploads\/2013\/04\/CXMCR2.jpg\" width=\"640\" height=\"444\" srcset=\"https:\/\/www.chavinandez.com\/blog\/wp-content\/uploads\/2013\/04\/CXMCR2.jpg 640w, https:\/\/www.chavinandez.com\/blog\/wp-content\/uploads\/2013\/04\/CXMCR2-200x138.jpg 200w, https:\/\/www.chavinandez.com\/blog\/wp-content\/uploads\/2013\/04\/CXMCR2-432x300.jpg 432w, https:\/\/www.chavinandez.com\/blog\/wp-content\/uploads\/2013\/04\/CXMCR2-332x230.jpg 332w\" sizes=\"auto, (max-width: 640px) 100vw, 640px\" \/><\/a><\/p>\n<p style=\"text-align: justify;\">Dos a\u00f1os despu\u00e9s,\u00a0 y ante todo ello,\u00a0 Portugal ha tenido que salir y protestar en las calles en decenas de ocasiones, manifestarse y gritar en\u00e9rgicamente en contra de las medidas y recortes que la pol\u00edtica les impone, levantar los brazos y seguir coreando consignas que apenas son noticia durante unos d\u00edas, al igual que la mayor\u00eda de &#8220;mareas&#8221; de otros pa\u00edses en los medios europeos.<\/p>\n<p style=\"text-align: justify;\">En el resto de Europa, no podemos saber hasta que punto esas protestas ir\u00e1n a m\u00e1s, pero viendo a diario las diferentes acciones y medidas de la clase pol\u00edtica, de sindicatos y mercados financieros, la troika y otros muchos interesados en dicho sistema que les beneficia pase lo que pase, no esta claro como acabar\u00e1 esto, si ning\u00fan tribunal hace justicia ante la barbarie pol\u00edtica y financiera y sigan sin pudor desahuciando y dejando a miles de familias en la calle, a su suerte.<\/p>\n<p style=\"text-align: justify;\"><a href=\"http:\/\/www.alamy.com\/stock-photography\/816CD4A2-C7F6-41F6-BFE9-51239B207F08\/demonstration\/7\/0\/0\/1\/Francisco%20Javier%20Fern%C3%A1ndez%20Bordonada.html\"><img loading=\"lazy\" decoding=\"async\" class=\"alignnone size-full wp-image-4669\" alt=\"An affected's group of eviction by spanish banks protest in front of bank claim with a banner in Saragossa, Spain\" src=\"https:\/\/www.chavinandez.com\/blog\/wp-content\/uploads\/2013\/04\/D47NG8.jpg\" width=\"640\" height=\"447\" srcset=\"https:\/\/www.chavinandez.com\/blog\/wp-content\/uploads\/2013\/04\/D47NG8.jpg 640w, https:\/\/www.chavinandez.com\/blog\/wp-content\/uploads\/2013\/04\/D47NG8-200x139.jpg 200w, https:\/\/www.chavinandez.com\/blog\/wp-content\/uploads\/2013\/04\/D47NG8-429x300.jpg 429w, https:\/\/www.chavinandez.com\/blog\/wp-content\/uploads\/2013\/04\/D47NG8-332x231.jpg 332w\" sizes=\"auto, (max-width: 640px) 100vw, 640px\" \/><\/a><\/p>\n<p style=\"text-align: justify;\">No es de extra\u00f1ar, que m\u00e1s pronto que tarde, lo que hoy denominan, manifestaciones pac\u00edficas, mareas y &#8220;escraches&#8221; se conviertan en acciones m\u00e1s serias a las que se llega irremediablemente, cuando la mayor\u00eda de un pueblo est\u00e1 al l\u00edmite. Quiz\u00e1 entonces,\u00a0 los hechos, hagan realmente reflexionar a quienes nos metieron en todo esto, teniendo que abandonar la pol\u00edtica, sus viviendas y su pa\u00eds, para salvar la vida, ante la respuesta l\u00f3gica de un pueblo realmente indignado, y dispuesto a lo que haga falta por dar de comer a los suyos y defender lo que durante muchos a\u00f1os han estado honradamente ganando.<\/p>\n<p style=\"text-align: justify;\"><a href=\"http:\/\/www.alamy.com\/stock-photography\/816CD4A2-C7F6-41F6-BFE9-51239B207F08\/demonstration\/7\/0\/0\/1\/Francisco%20Javier%20Fern%C3%A1ndez%20Bordonada.html\"><img loading=\"lazy\" decoding=\"async\" class=\"alignnone size-full wp-image-4671\" alt=\"Madrid, Spain, 9th Feb. 2013. Retired people protest in Puerta del Sol Madrid over the scandal of preferential share scam of Bankia banks\" src=\"https:\/\/www.chavinandez.com\/blog\/wp-content\/uploads\/2013\/04\/D34W9N.jpg\" width=\"640\" height=\"444\" srcset=\"https:\/\/www.chavinandez.com\/blog\/wp-content\/uploads\/2013\/04\/D34W9N.jpg 640w, https:\/\/www.chavinandez.com\/blog\/wp-content\/uploads\/2013\/04\/D34W9N-200x138.jpg 200w, https:\/\/www.chavinandez.com\/blog\/wp-content\/uploads\/2013\/04\/D34W9N-432x300.jpg 432w, https:\/\/www.chavinandez.com\/blog\/wp-content\/uploads\/2013\/04\/D34W9N-332x230.jpg 332w\" sizes=\"auto, (max-width: 640px) 100vw, 640px\" \/><\/a><\/p>\n<p style=\"text-align: justify;\">Quienes no sabemos de pol\u00edtica, aunque protestemos, poco podemos aportar, ya que la democracia, est\u00e1 claro ha dejado de serlo. En los \u00faltimos a\u00f1os yo al igual que muchos otros, solo hemos podido contribuir a que al menos quede <strong><a href=\"http:\/\/www.alamy.com\/stock-photography\/816CD4A2-C7F6-41F6-BFE9-51239B207F08\/demonstration\/7\/0\/0\/1\/Francisco%20Javier%20Fern%C3%A1ndez%20Bordonada.html\" target=\"_blank\">documento gr\u00e1fico<\/a><\/strong> de todo ello, para que nuestros hijos, nietos, puedan aprender en este episodio de nuestra historia, que es lo que llev\u00f3 a las clases sociales, a sus padres y abuelos, a todos sus vecinos, a rebelarse y entrar en guerra o guerrilla como anta\u00f1o, contra sus dirigentes, pol\u00edticos, financieros y expulsarlos del pa\u00eds, ese que un d\u00eda tuvo democracia, y que ellos y s\u00f3lo ellos, arrebataron, por la ambici\u00f3n, la usura y la sinraz\u00f3n, sin pensar en las consecuencias.<\/p>\n","protected":false},"excerpt":{"rendered":"<p>Desde el 5 de abril de 2011 en que Jos\u00e9 S\u00f3crates, anterior ministro en funciones del pa\u00eds luso pidiera la activaci\u00f3n de un plan de rescate a la UE y el FMI de 78.000 mill. de euros que ser\u00edan devueltos en tres a\u00f1os y que no exigir\u00edan grandes sacrificios sociales, &#8230;<\/p>\n","protected":false},"author":1,"featured_media":4663,"comment_status":"open","ping_status":"open","sticky":false,"template":"","format":"standard","meta":{"footnotes":""},"categories":[53,7,223],"tags":[1626,1625,22,1367,1621,1622,1104,1623,1303,1105,1624],"class_list":["post-4662","post","type-post","status-publish","format-standard","has-post-thumbnail","hentry","category-documental","category-experiencias","category-reportajes","tag-16-febrero-2013","tag-16f","tag-crisis","tag-demonstration","tag-euro","tag-eurocrisis","tag-lisboa","tag-lisbon","tag-manifestacion","tag-portugal","tag-troika","column","threecol","has-thumbnail"],"_links":{"self":[{"href":"https:\/\/www.chavinandez.com\/blog\/wp-json\/wp\/v2\/posts\/4662","targetHints":{"allow":["GET"]}}],"collection":[{"href":"https:\/\/www.chavinandez.com\/blog\/wp-json\/wp\/v2\/posts"}],"about":[{"href":"https:\/\/www.chavinandez.com\/blog\/wp-json\/wp\/v2\/types\/post"}],"author":[{"embeddable":true,"href":"https:\/\/www.chavinandez.com\/blog\/wp-json\/wp\/v2\/users\/1"}],"replies":[{"embeddable":true,"href":"https:\/\/www.chavinandez.com\/blog\/wp-json\/wp\/v2\/comments?post=4662"}],"version-history":[{"count":17,"href":"https:\/\/www.chavinandez.com\/blog\/wp-json\/wp\/v2\/posts\/4662\/revisions"}],"predecessor-version":[{"id":4667,"href":"https:\/\/www.chavinandez.com\/blog\/wp-json\/wp\/v2\/posts\/4662\/revisions\/4667"}],"wp:featuredmedia":[{"embeddable":true,"href":"https:\/\/www.chavinandez.com\/blog\/wp-json\/wp\/v2\/media\/4663"}],"wp:attachment":[{"href":"https:\/\/www.chavinandez.com\/blog\/wp-json\/wp\/v2\/media?parent=4662"}],"wp:term":[{"taxonomy":"category","embeddable":true,"href":"https:\/\/www.chavinandez.com\/blog\/wp-json\/wp\/v2\/categories?post=4662"},{"taxonomy":"post_tag","embeddable":true,"href":"https:\/\/www.chavinandez.com\/blog\/wp-json\/wp\/v2\/tags?post=4662"}],"curies":[{"name":"wp","href":"https:\/\/api.w.org\/{rel}","templated":true}]}}