{"id":4541,"date":"2013-03-06T12:14:12","date_gmt":"2013-03-06T11:14:12","guid":{"rendered":"http:\/\/www.chavinandez.com\/blog\/?p=4541"},"modified":"2013-03-06T12:14:12","modified_gmt":"2013-03-06T11:14:12","slug":"gracias-a-la-lluvia-que-me-ha-dado-tanto","status":"publish","type":"post","link":"https:\/\/www.chavinandez.com\/blog\/gracias-a-la-lluvia-que-me-ha-dado-tanto\/","title":{"rendered":"Gracias a la lluvia que me ha dado tanto&#8230;"},"content":{"rendered":"<p><img loading=\"lazy\" decoding=\"async\" class=\"alignnone size-full wp-image-4542\" alt=\"Iceland 2013\" src=\"https:\/\/www.chavinandez.com\/blog\/wp-content\/uploads\/2013\/03\/ISLANDIA2013-32.jpg\" width=\"800\" height=\"1198\" srcset=\"https:\/\/www.chavinandez.com\/blog\/wp-content\/uploads\/2013\/03\/ISLANDIA2013-32.jpg 800w, https:\/\/www.chavinandez.com\/blog\/wp-content\/uploads\/2013\/03\/ISLANDIA2013-32-100x150.jpg 100w, https:\/\/www.chavinandez.com\/blog\/wp-content\/uploads\/2013\/03\/ISLANDIA2013-32-200x300.jpg 200w, https:\/\/www.chavinandez.com\/blog\/wp-content\/uploads\/2013\/03\/ISLANDIA2013-32-683x1024.jpg 683w, https:\/\/www.chavinandez.com\/blog\/wp-content\/uploads\/2013\/03\/ISLANDIA2013-32-700x1048.jpg 700w, https:\/\/www.chavinandez.com\/blog\/wp-content\/uploads\/2013\/03\/ISLANDIA2013-32-332x497.jpg 332w\" sizes=\"auto, (max-width: 800px) 100vw, 800px\" \/><\/p>\n<p style=\"text-align: justify;\">Ya hemos vuelto de la 6\u00aa edici\u00f3n del viaje fotogr\u00e1fico a Islandia, en donde una vez m\u00e1s el pa\u00eds de las emociones y contrastes ha vuelto a dejarnos un buen sabor de boca. La aventura fotogr\u00e1fica de invierno ha sido intensa, y con una semana llena de tiempo adverso, fr\u00edo, viento, pero que hemos podido aprovechar al m\u00e1ximo. Como siempre, lo importante de todo viaje, es la aventura que descubres a cada paso, pero sobre todo las personas con las que compartes horas y kil\u00f3metros de viaje. Gracias a todos ellos por haber confiado en m\u00ed, para guiarles y en Alfonso Linares, de Boreal Travel en la gesti\u00f3n y coordinaci\u00f3n inmaculada como siempre, para descubrir algo de ese pa\u00eds m\u00e1gico. De todo ello aqu\u00ed ten\u00e9is unas cuantas fotos en mi galer\u00eda de <strong><a href=\"http:\/\/www.flickr.com\/photos\/chavinandez\/sets\/72157632926571035\/\" target=\"_blank\">Flickr<\/a><\/strong> y el <strong><a href=\"https:\/\/vimeo.com\/61139988\" target=\"_blank\">v\u00eddeo resumen<\/a><\/strong> de la aventura fotogr\u00e1fica a Islandia 6\u00aa edici\u00f3n.<\/p>\n<p style=\"text-align: justify;\"><img loading=\"lazy\" decoding=\"async\" class=\"alignnone size-full wp-image-4543\" alt=\"Iceland 2013\" src=\"https:\/\/www.chavinandez.com\/blog\/wp-content\/uploads\/2013\/03\/ISLANDIA2013-47.jpg\" width=\"800\" height=\"534\" srcset=\"https:\/\/www.chavinandez.com\/blog\/wp-content\/uploads\/2013\/03\/ISLANDIA2013-47.jpg 800w, https:\/\/www.chavinandez.com\/blog\/wp-content\/uploads\/2013\/03\/ISLANDIA2013-47-200x133.jpg 200w, https:\/\/www.chavinandez.com\/blog\/wp-content\/uploads\/2013\/03\/ISLANDIA2013-47-449x300.jpg 449w, https:\/\/www.chavinandez.com\/blog\/wp-content\/uploads\/2013\/03\/ISLANDIA2013-47-700x467.jpg 700w, https:\/\/www.chavinandez.com\/blog\/wp-content\/uploads\/2013\/03\/ISLANDIA2013-47-332x221.jpg 332w\" sizes=\"auto, (max-width: 800px) 100vw, 800px\" \/><\/p>\n<p style=\"text-align: justify;\">Si te animas pronto saldr\u00e1 publicada en <strong><a href=\"http:\/\/www.borealtravel.es\" target=\"_blank\">Boreal Travel<\/a><\/strong>, la pr\u00f3xima edici\u00f3n del viaje fotogr\u00e1fico a Islandia para verano de 2013 de 12 d\u00edas, organizada por Photolocus y un servidor, y como siempre para un grupo de 8 personas max. No te lo pierdas&#8230;os espero all\u00ed.<\/p>\n","protected":false},"excerpt":{"rendered":"<p>Ya hemos vuelto de la 6\u00aa edici\u00f3n del viaje fotogr\u00e1fico a Islandia, en donde una vez m\u00e1s el pa\u00eds de las emociones y contrastes ha vuelto a dejarnos un buen sabor de boca. La aventura fotogr\u00e1fica de invierno ha sido intensa, y con una semana llena de tiempo adverso, fr\u00edo, &#8230;<\/p>\n","protected":false},"author":1,"featured_media":4542,"comment_status":"open","ping_status":"open","sticky":false,"template":"","format":"standard","meta":{"footnotes":""},"categories":[159,7,9,356,23,223,11,3],"tags":[1192,917,1561,1180,191,1459,72,112,60,1563,1194,1559,265,1560,407,1437,59,888,1562,1282,1416],"class_list":["post-4541","post","type-post","status-publish","format-standard","has-post-thumbnail","hentry","category-destinos","category-experiencias","category-imagenes","category-novedades","category-promocion","category-reportajes","category-httpwwwlabatiruralcomwordpress","category-videos","tag-auroras-boreales","tag-boreal-travel","tag-curso-fotografia-en-islandia","tag-cursos-fotografia-islandia","tag-escapadas-de-fotografia","tag-fotografia-de-auroras","tag-fotografia-de-naturaleza","tag-fotografia-de-paisajes","tag-fotografia-de-viajes","tag-fotografiar-auroras-en-islandia","tag-iceland-trips","tag-iceland-workshops-2013","tag-islandia","tag-northern-lights","tag-photolocus","tag-taller-fotografia-islandia","tag-talleres-de-fotografia","tag-viajar-a-islandia","tag-viajar-a-islandia-con-camara","tag-viajar-islandia","tag-viaje-fotografico-islandia","column","threecol","has-thumbnail"],"_links":{"self":[{"href":"https:\/\/www.chavinandez.com\/blog\/wp-json\/wp\/v2\/posts\/4541","targetHints":{"allow":["GET"]}}],"collection":[{"href":"https:\/\/www.chavinandez.com\/blog\/wp-json\/wp\/v2\/posts"}],"about":[{"href":"https:\/\/www.chavinandez.com\/blog\/wp-json\/wp\/v2\/types\/post"}],"author":[{"embeddable":true,"href":"https:\/\/www.chavinandez.com\/blog\/wp-json\/wp\/v2\/users\/1"}],"replies":[{"embeddable":true,"href":"https:\/\/www.chavinandez.com\/blog\/wp-json\/wp\/v2\/comments?post=4541"}],"version-history":[{"count":1,"href":"https:\/\/www.chavinandez.com\/blog\/wp-json\/wp\/v2\/posts\/4541\/revisions"}],"predecessor-version":[{"id":4544,"href":"https:\/\/www.chavinandez.com\/blog\/wp-json\/wp\/v2\/posts\/4541\/revisions\/4544"}],"wp:featuredmedia":[{"embeddable":true,"href":"https:\/\/www.chavinandez.com\/blog\/wp-json\/wp\/v2\/media\/4542"}],"wp:attachment":[{"href":"https:\/\/www.chavinandez.com\/blog\/wp-json\/wp\/v2\/media?parent=4541"}],"wp:term":[{"taxonomy":"category","embeddable":true,"href":"https:\/\/www.chavinandez.com\/blog\/wp-json\/wp\/v2\/categories?post=4541"},{"taxonomy":"post_tag","embeddable":true,"href":"https:\/\/www.chavinandez.com\/blog\/wp-json\/wp\/v2\/tags?post=4541"}],"curies":[{"name":"wp","href":"https:\/\/api.w.org\/{rel}","templated":true}]}}