{"id":4507,"date":"2013-02-03T21:35:16","date_gmt":"2013-02-03T20:35:16","guid":{"rendered":"http:\/\/www.chavinandez.com\/blog\/?p=4507"},"modified":"2013-02-03T21:35:16","modified_gmt":"2013-02-03T20:35:16","slug":"un-lujo-para-el-paladar-y-los-sentidos","status":"publish","type":"post","link":"https:\/\/www.chavinandez.com\/blog\/un-lujo-para-el-paladar-y-los-sentidos\/","title":{"rendered":"Un lujo para el paladar y los sentidos"},"content":{"rendered":"<p><a href=\"http:\/\/chavinandez.photoshelter.com\/gallery\/Ferieta-Ainsa-2013\/G0000rqrpKJivDGE\/\"><img loading=\"lazy\" decoding=\"async\" class=\"alignnone size-full wp-image-4508\" alt=\"Ferieta de Ainsa 2013, Sobrarbe-Huesca, Aragon Pyrenees, Spain\" src=\"https:\/\/www.chavinandez.com\/blog\/wp-content\/uploads\/2013\/02\/Workshop-Ainsa-2013-31.jpg\" width=\"500\" height=\"697\" srcset=\"https:\/\/www.chavinandez.com\/blog\/wp-content\/uploads\/2013\/02\/Workshop-Ainsa-2013-31.jpg 500w, https:\/\/www.chavinandez.com\/blog\/wp-content\/uploads\/2013\/02\/Workshop-Ainsa-2013-31-107x150.jpg 107w, https:\/\/www.chavinandez.com\/blog\/wp-content\/uploads\/2013\/02\/Workshop-Ainsa-2013-31-215x300.jpg 215w, https:\/\/www.chavinandez.com\/blog\/wp-content\/uploads\/2013\/02\/Workshop-Ainsa-2013-31-332x462.jpg 332w\" sizes=\"auto, (max-width: 500px) 100vw, 500px\" \/><\/p>\n<p><\/a><\/p>\n<p style=\"text-align: justify;\">Como en a\u00f1os anteriores hemos vuelto a vivir, a pesar del viento y el fr\u00edo que es com\u00fan en estas fechas, de la hospitalidad y buen hacer de los habitantes de Ainsa y las decenas de comerciantes venidos de todos los rincones, que han sabido una vez m\u00e1s, traer como en tiempos remotos, artesan\u00edas, curiosidades, y algunos manjares y delicatesen dignos de ser catados, entre los que estaban, vinos y licores, las mejores trufas, quesos, embutidos y dulces, lo que para muchos de nosotros es siempre un lujo para el paladar y una vez m\u00e1s ha sido, tambi\u00e9n para los sentidos. Enhorabuena un a\u00f1o m\u00e1s a organizadores y valientes, en seguir apostando por mantener viva la identidad de nuestras tradiciones.<\/p>\n<p style=\"text-align: justify;\">De todo ello y como siempre, a pocas horas de lo acontecido, una mirada m\u00e1s de la <strong><a href=\"http:\/\/chavinandez.photoshelter.com\/gallery\/Ferieta-Ainsa-2013\/G0000rqrpKJivDGE\/\" target=\"_blank\">Ferieta de Ainsa 2013<\/a>.<\/strong><\/p>\n","protected":false},"excerpt":{"rendered":"<p>Como en a\u00f1os anteriores hemos vuelto a vivir, a pesar del viento y el fr\u00edo que es com\u00fan en estas fechas, de la hospitalidad y buen hacer de los habitantes de Ainsa y las decenas de comerciantes venidos de todos los rincones, que han sabido una vez m\u00e1s, traer como &#8230;<\/p>\n","protected":false},"author":1,"featured_media":4508,"comment_status":"open","ping_status":"open","sticky":false,"template":"","format":"standard","meta":{"footnotes":""},"categories":[159,53,7,9,356,23,223,11],"tags":[137,1526,229,1493,1524,1170,157,1525,67,78,666,1107],"class_list":["post-4507","post","type-post","status-publish","format-standard","has-post-thumbnail","hentry","category-destinos","category-documental","category-experiencias","category-imagenes","category-novedades","category-promocion","category-reportajes","category-httpwwwlabatiruralcomwordpress","tag-ainsa","tag-ainsa-2013","tag-aragon","tag-ferieta-de-ainsa","tag-ferieta-de-ainsa-2013","tag-fiestas-y-tradiciones","tag-huesca","tag-lainsa","tag-pirineos","tag-pyrenees","tag-sobrarbe","tag-tradiciones-populares","column","threecol","has-thumbnail"],"_links":{"self":[{"href":"https:\/\/www.chavinandez.com\/blog\/wp-json\/wp\/v2\/posts\/4507","targetHints":{"allow":["GET"]}}],"collection":[{"href":"https:\/\/www.chavinandez.com\/blog\/wp-json\/wp\/v2\/posts"}],"about":[{"href":"https:\/\/www.chavinandez.com\/blog\/wp-json\/wp\/v2\/types\/post"}],"author":[{"embeddable":true,"href":"https:\/\/www.chavinandez.com\/blog\/wp-json\/wp\/v2\/users\/1"}],"replies":[{"embeddable":true,"href":"https:\/\/www.chavinandez.com\/blog\/wp-json\/wp\/v2\/comments?post=4507"}],"version-history":[{"count":1,"href":"https:\/\/www.chavinandez.com\/blog\/wp-json\/wp\/v2\/posts\/4507\/revisions"}],"predecessor-version":[{"id":4509,"href":"https:\/\/www.chavinandez.com\/blog\/wp-json\/wp\/v2\/posts\/4507\/revisions\/4509"}],"wp:featuredmedia":[{"embeddable":true,"href":"https:\/\/www.chavinandez.com\/blog\/wp-json\/wp\/v2\/media\/4508"}],"wp:attachment":[{"href":"https:\/\/www.chavinandez.com\/blog\/wp-json\/wp\/v2\/media?parent=4507"}],"wp:term":[{"taxonomy":"category","embeddable":true,"href":"https:\/\/www.chavinandez.com\/blog\/wp-json\/wp\/v2\/categories?post=4507"},{"taxonomy":"post_tag","embeddable":true,"href":"https:\/\/www.chavinandez.com\/blog\/wp-json\/wp\/v2\/tags?post=4507"}],"curies":[{"name":"wp","href":"https:\/\/api.w.org\/{rel}","templated":true}]}}