{"id":4494,"date":"2013-01-21T21:19:27","date_gmt":"2013-01-21T20:19:27","guid":{"rendered":"http:\/\/www.chavinandez.com\/blog\/?p=4494"},"modified":"2013-01-21T23:48:57","modified_gmt":"2013-01-21T22:48:57","slug":"islandia-7a-edicion-en-marzo-disponible","status":"publish","type":"post","link":"https:\/\/www.chavinandez.com\/blog\/islandia-7a-edicion-en-marzo-disponible\/","title":{"rendered":"Islandia 7\u00aa edici\u00f3n en Marzo, disponible"},"content":{"rendered":"<p><img loading=\"lazy\" decoding=\"async\" class=\"alignnone size-full wp-image-4495\" alt=\"Photographers group on Sunset at Reykjavik city. Iceland\" src=\"https:\/\/www.chavinandez.com\/blog\/wp-content\/uploads\/2013\/01\/ICELAND-111.jpg\" width=\"500\" height=\"332\" srcset=\"https:\/\/www.chavinandez.com\/blog\/wp-content\/uploads\/2013\/01\/ICELAND-111.jpg 500w, https:\/\/www.chavinandez.com\/blog\/wp-content\/uploads\/2013\/01\/ICELAND-111-200x132.jpg 200w, https:\/\/www.chavinandez.com\/blog\/wp-content\/uploads\/2013\/01\/ICELAND-111-451x300.jpg 451w, https:\/\/www.chavinandez.com\/blog\/wp-content\/uploads\/2013\/01\/ICELAND-111-332x220.jpg 332w\" sizes=\"auto, (max-width: 500px) 100vw, 500px\" \/><\/p>\n<p style=\"text-align: justify;\">Me han confirmado esta misma tarde, que ya esta completo el <a href=\"https:\/\/www.chavinandez.com\/blog\/?p=4344\" target=\"_blank\">viaje fotogr\u00e1fico a Islandia de Febrero, la 6\u00aa edici\u00f3n<\/a> que hacemos desde <a href=\"http:\/\/www.photolocus.net\" target=\"_blank\">Photolocus.net<\/a> y <a href=\"http:\/\/www.borealtravel.es\/viajes_a_islandia\/viaje_fotografico_en_islandia.php\" target=\"_blank\">Boreal Travel<\/a> en esta ocasi\u00f3n en invierno. Como hay bastante gente interesada y algunos han llegado tarde, hemos confirmado una <strong>7\u00aa edici\u00f3n<\/strong> que se celebrar\u00e1 a continuaci\u00f3n de \u00e9sta, del 2 al 9 de marzo de 2013, con el mismo recorrido y tambi\u00e9n <strong>s\u00f3lo para 8 personas<\/strong> con un precio de <strong>995\u20ac + vuelos+ tasas<\/strong>. Para aquellos que nos hab\u00e9is pedido informaci\u00f3n \u00e9stos \u00faltimos d\u00edas, pod\u00e9is descargar los detalles de dicha edici\u00f3n en la <a href=\"http:\/\/www.borealtravel.es\/viajes_a_islandia\/viaje_fotografico_en_islandia.php\" target=\"_blank\">p\u00e1gina de Boreal Travel<\/a>, esperando pod\u00e1is vivir de cerca esta nueva aventura fotogr\u00e1fica en Islandia.<\/p>\n","protected":false},"excerpt":{"rendered":"<p>Me han confirmado esta misma tarde, que ya esta completo el viaje fotogr\u00e1fico a Islandia de Febrero, la 6\u00aa edici\u00f3n que hacemos desde Photolocus.net y Boreal Travel en esta ocasi\u00f3n en invierno. Como hay bastante gente interesada y algunos han llegado tarde, hemos confirmado una 7\u00aa edici\u00f3n que se celebrar\u00e1 &#8230;<\/p>\n","protected":false},"author":1,"featured_media":4495,"comment_status":"open","ping_status":"open","sticky":false,"template":"","format":"standard","meta":{"footnotes":""},"categories":[159,7,36,9,356,23,11],"tags":[1192,917,1519,60,1516,265,576,1520,888,1517,1521,1416,1488,1515,1514,641,1518],"class_list":["post-4494","post","type-post","status-publish","format-standard","has-post-thumbnail","hentry","category-destinos","category-experiencias","category-fotografia","category-imagenes","category-novedades","category-promocion","category-httpwwwlabatiruralcomwordpress","tag-auroras-boreales","tag-boreal-travel","tag-fotografia-de-auroras-boreales","tag-fotografia-de-viajes","tag-fotografiar-auroras-boreales","tag-islandia","tag-photolocusnet","tag-viaja-islandia","tag-viajar-a-islandia","tag-viajar-islandia-2013","tag-viajar-islandia-en-2013","tag-viaje-fotografico-islandia","tag-viaje-islandia-2013","tag-viaje-islandia-auroras","tag-viaje-islandia-marzo","tag-viajes-fotograficos","tag-viajes-photolocus","column","threecol","has-thumbnail"],"_links":{"self":[{"href":"https:\/\/www.chavinandez.com\/blog\/wp-json\/wp\/v2\/posts\/4494","targetHints":{"allow":["GET"]}}],"collection":[{"href":"https:\/\/www.chavinandez.com\/blog\/wp-json\/wp\/v2\/posts"}],"about":[{"href":"https:\/\/www.chavinandez.com\/blog\/wp-json\/wp\/v2\/types\/post"}],"author":[{"embeddable":true,"href":"https:\/\/www.chavinandez.com\/blog\/wp-json\/wp\/v2\/users\/1"}],"replies":[{"embeddable":true,"href":"https:\/\/www.chavinandez.com\/blog\/wp-json\/wp\/v2\/comments?post=4494"}],"version-history":[{"count":5,"href":"https:\/\/www.chavinandez.com\/blog\/wp-json\/wp\/v2\/posts\/4494\/revisions"}],"predecessor-version":[{"id":4499,"href":"https:\/\/www.chavinandez.com\/blog\/wp-json\/wp\/v2\/posts\/4494\/revisions\/4499"}],"wp:featuredmedia":[{"embeddable":true,"href":"https:\/\/www.chavinandez.com\/blog\/wp-json\/wp\/v2\/media\/4495"}],"wp:attachment":[{"href":"https:\/\/www.chavinandez.com\/blog\/wp-json\/wp\/v2\/media?parent=4494"}],"wp:term":[{"taxonomy":"category","embeddable":true,"href":"https:\/\/www.chavinandez.com\/blog\/wp-json\/wp\/v2\/categories?post=4494"},{"taxonomy":"post_tag","embeddable":true,"href":"https:\/\/www.chavinandez.com\/blog\/wp-json\/wp\/v2\/tags?post=4494"}],"curies":[{"name":"wp","href":"https:\/\/api.w.org\/{rel}","templated":true}]}}