{"id":4344,"date":"2013-01-05T19:03:52","date_gmt":"2013-01-05T18:03:52","guid":{"rendered":"http:\/\/www.chavinandez.com\/blog\/?p=4344"},"modified":"2013-01-05T19:04:03","modified_gmt":"2013-01-05T18:04:03","slug":"viaje-fotografico-a-islandia-6a-edicion","status":"publish","type":"post","link":"https:\/\/www.chavinandez.com\/blog\/viaje-fotografico-a-islandia-6a-edicion\/","title":{"rendered":"Viaje fotogr\u00e1fico a Islandia, 6\u00aa edici\u00f3n"},"content":{"rendered":"<p style=\"text-align: justify;\"><a href=\"https:\/\/www.chavinandez.com\/blog\/?attachment_id=4197\" rel=\"attachment wp-att-4197\"><img loading=\"lazy\" decoding=\"async\" class=\"alignnone size-full wp-image-4197\" alt=\"northern-lights-2\" src=\"https:\/\/www.chavinandez.com\/blog\/wp-content\/uploads\/2012\/10\/northern-lights-2.jpg\" width=\"800\" height=\"530\" srcset=\"https:\/\/www.chavinandez.com\/blog\/wp-content\/uploads\/2012\/10\/northern-lights-2.jpg 800w, https:\/\/www.chavinandez.com\/blog\/wp-content\/uploads\/2012\/10\/northern-lights-2-200x132.jpg 200w, https:\/\/www.chavinandez.com\/blog\/wp-content\/uploads\/2012\/10\/northern-lights-2-452x300.jpg 452w\" sizes=\"auto, (max-width: 800px) 100vw, 800px\" \/><\/a><\/p>\n<p style=\"text-align: justify;\">Este a\u00f1o es uno de esos m\u00e1gicos momentos que la naturaleza nos ofrece un espect\u00e1culo \u00fanico, debido a una elevada actividad solar c\u00edclica. Ya en oto\u00f1o del pasado a\u00f1o del 2012, la luminosidad e intensidad con la que pudimos ver las &#8220;luces del norte&#8221; o com\u00fanmente llamadas, auroras boreales, fue uno m\u00e1s de los alicientes de nuestra ya veterana aventura fotogr\u00e1fica a Islandia. Si bien entrado el invierno se cumplen muchas de las condiciones favorables para disfrutar este fen\u00f3meno, en a\u00f1os anteriores en el pa\u00eds island\u00e9s se han podido ver desde finales de agosto y septiembre.<\/p>\n<p style=\"text-align: justify;\"><a href=\"https:\/\/www.chavinandez.com\/blog\/?attachment_id=3493\" rel=\"attachment wp-att-3493\"><img loading=\"lazy\" decoding=\"async\" class=\"alignnone size-full wp-image-3493\" alt=\"iceland-reykjanesta\" src=\"https:\/\/www.chavinandez.com\/blog\/wp-content\/uploads\/2011\/07\/iceland-reykjanesta.jpg\" width=\"750\" height=\"497\" srcset=\"https:\/\/www.chavinandez.com\/blog\/wp-content\/uploads\/2011\/07\/iceland-reykjanesta.jpg 750w, https:\/\/www.chavinandez.com\/blog\/wp-content\/uploads\/2011\/07\/iceland-reykjanesta-200x132.jpg 200w, https:\/\/www.chavinandez.com\/blog\/wp-content\/uploads\/2011\/07\/iceland-reykjanesta-452x300.jpg 452w\" sizes=\"auto, (max-width: 750px) 100vw, 750px\" \/><\/a><\/p>\n<p style=\"text-align: justify;\">Las ofertas actuales para viajar al pa\u00eds este a\u00f1o se ha incrementado de manera importante, ya que pasar\u00e1n de nuevo unos cuantos a\u00f1os hasta poder volver a disfrutar de un ciclo de tanta actividad solar.<\/p>\n<p style=\"text-align: justify;\"><a href=\"https:\/\/www.chavinandez.com\/blog\/?attachment_id=3785\" rel=\"attachment wp-att-3785\"><img loading=\"lazy\" decoding=\"async\" class=\"alignnone size-full wp-image-3785\" alt=\"Icelandic-Landscape-392\" src=\"https:\/\/www.chavinandez.com\/blog\/wp-content\/uploads\/2012\/02\/Icelandic-Landscape-392.jpg\" width=\"500\" height=\"331\" srcset=\"https:\/\/www.chavinandez.com\/blog\/wp-content\/uploads\/2012\/02\/Icelandic-Landscape-392.jpg 500w, https:\/\/www.chavinandez.com\/blog\/wp-content\/uploads\/2012\/02\/Icelandic-Landscape-392-200x132.jpg 200w, https:\/\/www.chavinandez.com\/blog\/wp-content\/uploads\/2012\/02\/Icelandic-Landscape-392-453x300.jpg 453w\" sizes=\"auto, (max-width: 500px) 100vw, 500px\" \/><\/a><\/p>\n<p style=\"text-align: justify;\">Nosotros haremos este febrero una <strong>edici\u00f3n especial para 8 personas<\/strong> y la primera de las seis que hemos realizado desde 2009 en \u00e9poca invernal. Mientras que estos a\u00f1os anteriores hemos dado ya cinco vueltas al pa\u00eds, recorriendo todas y cada una de las ocho regiones islandesas, a finales de febrero de 2013 recorreremos el <strong>suroeste y sureste de Islandia<\/strong> en busca de los mismos paisajes que hemos fotografiado en \u00e9poca estival y oto\u00f1al, pero en esta ocasi\u00f3n, cubiertas de nieve y hielo, y tambi\u00e9n durmiendo en <strong>cinco localizaciones diferentes<\/strong> a la caza de las auroras boreales, entre ellas <strong>cuatro en Parques Naturales del Pa\u00eds<\/strong>.<\/p>\n<p style=\"text-align: justify;\"><a href=\"https:\/\/www.chavinandez.com\/blog\/?attachment_id=4174\" rel=\"attachment wp-att-4174\"><img loading=\"lazy\" decoding=\"async\" class=\"alignnone size-full wp-image-4174\" alt=\"Bakki landscape area. South Iceland\" src=\"https:\/\/www.chavinandez.com\/blog\/wp-content\/uploads\/2012\/09\/ICELAND-694.jpg\" width=\"500\" height=\"332\" srcset=\"https:\/\/www.chavinandez.com\/blog\/wp-content\/uploads\/2012\/09\/ICELAND-694.jpg 500w, https:\/\/www.chavinandez.com\/blog\/wp-content\/uploads\/2012\/09\/ICELAND-694-200x132.jpg 200w, https:\/\/www.chavinandez.com\/blog\/wp-content\/uploads\/2012\/09\/ICELAND-694-451x300.jpg 451w\" sizes=\"auto, (max-width: 500px) 100vw, 500px\" \/><\/a><\/p>\n<p style=\"text-align: justify;\">Con <strong>8 d\u00edas de viaje y 7 noches de fotograf\u00eda nocturna<\/strong> esperamos tener suerte y poder compartir con todos vosotros a la vuelta, las capturas de esa magia de las luces del norte. Cruzaremos los dedos. Mientras s\u00f3lo nos queda ir preparando equipo e ir ultimando los preparativos para esa nueva aventura fotogr\u00e1fica de <strong><a href=\"http:\/\/www.facebook.com\/events\/211457775654142\/\" target=\"_blank\">Photolocus.net y Boreal Travel<\/a><\/strong>, a la que si te animas, a\u00fan est\u00e1s a tiempo estas semanas que se cierra el viaje, y del que quedan un par de plazas, como siempre, con la mejor garant\u00eda y soporte de una agencia de viajes del pa\u00eds y un precio imbatible, <a href=\"http:\/\/www.facebook.com\/events\/211457775654142\/\" target=\"_blank\">995\u20ac + vuelos + tasas<\/a>.<\/p>\n<p style=\"text-align: justify;\">Para ver m\u00e1s informaci\u00f3n de la Aventura fotogr\u00e1fica a Islandia 6\u00aa edici\u00f3n ir <a href=\"http:\/\/www.borealtravel.es\/viajes_a_islandia\/viaje_fotografico_en_islandia.php\" target=\"_blank\">aqu\u00ed<\/a>.<br \/>\nPara aprender como fotografiar auroras ve <a href=\"https:\/\/www.chavinandez.com\/blog\/?p=4194\">aqu\u00ed<\/a>.<br \/>\nPara ver im\u00e1genes de archivo de estas ediciones anteriores ir <a href=\"http:\/\/chavinandez.photoshelter.com\/gallery\/Iceland\/G0000_LBclx1LDJk\/C0000Dq6.xhDzIB8\" target=\"_blank\">aqu\u00ed<\/a>.<\/p>\n<p style=\"text-align: justify;\">\n","protected":false},"excerpt":{"rendered":"<p>Este a\u00f1o es uno de esos m\u00e1gicos momentos que la naturaleza nos ofrece un espect\u00e1culo \u00fanico, debido a una elevada actividad solar c\u00edclica. Ya en oto\u00f1o del pasado a\u00f1o del 2012, la luminosidad e intensidad con la que pudimos ver las &#8220;luces del norte&#8221; o com\u00fanmente llamadas, auroras boreales, fue &#8230;<\/p>\n","protected":false},"author":1,"featured_media":4197,"comment_status":"open","ping_status":"closed","sticky":false,"template":"","format":"standard","meta":{"footnotes":""},"categories":[159,7,36,356,23,37,11],"tags":[1192,1490,1458,1282,1492,1491,1416,1489,1488],"class_list":["post-4344","post","type-post","status-publish","format-standard","has-post-thumbnail","hentry","category-destinos","category-experiencias","category-fotografia","category-novedades","category-promocion","category-talleres","category-httpwwwlabatiruralcomwordpress","tag-auroras-boreales","tag-fotografia-auroras-boreales","tag-fotografiar-auroras","tag-viajar-islandia","tag-viaje-2013-islandia","tag-viaje-febrero-islandia","tag-viaje-fotografico-islandia","tag-viaje-islandia","tag-viaje-islandia-2013","column","threecol","has-thumbnail"],"_links":{"self":[{"href":"https:\/\/www.chavinandez.com\/blog\/wp-json\/wp\/v2\/posts\/4344","targetHints":{"allow":["GET"]}}],"collection":[{"href":"https:\/\/www.chavinandez.com\/blog\/wp-json\/wp\/v2\/posts"}],"about":[{"href":"https:\/\/www.chavinandez.com\/blog\/wp-json\/wp\/v2\/types\/post"}],"author":[{"embeddable":true,"href":"https:\/\/www.chavinandez.com\/blog\/wp-json\/wp\/v2\/users\/1"}],"replies":[{"embeddable":true,"href":"https:\/\/www.chavinandez.com\/blog\/wp-json\/wp\/v2\/comments?post=4344"}],"version-history":[{"count":5,"href":"https:\/\/www.chavinandez.com\/blog\/wp-json\/wp\/v2\/posts\/4344\/revisions"}],"predecessor-version":[{"id":4422,"href":"https:\/\/www.chavinandez.com\/blog\/wp-json\/wp\/v2\/posts\/4344\/revisions\/4422"}],"wp:featuredmedia":[{"embeddable":true,"href":"https:\/\/www.chavinandez.com\/blog\/wp-json\/wp\/v2\/media\/4197"}],"wp:attachment":[{"href":"https:\/\/www.chavinandez.com\/blog\/wp-json\/wp\/v2\/media?parent=4344"}],"wp:term":[{"taxonomy":"category","embeddable":true,"href":"https:\/\/www.chavinandez.com\/blog\/wp-json\/wp\/v2\/categories?post=4344"},{"taxonomy":"post_tag","embeddable":true,"href":"https:\/\/www.chavinandez.com\/blog\/wp-json\/wp\/v2\/tags?post=4344"}],"curies":[{"name":"wp","href":"https:\/\/api.w.org\/{rel}","templated":true}]}}