{"id":4166,"date":"2012-09-20T09:36:09","date_gmt":"2012-09-20T08:36:09","guid":{"rendered":"http:\/\/www.chavinandez.com\/blog\/?p=4166"},"modified":"2013-01-05T01:43:45","modified_gmt":"2013-01-05T00:43:45","slug":"rumbo-a-islandia-5a-edicion","status":"publish","type":"post","link":"https:\/\/www.chavinandez.com\/blog\/rumbo-a-islandia-5a-edicion\/","title":{"rendered":"Rumbo a Islandia 5\u00aa edici\u00f3n"},"content":{"rendered":"<p><a href=\"https:\/\/www.chavinandez.com\/blog\/wp-content\/uploads\/2012\/09\/iceland2012.jpg\"><img loading=\"lazy\" decoding=\"async\" class=\"alignnone size-full wp-image-4167\" title=\"Iceland2012-Photolocus.net\" src=\"https:\/\/www.chavinandez.com\/blog\/wp-content\/uploads\/2012\/09\/iceland2012.jpg\" alt=\"\" width=\"500\" height=\"268\" srcset=\"https:\/\/www.chavinandez.com\/blog\/wp-content\/uploads\/2012\/09\/iceland2012.jpg 500w, https:\/\/www.chavinandez.com\/blog\/wp-content\/uploads\/2012\/09\/iceland2012-200x107.jpg 200w, https:\/\/www.chavinandez.com\/blog\/wp-content\/uploads\/2012\/09\/iceland2012-480x257.jpg 480w\" sizes=\"auto, (max-width: 500px) 100vw, 500px\" \/><\/a><\/p>\n<p style=\"text-align: justify;\">Gracias a <strong><a href=\"http:\/\/www.borealtravel.es\" target=\"_blank\">Boreal Travel<\/a><\/strong>, y en colaboraci\u00f3n con <strong><a href=\"http:\/\/www.photolocus.net\" target=\"_blank\">Photolocus.net<\/a><\/strong>, volvemos este a\u00f1o aprovechar una de sus ofertas (5 d\u00edas, 4 noches, vuelo desde Barcelona, alojamiento con desayuno buffet, transporte y gu\u00eda de localizaciones del taller fotogr\u00e1fico con 9 asistentes)\u00a0 a un precio inmejorable , poco menos de <strong>1.200\u20ac<\/strong>. Un viaje a Islandia, que parte de\u00a0<strong><a href=\"http:\/\/chavinandez.photoshelter.com\/search\/search?I_DSC=Reykjavik&amp;I_DSC_AND=t&amp;I_CITY=&amp;I_STATE=&amp;I_COUNTRY_ISO=&amp;I_IS_RELEASED=&amp;I_IS_PRELEASED=&amp;I_ORIENTATION=&amp;_CB_I_PR=t&amp;_CB_I_PU=t&amp;_CB_I_RF=t&amp;_CB_I_RM=t&amp;I_SORT=RANK&amp;C_ID=&amp;_ACT=search&amp;F_REFINE=t\" target=\"_blank\">Reikjavik<\/a><\/strong> en donde ellos tienen la sede de su agencia, y que est\u00e1 organizado especialmente para fot\u00f3grafos. Una aventura que a\u00f1os anteriores nos ha dejado muy buen sabor de boca a todos los que la hemos vivido. <strong><a href=\"http:\/\/chavinandez.photoshelter.com\/gallery\/Iceland\/G0000_LBclx1LDJk\/\" target=\"_blank\">Islandia<\/a><\/strong> como muchos sab\u00e9is es un pa\u00eds con una luz especial y si bien esta edici\u00f3n se realiza con menos horas de luz (a partir de las 6 de la tarde anochece) est\u00e1 claro que las posibilidades de disfrutar de sus otras luces, las m\u00edticas auroras&#8230;., son mayores, m\u00e1s en el a\u00f1o con mayor fuerza solar en mucho tiempo, aunque nunca es una garant\u00eda, al depender del tiempo por posibles borrascas puntuales, no s\u00f3lo las auroras son el punto fuerte del viaje.<\/p>\n<p style=\"text-align: justify;\"><a href=\"https:\/\/www.chavinandez.com\/blog\/wp-content\/uploads\/2012\/09\/ICELAND-694.jpg\"><img loading=\"lazy\" decoding=\"async\" class=\"alignnone size-full wp-image-4174\" title=\"Bakki landscape area. South Iceland\" src=\"https:\/\/www.chavinandez.com\/blog\/wp-content\/uploads\/2012\/09\/ICELAND-694.jpg\" alt=\"\" width=\"500\" height=\"332\" srcset=\"https:\/\/www.chavinandez.com\/blog\/wp-content\/uploads\/2012\/09\/ICELAND-694.jpg 500w, https:\/\/www.chavinandez.com\/blog\/wp-content\/uploads\/2012\/09\/ICELAND-694-200x132.jpg 200w, https:\/\/www.chavinandez.com\/blog\/wp-content\/uploads\/2012\/09\/ICELAND-694-451x300.jpg 451w\" sizes=\"auto, (max-width: 500px) 100vw, 500px\" \/><\/a><\/p>\n<p style=\"text-align: justify;\">Con 5 d\u00edas de estancia en el sur del pa\u00eds, (la llegada al pa\u00eds es a las 8 de la ma\u00f1ana y la vuelta a las 8 de la tarde del quinto d\u00eda) alguno de los hitos de este viaje son adem\u00e1s de la caza de las auroras, la captura de la esencia de una ciudad viva y joven como lo es <strong><a href=\"http:\/\/chavinandez.photoshelter.com\/search\/search?I_DSC=Reykjavik&amp;I_DSC_AND=t&amp;I_CITY=&amp;I_STATE=&amp;I_COUNTRY_ISO=&amp;I_IS_RELEASED=&amp;I_IS_PRELEASED=&amp;I_ORIENTATION=&amp;_CB_I_PR=t&amp;_CB_I_PU=t&amp;_CB_I_RF=t&amp;_CB_I_RM=t&amp;I_SORT=RANK&amp;C_ID=&amp;_ACT=search&amp;F_REFINE=t\" target=\"_blank\">Reikjavik<\/a><\/strong> o el recorrido por la natura Hella, El C\u00edrculo de Oro, Gulffos, Bruarfoss y otros entornos singulares de una de las zonas m\u00e1s fotografiadas de Islandia, el sur, con Vik como segundo campo base. Hacemos tambi\u00e9n en esos d\u00edas el acercamiento a Jokulsarlom y sus icebergs a la luz del crep\u00fasculo o la inmensa mole del Skaftafell National Park, todo esto al este del pa\u00eds. Si no ten\u00e9is plan para este puente del Pilar, ahora ya hay una buena excusa para ello.<\/p>\n<p>M\u00e1s informaci\u00f3n sobre el viaje en <a href=\"http:\/\/www.borealtravel.es\/Folleto%20Escapada%20foto%20Octubre%202012.pdf\" target=\"_blank\">BorealTravel.es<\/a><\/p>\n<p>&nbsp;<\/p>\n","protected":false},"excerpt":{"rendered":"<p>Gracias a Boreal Travel, y en colaboraci\u00f3n con Photolocus.net, volvemos este a\u00f1o aprovechar una de sus ofertas (5 d\u00edas, 4 noches, vuelo desde Barcelona, alojamiento con desayuno buffet, transporte y gu\u00eda de localizaciones del taller fotogr\u00e1fico con 9 asistentes)\u00a0 a un precio inmejorable , poco menos de 1.200\u20ac. Un viaje &#8230;<\/p>\n","protected":false},"author":1,"featured_media":4167,"comment_status":"open","ping_status":"closed","sticky":false,"template":"","format":"standard","meta":{"footnotes":""},"categories":[159,7,36,356,23,37,11],"tags":[1440,917,1180,992,1438,1443,1445,1444,1194,1442,407,58,1441,1437,1436,888,1435,1439,1184,1416],"class_list":["post-4166","post","type-post","status-publish","format-standard","has-post-thumbnail","hentry","category-destinos","category-experiencias","category-fotografia","category-novedades","category-promocion","category-talleres","category-httpwwwlabatiruralcomwordpress","tag-actividades-fotografia-islandia","tag-boreal-travel","tag-cursos-fotografia-islandia","tag-fotografia-otono","tag-fotografiar-las-auroras","tag-icebergs-en-islandia","tag-iceland-photographers","tag-iceland-tours","tag-iceland-trips","tag-jokulsarlom","tag-photolocus","tag-puente-del-pilar","tag-skaftafell-national-park","tag-taller-fotografia-islandia","tag-talleres-fotograficos","tag-viajar-a-islandia","tag-viaje-a-islandia","tag-viaje-a-islandia-fotografos","tag-viaje-fotografico-a-islandia","tag-viaje-fotografico-islandia","column","threecol","has-thumbnail"],"_links":{"self":[{"href":"https:\/\/www.chavinandez.com\/blog\/wp-json\/wp\/v2\/posts\/4166","targetHints":{"allow":["GET"]}}],"collection":[{"href":"https:\/\/www.chavinandez.com\/blog\/wp-json\/wp\/v2\/posts"}],"about":[{"href":"https:\/\/www.chavinandez.com\/blog\/wp-json\/wp\/v2\/types\/post"}],"author":[{"embeddable":true,"href":"https:\/\/www.chavinandez.com\/blog\/wp-json\/wp\/v2\/users\/1"}],"replies":[{"embeddable":true,"href":"https:\/\/www.chavinandez.com\/blog\/wp-json\/wp\/v2\/comments?post=4166"}],"version-history":[{"count":8,"href":"https:\/\/www.chavinandez.com\/blog\/wp-json\/wp\/v2\/posts\/4166\/revisions"}],"predecessor-version":[{"id":4172,"href":"https:\/\/www.chavinandez.com\/blog\/wp-json\/wp\/v2\/posts\/4166\/revisions\/4172"}],"wp:featuredmedia":[{"embeddable":true,"href":"https:\/\/www.chavinandez.com\/blog\/wp-json\/wp\/v2\/media\/4167"}],"wp:attachment":[{"href":"https:\/\/www.chavinandez.com\/blog\/wp-json\/wp\/v2\/media?parent=4166"}],"wp:term":[{"taxonomy":"category","embeddable":true,"href":"https:\/\/www.chavinandez.com\/blog\/wp-json\/wp\/v2\/categories?post=4166"},{"taxonomy":"post_tag","embeddable":true,"href":"https:\/\/www.chavinandez.com\/blog\/wp-json\/wp\/v2\/tags?post=4166"}],"curies":[{"name":"wp","href":"https:\/\/api.w.org\/{rel}","templated":true}]}}