{"id":4016,"date":"2012-06-10T17:00:21","date_gmt":"2012-06-10T16:00:21","guid":{"rendered":"http:\/\/www.chavinandez.com\/blog\/?p=4016"},"modified":"2013-01-05T11:47:10","modified_gmt":"2013-01-05T10:47:10","slug":"monegros-el-paraiso-perdido","status":"publish","type":"post","link":"https:\/\/www.chavinandez.com\/blog\/monegros-el-paraiso-perdido\/","title":{"rendered":"Monegros el paraiso perdido"},"content":{"rendered":"<p style=\"text-align: justify;\"><img loading=\"lazy\" decoding=\"async\" class=\"alignnone\" alt=\"\" src=\"https:\/\/www.chavinandez.com\/blog\/wp-content\/uploads\/2011\/06\/monegros.jpg\" width=\"499\" height=\"330\" \/><\/p>\n<p style=\"text-align: justify;\">Todos los a\u00f1os cuando llegan estas fechas, el verano, hay una actividad que sorprende gratamente a quien la realiza. Se trata de descubrir en una ruta circular, lo m\u00e1s perdido, bello y \u00e1rido de la Comarca de los Monegros. Un paisaje lleno de formas, de horizontes y colores que a nadie deja indiferente, y por ello no es dif\u00edcil que ya est\u00e9 completa desde hace tiempo, la edici\u00f3n del<strong><a href=\"http:\/\/www.photolocus.net\/shop\/talleres-de-fin-de-semana\/59-taller-de-fotografia-en-monegros-ruta-circular.html\" target=\"_blank\"> 23 y 24 Junio<\/a><\/strong> de la semana que viene, aunque <strong><a href=\"http:\/\/www.photolocus.net\/shop\/talleres-de-fin-de-semana\/59-taller-de-fotografia-en-monegros-ruta-circular.html\" target=\"_blank\">Photolocus<\/a><\/strong> acaba de publicar una nueva convocatoria del <strong><a href=\"http:\/\/www.photolocus.net\/shop\/talleres-de-fin-de-semana\/59-taller-de-fotografia-en-monegros-ruta-circular.html\" target=\"_blank\">Taller de Fotograf\u00eda Monegros Extremo<\/a><\/strong>, para el mes de <strong>Agosto<\/strong> (<strong>d\u00edas 18 y 19<\/strong>) con la intenci\u00f3n de no dejar a nadie sin la oportunidad de vivir bajo las estrellas, el horizonte monegrino y su paisaje caprichoso. Una cita altamente recomendada&#8230;!!!<\/p>\n<p style=\"text-align: justify;\"><a href=\"http:\/\/youtu.be\/xbv3K21T5iI\" target=\"_blank\">V\u00eddeos<\/a> de la zona<\/p>\n","protected":false},"excerpt":{"rendered":"<p>Todos los a\u00f1os cuando llegan estas fechas, el verano, hay una actividad que sorprende gratamente a quien la realiza. Se trata de descubrir en una ruta circular, lo m\u00e1s perdido, bello y \u00e1rido de la Comarca de los Monegros. Un paisaje lleno de formas, de horizontes y colores que a &#8230;<\/p>\n","protected":false},"author":1,"featured_media":3649,"comment_status":"open","ping_status":"closed","sticky":false,"template":"","format":"standard","meta":{"footnotes":""},"categories":[159,7,36,356,23,11],"tags":[1382,1380,895,1381,385,100],"class_list":["post-4016","post","type-post","status-publish","format-standard","has-post-thumbnail","hentry","category-destinos","category-experiencias","category-fotografia","category-novedades","category-promocion","category-httpwwwlabatiruralcomwordpress","tag-curso-fotografia-aragon","tag-curso-fotografia-verano","tag-cursos-fotografia-agosto","tag-cursos-fotografia-monegros","tag-fotografia-en-monegros","tag-monegros","column","threecol","has-thumbnail"],"_links":{"self":[{"href":"https:\/\/www.chavinandez.com\/blog\/wp-json\/wp\/v2\/posts\/4016","targetHints":{"allow":["GET"]}}],"collection":[{"href":"https:\/\/www.chavinandez.com\/blog\/wp-json\/wp\/v2\/posts"}],"about":[{"href":"https:\/\/www.chavinandez.com\/blog\/wp-json\/wp\/v2\/types\/post"}],"author":[{"embeddable":true,"href":"https:\/\/www.chavinandez.com\/blog\/wp-json\/wp\/v2\/users\/1"}],"replies":[{"embeddable":true,"href":"https:\/\/www.chavinandez.com\/blog\/wp-json\/wp\/v2\/comments?post=4016"}],"version-history":[{"count":8,"href":"https:\/\/www.chavinandez.com\/blog\/wp-json\/wp\/v2\/posts\/4016\/revisions"}],"predecessor-version":[{"id":4018,"href":"https:\/\/www.chavinandez.com\/blog\/wp-json\/wp\/v2\/posts\/4016\/revisions\/4018"}],"wp:featuredmedia":[{"embeddable":true,"href":"https:\/\/www.chavinandez.com\/blog\/wp-json\/wp\/v2\/media\/3649"}],"wp:attachment":[{"href":"https:\/\/www.chavinandez.com\/blog\/wp-json\/wp\/v2\/media?parent=4016"}],"wp:term":[{"taxonomy":"category","embeddable":true,"href":"https:\/\/www.chavinandez.com\/blog\/wp-json\/wp\/v2\/categories?post=4016"},{"taxonomy":"post_tag","embeddable":true,"href":"https:\/\/www.chavinandez.com\/blog\/wp-json\/wp\/v2\/tags?post=4016"}],"curies":[{"name":"wp","href":"https:\/\/api.w.org\/{rel}","templated":true}]}}