{"id":3928,"date":"2012-03-29T14:26:02","date_gmt":"2012-03-29T13:26:02","guid":{"rendered":"http:\/\/www.chavinandez.com\/blog\/?p=3928"},"modified":"2013-01-05T01:51:35","modified_gmt":"2013-01-05T00:51:35","slug":"fotografia-de-viajes-en-valencia","status":"publish","type":"post","link":"https:\/\/www.chavinandez.com\/blog\/fotografia-de-viajes-en-valencia\/","title":{"rendered":"Fotograf\u00eda de viajes en Valencia"},"content":{"rendered":"<p><a href=\"https:\/\/www.chavinandez.com\/blog\/wp-content\/uploads\/2012\/03\/cartelTallerFotoViajes.jpg\"><img loading=\"lazy\" decoding=\"async\" class=\"alignnone  wp-image-3929\" title=\"cartelTallerFotoViajes\" src=\"https:\/\/www.chavinandez.com\/blog\/wp-content\/uploads\/2012\/03\/cartelTallerFotoViajes-909x1024.jpg\" alt=\"\" width=\"502\" height=\"565\" srcset=\"https:\/\/www.chavinandez.com\/blog\/wp-content\/uploads\/2012\/03\/cartelTallerFotoViajes-909x1024.jpg 909w, https:\/\/www.chavinandez.com\/blog\/wp-content\/uploads\/2012\/03\/cartelTallerFotoViajes-133x150.jpg 133w, https:\/\/www.chavinandez.com\/blog\/wp-content\/uploads\/2012\/03\/cartelTallerFotoViajes-266x300.jpg 266w, https:\/\/www.chavinandez.com\/blog\/wp-content\/uploads\/2012\/03\/cartelTallerFotoViajes.jpg 942w\" sizes=\"auto, (max-width: 502px) 100vw, 502px\" \/><\/a><\/p>\n<p>Disponibles las fechas del Taller monogr\u00e1fico de fotograf\u00eda de viajes en Valencia. M\u00e1s info <a href=\"http:\/\/www.facebook.com\/events\/184056241714329\/184078468378773\/?notif_t=like\" target=\"_blank\">aqu\u00ed<\/a>.<\/p>\n","protected":false},"excerpt":{"rendered":"<p>Disponibles las fechas del Taller monogr\u00e1fico de fotograf\u00eda de viajes en Valencia. M\u00e1s info aqu\u00ed.<\/p>\n","protected":false},"author":1,"featured_media":3929,"comment_status":"open","ping_status":"closed","sticky":false,"template":"","format":"standard","meta":{"footnotes":""},"categories":[7,36,356,37,5],"tags":[1344,1342,1341,186,1343,1340],"class_list":["post-3928","post","type-post","status-publish","format-standard","has-post-thumbnail","hentry","category-experiencias","category-fotografia","category-novedades","category-talleres","category-web-20","tag-curso-foto-valencia","tag-curso-fotografia-de-stock","tag-cursos-fotografia-de-viajes","tag-fotografia-de-stock","tag-taller-fotografia-mayo","tag-taller-fotografia-valencia","column","threecol","has-thumbnail"],"_links":{"self":[{"href":"https:\/\/www.chavinandez.com\/blog\/wp-json\/wp\/v2\/posts\/3928","targetHints":{"allow":["GET"]}}],"collection":[{"href":"https:\/\/www.chavinandez.com\/blog\/wp-json\/wp\/v2\/posts"}],"about":[{"href":"https:\/\/www.chavinandez.com\/blog\/wp-json\/wp\/v2\/types\/post"}],"author":[{"embeddable":true,"href":"https:\/\/www.chavinandez.com\/blog\/wp-json\/wp\/v2\/users\/1"}],"replies":[{"embeddable":true,"href":"https:\/\/www.chavinandez.com\/blog\/wp-json\/wp\/v2\/comments?post=3928"}],"version-history":[{"count":2,"href":"https:\/\/www.chavinandez.com\/blog\/wp-json\/wp\/v2\/posts\/3928\/revisions"}],"predecessor-version":[{"id":4371,"href":"https:\/\/www.chavinandez.com\/blog\/wp-json\/wp\/v2\/posts\/3928\/revisions\/4371"}],"wp:featuredmedia":[{"embeddable":true,"href":"https:\/\/www.chavinandez.com\/blog\/wp-json\/wp\/v2\/media\/3929"}],"wp:attachment":[{"href":"https:\/\/www.chavinandez.com\/blog\/wp-json\/wp\/v2\/media?parent=3928"}],"wp:term":[{"taxonomy":"category","embeddable":true,"href":"https:\/\/www.chavinandez.com\/blog\/wp-json\/wp\/v2\/categories?post=3928"},{"taxonomy":"post_tag","embeddable":true,"href":"https:\/\/www.chavinandez.com\/blog\/wp-json\/wp\/v2\/tags?post=3928"}],"curies":[{"name":"wp","href":"https:\/\/api.w.org\/{rel}","templated":true}]}}