{"id":3872,"date":"2012-03-15T11:02:28","date_gmt":"2012-03-15T10:02:28","guid":{"rendered":"http:\/\/www.chavinandez.com\/blog\/?p=3872"},"modified":"2013-01-05T11:45:07","modified_gmt":"2013-01-05T10:45:07","slug":"loarre-nos-espera-desde-lo-mas-alto","status":"publish","type":"post","link":"https:\/\/www.chavinandez.com\/blog\/loarre-nos-espera-desde-lo-mas-alto\/","title":{"rendered":"Loarre, nos espera desde lo m\u00e1s alto"},"content":{"rendered":"<p><a href=\"https:\/\/www.chavinandez.com\/blog\/wp-content\/uploads\/2012\/03\/Mallos-Loarre.jpg\"><img loading=\"lazy\" decoding=\"async\" class=\"alignnone  wp-image-3873\" title=\"Mallos-Loarre\" alt=\"\" src=\"https:\/\/www.chavinandez.com\/blog\/wp-content\/uploads\/2012\/03\/Mallos-Loarre.jpg\" width=\"500\" height=\"338\" srcset=\"https:\/\/www.chavinandez.com\/blog\/wp-content\/uploads\/2012\/03\/Mallos-Loarre.jpg 700w, https:\/\/www.chavinandez.com\/blog\/wp-content\/uploads\/2012\/03\/Mallos-Loarre-200x134.jpg 200w, https:\/\/www.chavinandez.com\/blog\/wp-content\/uploads\/2012\/03\/Mallos-Loarre-444x300.jpg 444w\" sizes=\"auto, (max-width: 500px) 100vw, 500px\" \/><\/a><\/p>\n<p style=\"text-align: justify;\">Desde hace tiempo, muchos de los asistentes y clientes a talleres de fotograf\u00eda con <a href=\"http:\/\/www.photolocus.net\/shop\/talleres-de-fin-de-semana\/122-taller-fotografia-en-riglos.html\" target=\"_blank\">Photolocus.net<\/a> , con los que tengo la suerte de compartir casi una veintena de talleres de fin de semana al a\u00f1o, me ped\u00edan conocer, visitar y realizar una actividad fotogr\u00e1fica en uno de esos lugares m\u00e1gicos, que tenemos en Arag\u00f3n y que han servido de escenario para grandes producciones, cinematogr\u00e1ficas como &#8220;El Reino de los Cielos, dirigida por\u00a0<strong>Ridley Scott<\/strong>. Por eso este pr\u00f3ximo fin de semana del <a href=\"http:\/\/www.photolocus.net\/shop\/talleres-de-fin-de-semana\/122-taller-fotografia-en-riglos.html\" target=\"_blank\">24 y 25 de Marzo<\/a>, con campo base en la localidad de Ayerbe, nos damos cita en la zona, para descubrir tanto desde el mirador de los buitres de los Mallos de Riglos, como desde lo alto del Castillo de Loarre, alguno de los secretos de la fotograf\u00eda de paisajes y naturaleza en una actividad, para la que, con el cielo por testigo, intentaremos capturar lo mejor de las luces en el patrimonio natural y cultural de esta bella zona de Huesca. Para los m\u00e1s rezagados, o los que quieran sorprender con un estupendo regalo para el d\u00eda del padre, a\u00fan quedan las tres \u00faltimas plazas disponibles. ( M\u00e1s info <a href=\"http:\/\/www.photolocus.net\/shop\/talleres-de-fin-de-semana\/122-taller-fotografia-en-riglos.html\" target=\"_blank\">aqu\u00ed<\/a> )<\/p>\n","protected":false},"excerpt":{"rendered":"<p>Desde hace tiempo, muchos de los asistentes y clientes a talleres de fotograf\u00eda con Photolocus.net , con los que tengo la suerte de compartir casi una veintena de talleres de fin de semana al a\u00f1o, me ped\u00edan conocer, visitar y realizar una actividad fotogr\u00e1fica en uno de esos lugares m\u00e1gicos, &#8230;<\/p>\n","protected":false},"author":1,"featured_media":3873,"comment_status":"open","ping_status":"closed","sticky":false,"template":"","format":"standard","meta":{"footnotes":""},"categories":[159,7,36,23,37,11],"tags":[192,48,229,65,1335,184,2115,38,191,18,72,153,112,60,1333,63,1334,155,407,67,208,59],"class_list":["post-3872","post","type-post","status-publish","format-standard","has-post-thumbnail","hentry","category-destinos","category-experiencias","category-fotografia","category-promocion","category-talleres","category-httpwwwlabatiruralcomwordpress","tag-aprender-fotografia","tag-aprendiendo-fotografia","tag-aragon","tag-composicion-fotografica","tag-curso-de-fotografia-huesca","tag-cursos-de-fotografia","tag-destinos","tag-escapadas","tag-escapadas-de-fotografia","tag-etnografia","tag-fotografia-de-naturaleza","tag-fotografia-de-paisaje","tag-fotografia-de-paisajes","tag-fotografia-de-viajes","tag-fotografia-en-los-mallos","tag-fotografia-practica","tag-fotografiar-loarre","tag-loarre","tag-photolocus","tag-pirineos","tag-spain-photography","tag-talleres-de-fotografia","column","threecol","has-thumbnail"],"_links":{"self":[{"href":"https:\/\/www.chavinandez.com\/blog\/wp-json\/wp\/v2\/posts\/3872","targetHints":{"allow":["GET"]}}],"collection":[{"href":"https:\/\/www.chavinandez.com\/blog\/wp-json\/wp\/v2\/posts"}],"about":[{"href":"https:\/\/www.chavinandez.com\/blog\/wp-json\/wp\/v2\/types\/post"}],"author":[{"embeddable":true,"href":"https:\/\/www.chavinandez.com\/blog\/wp-json\/wp\/v2\/users\/1"}],"replies":[{"embeddable":true,"href":"https:\/\/www.chavinandez.com\/blog\/wp-json\/wp\/v2\/comments?post=3872"}],"version-history":[{"count":11,"href":"https:\/\/www.chavinandez.com\/blog\/wp-json\/wp\/v2\/posts\/3872\/revisions"}],"predecessor-version":[{"id":3880,"href":"https:\/\/www.chavinandez.com\/blog\/wp-json\/wp\/v2\/posts\/3872\/revisions\/3880"}],"wp:featuredmedia":[{"embeddable":true,"href":"https:\/\/www.chavinandez.com\/blog\/wp-json\/wp\/v2\/media\/3873"}],"wp:attachment":[{"href":"https:\/\/www.chavinandez.com\/blog\/wp-json\/wp\/v2\/media?parent=3872"}],"wp:term":[{"taxonomy":"category","embeddable":true,"href":"https:\/\/www.chavinandez.com\/blog\/wp-json\/wp\/v2\/categories?post=3872"},{"taxonomy":"post_tag","embeddable":true,"href":"https:\/\/www.chavinandez.com\/blog\/wp-json\/wp\/v2\/tags?post=3872"}],"curies":[{"name":"wp","href":"https:\/\/api.w.org\/{rel}","templated":true}]}}