{"id":3794,"date":"2012-02-14T18:50:59","date_gmt":"2012-02-14T17:50:59","guid":{"rendered":"http:\/\/www.chavinandez.com\/blog\/?p=3794"},"modified":"2013-01-05T12:31:41","modified_gmt":"2013-01-05T11:31:41","slug":"arranca-fima-2012-con-mas-de-un-millar-de-expositores","status":"publish","type":"post","link":"https:\/\/www.chavinandez.com\/blog\/arranca-fima-2012-con-mas-de-un-millar-de-expositores\/","title":{"rendered":"Arranca FIMA 2012, con m\u00e1s de un millar de expositores"},"content":{"rendered":"<p style=\"text-align: justify;\"><a href=\"http:\/\/chavinandez.photoshelter.com\/gallery\/FIMA-2012\/G00003Nj.BDm_HKU\"><img loading=\"lazy\" decoding=\"async\" class=\"alignnone size-full wp-image-3795\" title=\"International Agricultural Machinery show 37th edition. Saragossa, Spain\" alt=\"\" src=\"https:\/\/www.chavinandez.com\/blog\/wp-content\/uploads\/2012\/02\/FIMA-2012-40.jpg\" width=\"500\" height=\"331\" srcset=\"https:\/\/www.chavinandez.com\/blog\/wp-content\/uploads\/2012\/02\/FIMA-2012-40.jpg 500w, https:\/\/www.chavinandez.com\/blog\/wp-content\/uploads\/2012\/02\/FIMA-2012-40-200x132.jpg 200w, https:\/\/www.chavinandez.com\/blog\/wp-content\/uploads\/2012\/02\/FIMA-2012-40-453x300.jpg 453w\" sizes=\"auto, (max-width: 500px) 100vw, 500px\" \/><\/a><\/p>\n<p style=\"text-align: justify;\">Arranca uno de los eventos de referencia en el sector de la maquinaria agr\u00edcola a nivel internacional que de manera bianual se celebran en la Feria de Muestras de Zaragoza,\u00a0 FIMA 2012, <strong>37 Edici\u00f3n de la Feria Internacional de Maquinaria Agr\u00edcola<\/strong>, que ha tenido esta misma ma\u00f1ana su inauguraci\u00f3n oficial por parte de la Presidenta del Gobierno Aragon\u00e9s, Luisa Fernanda Rudi.<\/p>\n<p style=\"text-align: justify;\">Con un r\u00e9cord de <strong>1.187 firmas<\/strong> entre las que destaca casi un sesenta por ciento extranjeras, es decir <strong>702 expositores<\/strong>, de una treintena de pa\u00edses, la feria muestra este a\u00f1o durante cinco d\u00edas, del 14 hasta el 18 de febrero, las \u00faltimas novedades en maquinaria agr\u00edcola as\u00ed como la oferta actual en fitosanitarios, componentes e industria auxiliar. No cabe duda, que la presencia de dicho certamen al que se unen diferentes actividades y congresos paralelos durante estos d\u00edas, significan para la provincia de Zaragoza, un empuje importante a la actual situaci\u00f3n que vive tanto el sector directamente relacionado como el de la hosteler\u00eda y servicios, que durante estos d\u00edas registran un ocupaci\u00f3n importante.<\/p>\n<p style=\"text-align: justify;\"><a href=\"http:\/\/chavinandez.photoshelter.com\/gallery\/FIMA-2012\/G00003Nj.BDm_HKU\" target=\"_blank\">Ver m\u00e1s im\u00e1genes de este primer d\u00eda<\/a> ( 14 de febrero de 2012 )<\/p>\n","protected":false},"excerpt":{"rendered":"<p>Arranca uno de los eventos de referencia en el sector de la maquinaria agr\u00edcola a nivel internacional que de manera bianual se celebran en la Feria de Muestras de Zaragoza,\u00a0 FIMA 2012, 37 Edici\u00f3n de la Feria Internacional de Maquinaria Agr\u00edcola, que ha tenido esta misma ma\u00f1ana su inauguraci\u00f3n oficial &#8230;<\/p>\n","protected":false},"author":1,"featured_media":3795,"comment_status":"open","ping_status":"closed","sticky":false,"template":"","format":"standard","meta":{"footnotes":""},"categories":[7,305,356,23,223,11],"tags":[1288,1290,1291,1289,816,1117,1286,1284,1285,1287,1293,1294,180,1292],"class_list":["post-3794","post","type-post","status-publish","format-standard","has-post-thumbnail","hentry","category-experiencias","category-exposiciones","category-novedades","category-promocion","category-reportajes","category-httpwwwlabatiruralcomwordpress","tag-agricultural-machinery","tag-agriculture-exhibition","tag-agriculture-fair","tag-agriculture-show","tag-agriculture-stock-gallery","tag-feria-de-zaragoza","tag-feria-internacional-agricola","tag-fima-2012","tag-fima-en-imagenes","tag-rudi-en-la-fima","tag-saragossa-fair","tag-spain-agriculture","tag-zaragoza","tag-zaragoza-fair","column","threecol","has-thumbnail"],"_links":{"self":[{"href":"https:\/\/www.chavinandez.com\/blog\/wp-json\/wp\/v2\/posts\/3794","targetHints":{"allow":["GET"]}}],"collection":[{"href":"https:\/\/www.chavinandez.com\/blog\/wp-json\/wp\/v2\/posts"}],"about":[{"href":"https:\/\/www.chavinandez.com\/blog\/wp-json\/wp\/v2\/types\/post"}],"author":[{"embeddable":true,"href":"https:\/\/www.chavinandez.com\/blog\/wp-json\/wp\/v2\/users\/1"}],"replies":[{"embeddable":true,"href":"https:\/\/www.chavinandez.com\/blog\/wp-json\/wp\/v2\/comments?post=3794"}],"version-history":[{"count":9,"href":"https:\/\/www.chavinandez.com\/blog\/wp-json\/wp\/v2\/posts\/3794\/revisions"}],"predecessor-version":[{"id":4401,"href":"https:\/\/www.chavinandez.com\/blog\/wp-json\/wp\/v2\/posts\/3794\/revisions\/4401"}],"wp:featuredmedia":[{"embeddable":true,"href":"https:\/\/www.chavinandez.com\/blog\/wp-json\/wp\/v2\/media\/3795"}],"wp:attachment":[{"href":"https:\/\/www.chavinandez.com\/blog\/wp-json\/wp\/v2\/media?parent=3794"}],"wp:term":[{"taxonomy":"category","embeddable":true,"href":"https:\/\/www.chavinandez.com\/blog\/wp-json\/wp\/v2\/categories?post=3794"},{"taxonomy":"post_tag","embeddable":true,"href":"https:\/\/www.chavinandez.com\/blog\/wp-json\/wp\/v2\/tags?post=3794"}],"curies":[{"name":"wp","href":"https:\/\/api.w.org\/{rel}","templated":true}]}}