{"id":3711,"date":"2012-01-12T14:13:12","date_gmt":"2012-01-12T12:13:12","guid":{"rendered":"http:\/\/www.chavinandez.com\/blog\/?p=3711"},"modified":"2013-05-27T22:02:23","modified_gmt":"2013-05-27T21:02:23","slug":"ultimos-trabajos-enero-2012","status":"publish","type":"post","link":"https:\/\/www.chavinandez.com\/blog\/ultimos-trabajos-enero-2012\/","title":{"rendered":"\u00daltimos trabajos enero 2012"},"content":{"rendered":"<p><a href=\"http:\/\/www.anayatouring.com\/Guias\/guia-del-turismo-del-vino-en-espana-2012\/\" target=\"_blank\"><img loading=\"lazy\" decoding=\"async\" class=\"alignleft size-full wp-image-3712\" style=\"margin: 20px;\" title=\"to00096709_tur_vino1\" alt=\"\" src=\"https:\/\/www.chavinandez.com\/blog\/wp-content\/uploads\/2012\/01\/to00096709_tur_vino1.jpg\" width=\"200\" height=\"322\" srcset=\"https:\/\/www.chavinandez.com\/blog\/wp-content\/uploads\/2012\/01\/to00096709_tur_vino1.jpg 200w, https:\/\/www.chavinandez.com\/blog\/wp-content\/uploads\/2012\/01\/to00096709_tur_vino1-93x150.jpg 93w, https:\/\/www.chavinandez.com\/blog\/wp-content\/uploads\/2012\/01\/to00096709_tur_vino1-186x300.jpg 186w\" sizes=\"auto, (max-width: 200px) 100vw, 200px\" \/><\/a><\/p>\n<p>Fotograf\u00eda de portada<\/p>\n<h3 class=\"mb10\">Gu\u00eda del Turismo del Vino en Espa\u00f1a \u2013 2012<\/h3>\n<p><strong>Autor:<\/strong> Arjona Molina, Rafael; Medina Ba\u00f1\u00f3n, Ignacio; G\u00f3mez, Ignacio; Hern\u00e1ndez Bueno, Mario; Izquierdo, Pascual; Mart\u00ednez i Edo, Xavier; Ray\u00f3 Ferrer, Miquel; Vidal Pla, Jordi; Pombo Rodr\u00edguez, Ant\u00f3n; Bofil, Lluis; Barbacil, Juan; Mu\u00f1oz, Francisco Javier; Ribes, Francesc<\/p>\n<p><strong>Colecci\u00f3n:<\/strong> <a href=\"http:\/\/www.anayatouring.com\/novedades\/\" target=\"_blank\">Gu\u00edas Touring<\/a><\/p>\n<p><strong>Encuadernaci\u00f3n:<\/strong> Cartonado<\/p>\n<p><strong>N\u00ba P\u00e1ginas:<\/strong> 848<\/p>\n<p><strong>ISBN:<\/strong> 978-84-9935-254-1<\/p>\n<p><strong>C\u00f3digo comercial:<\/strong> 526030<\/p>\n<p><strong>PVP:<\/strong> 24.90 \u20ac<\/p>\n<p>&#8212;&#8212;&#8212;&#8212;&#8212;&#8212;&#8212;&#8212;&#8212;&#8212;&#8212;&#8212;&#8212;&#8212;&#8212;&#8212;&#8212;&#8212;&#8211;<\/p>\n<p><a href=\"http:\/\/desnivel.com\/revistas\/grandes-espacios\/grandes-espacios-n173-especial-desiertos-de-espana\" target=\"_blank\"><img loading=\"lazy\" decoding=\"async\" class=\"size-medium wp-image-3669 alignleft\" style=\"margin: 20px;\" title=\"portada-ge-173\" alt=\"\" src=\"https:\/\/www.chavinandez.com\/blog\/wp-content\/uploads\/2012\/01\/portada-ge-173-213x300.jpg\" width=\"202\" height=\"278\" \/><\/a><\/p>\n<p>Fotograf\u00edas interior Reportaje <strong>Bardenas Reales<\/strong><\/p>\n<h3>Grandes Espacios- <a href=\"http:\/\/desnivel.com\/revistas\/grandes-espacios\/grandes-espacios-n173-especial-desiertos-de-espana\">Ed Desnivel<\/a><\/h3>\n<h1>n\u00ba173<\/h1>\n<h3>Enero 2012<\/h3>\n<p>Especial desiertos de Espa\u00f1a invierno al sol, con reportajes y rutas por los desiertos de Tabernas, Cabo de Gata, Bardenas, Monegros y la Siberia extreme\u00f1a. En material, gafas de sol y la revista Outdoor n\u00ba51.<\/p>\n<p><strong>Bardenas Reales<\/strong>. Desierto de colores<\/p>\n<p>Aunque a una escala mucho m\u00e1s modesta, Bardenas Reales podr\u00eda ser lo m\u00e1s cercano al Monument Valley en Europa. Vistas desde el cielo, las Bardenas aparecen como una gran mancha blanca encajada entre las sierras prepirenaicas occidentales y los vergeles agr\u00edcolas que rodean al r\u00edo Ebro. Las Bardenas Reales componen un paisaje semides\u00e9rtico con una flora y fauna propia del desierto africano\u2026 \u00a1A un tiro de piedra del Pirineo navarro!<\/p>\n","protected":false},"excerpt":{"rendered":"<p>Fotograf\u00eda de portada Gu\u00eda del Turismo del Vino en Espa\u00f1a \u2013 2012 Autor: Arjona Molina, Rafael; Medina Ba\u00f1\u00f3n, Ignacio; G\u00f3mez, Ignacio; Hern\u00e1ndez Bueno, Mario; Izquierdo, Pascual; Mart\u00ednez i Edo, Xavier; Ray\u00f3 Ferrer, Miquel; Vidal Pla, Jordi; Pombo Rodr\u00edguez, Ant\u00f3n; Bofil, Lluis; Barbacil, Juan; Mu\u00f1oz, Francisco Javier; Ribes, Francesc Colecci\u00f3n: Gu\u00edas &#8230;<\/p>\n","protected":false},"author":1,"featured_media":3712,"comment_status":"open","ping_status":"closed","sticky":false,"template":"","format":"standard","meta":{"footnotes":""},"categories":[46,356,23,11],"tags":[1247,1108,1249,1246,203,989,1248,797],"class_list":["post-3711","post","type-post","status-publish","format-standard","has-post-thumbnail","hentry","category-libros","category-novedades","category-promocion","category-httpwwwlabatiruralcomwordpress","tag-anaya","tag-editorial","tag-espana","tag-foto-portada","tag-fotoreportaje","tag-gastronomia","tag-guias-de-viaje","tag-la-rioja","column","threecol","has-thumbnail"],"_links":{"self":[{"href":"https:\/\/www.chavinandez.com\/blog\/wp-json\/wp\/v2\/posts\/3711","targetHints":{"allow":["GET"]}}],"collection":[{"href":"https:\/\/www.chavinandez.com\/blog\/wp-json\/wp\/v2\/posts"}],"about":[{"href":"https:\/\/www.chavinandez.com\/blog\/wp-json\/wp\/v2\/types\/post"}],"author":[{"embeddable":true,"href":"https:\/\/www.chavinandez.com\/blog\/wp-json\/wp\/v2\/users\/1"}],"replies":[{"embeddable":true,"href":"https:\/\/www.chavinandez.com\/blog\/wp-json\/wp\/v2\/comments?post=3711"}],"version-history":[{"count":8,"href":"https:\/\/www.chavinandez.com\/blog\/wp-json\/wp\/v2\/posts\/3711\/revisions"}],"predecessor-version":[{"id":4794,"href":"https:\/\/www.chavinandez.com\/blog\/wp-json\/wp\/v2\/posts\/3711\/revisions\/4794"}],"wp:featuredmedia":[{"embeddable":true,"href":"https:\/\/www.chavinandez.com\/blog\/wp-json\/wp\/v2\/media\/3712"}],"wp:attachment":[{"href":"https:\/\/www.chavinandez.com\/blog\/wp-json\/wp\/v2\/media?parent=3711"}],"wp:term":[{"taxonomy":"category","embeddable":true,"href":"https:\/\/www.chavinandez.com\/blog\/wp-json\/wp\/v2\/categories?post=3711"},{"taxonomy":"post_tag","embeddable":true,"href":"https:\/\/www.chavinandez.com\/blog\/wp-json\/wp\/v2\/tags?post=3711"}],"curies":[{"name":"wp","href":"https:\/\/api.w.org\/{rel}","templated":true}]}}